{"id":67072,"date":"2024-02-14T11:00:51","date_gmt":"2024-02-14T10:00:51","guid":{"rendered":"https:\/\/miradordeatarfe.es\/?p=67072"},"modified":"2024-02-14T11:03:35","modified_gmt":"2024-02-14T10:03:35","slug":"67072","status":"publish","type":"post","link":"https:\/\/miradordeatarfe.es\/?p=67072","title":{"rendered":"ATARFE: BLANCA RIVERA ARANDA AMADRINA UN AULA"},"content":{"rendered":"<h3 style=\"text-align: justify;\">Cuando abr\u00ed el libro de ciencias sociales y vi una foto de una se\u00f1orita vestida con bata blanca y un\u00a0 fonendo en la mano, dije esta quiero ser yo.Yo ten\u00eda\u00a0claro que quer\u00eda\u00a0ser enfermera, se llama vocaci\u00f3n,\u00a0<\/h3>\n<p style=\"text-align: justify;\"><strong>1.- \u00bf Que centro has amadrinado?<\/strong><\/p>\n<p style=\"text-align: justify;\">He amadrinado con mucho gusto al centro en que me crie de peque\u00f1a. El CEIP DR. JIM\u00c9NEZ RUEDA<\/p>\n<h3 style=\"text-align: justify;\"><strong>2.- Y t\u00fa \u00bf qui\u00e9n eres?\u00bf Nos ayudas a conocerte mejor?<\/strong><\/h3>\n<p style=\"text-align: justify;\">Hola, soy Blanca Rivera y soy enfermera en el hospital de Neurotraumatol\u00f3gico\u00a0de Granada. He apadrinado a las clases de 5\u00ba de primaria del colegio Dr. Jimenez Rueda,en Atarfe. Colegio en el que estudie\u00a0y adem\u00e1s tambi\u00e9n han estudiado mi marido y mis hijos.<\/p>\n<div style=\"text-align: justify;\">Nac\u00ed en Atarfe, de padres atarfe\u00f1os, Manuel Rivera el carpintero y Carmelina Rebertos. Mis abuelos tambi\u00e9n vivieron en Atarfe, Antonio panaero, la ni\u00f1a Rebertos, Miguelico el ciego y Dolores (que era sevillana de casta a pesar de llevar 50 a\u00f1os en Atarfe).<\/div>\n<h3 style=\"text-align: justify;\"><a href=\"https:\/\/i0.wp.com\/miradordeatarfe.es\/wp-content\/uploads\/2024\/02\/blanca0.jpg?ssl=1\"><img data-recalc-dims=\"1\" loading=\"lazy\" decoding=\"async\" class=\"alignnone wp-image-67155 size-full\" src=\"https:\/\/i0.wp.com\/miradordeatarfe.es\/wp-content\/uploads\/2024\/02\/blanca0.jpg?resize=640%2C480&#038;ssl=1\" alt=\"\" width=\"640\" height=\"480\" srcset=\"https:\/\/i0.wp.com\/miradordeatarfe.es\/wp-content\/uploads\/2024\/02\/blanca0.jpg?w=2048&amp;ssl=1 2048w, https:\/\/i0.wp.com\/miradordeatarfe.es\/wp-content\/uploads\/2024\/02\/blanca0.jpg?resize=300%2C225&amp;ssl=1 300w, https:\/\/i0.wp.com\/miradordeatarfe.es\/wp-content\/uploads\/2024\/02\/blanca0.jpg?resize=1024%2C768&amp;ssl=1 1024w, https:\/\/i0.wp.com\/miradordeatarfe.es\/wp-content\/uploads\/2024\/02\/blanca0.jpg?resize=768%2C576&amp;ssl=1 768w, https:\/\/i0.wp.com\/miradordeatarfe.es\/wp-content\/uploads\/2024\/02\/blanca0.jpg?resize=1536%2C1152&amp;ssl=1 1536w, https:\/\/i0.wp.com\/miradordeatarfe.es\/wp-content\/uploads\/2024\/02\/blanca0.jpg?resize=1320%2C990&amp;ssl=1 1320w, https:\/\/i0.wp.com\/miradordeatarfe.es\/wp-content\/uploads\/2024\/02\/blanca0.jpg?w=1920&amp;ssl=1 1920w\" sizes=\"auto, (max-width: 640px) 100vw, 640px\" \/><\/a><\/h3>\n<h3 style=\"text-align: justify;\">3.-\u00bfQu\u00e9 estudios has realizado?\u00a0<\/h3>\n<div style=\"text-align: justify;\">En Atarfe estudi\u00e9 EGB (Colegio Dr Jimenez Rueda), BUP y COU (Instituto Iliberis) y compaginaba mis estudios con el baile flamenco, primero en un grupo municipal y m\u00e1s tarde en la academia\u00a0de Isa Marin. En Granada, en el instituto Ram\u00f3n y Cajal estudie un T\u00e9cnico\u00a0Superior en Higiene dental cuya nota me sirvi\u00f3 para entrar en la carrera que hab\u00eda\u00a0so\u00f1ado desde ni\u00f1a Diplomatura de Enfermer\u00eda\u00a0por la Escuela Universitaria de Virgen de las Nieves (Entonces hab\u00eda\u00a0dos escuelas de enfermer\u00eda\u00a0en Granada, la otra en el hospital San Cecilio). De todas las etapas escolares guardo buena relaci\u00f3n con los amigos\u00a0que fui encontr\u00e1ndome\u00a0en mi camino (ahora con las redes sociales se facilita mucho este contacto).<\/div>\n<h3 style=\"text-align: justify;\">4.-Muchas mujeres tienen problemas para llegar a cumplir sus metas. <br \/>\n\u00bfTe consideras Feminista?,\u00a0 \u00bfes f\u00e1cil para una mujer meterse en el campo de la ciencia?<\/h3>\n<div style=\"text-align: justify;\">En cuanto al feminismo, m\u00e1s que considerarme\u00a0feminista lo que pienso es que todos los seres humanos somos iguales y por ello debemos tener los mismos derechos y deberes y no estar ninguno por encima del otro por ser hombre o mujer.\u00a0<\/div>\n<div style=\"text-align: justify;\">En este siglo XXI las mujeres hemos conseguido igualarnos en muchas etapas de la vida a los\u00a0hombres, siempre con esfuerzo y tes\u00f3n. Las carreras sanitarias (como la que he elegido yo, la enfermer\u00eda) son mayoritariamente femeninas.<\/div>\n<div style=\"text-align: justify;\">\u00a0<\/div>\n<div style=\"text-align: justify;\">La enfermer\u00eda tiene varias ramas, una de ellas es la investigaci\u00f3n, a la que podemos acceder m\u00e1s f\u00e1cilmente por ser mayor el n\u00famero de profesionales femeninas, adem\u00e1s tambi\u00e9n llegamos a altos cargos (subdirecci\u00f3n o direcci\u00f3n de enfermer\u00eda, supervisi\u00f3n de servicios, jefes de bloque&#8230;).<\/div>\n<div style=\"text-align: justify;\"><a href=\"https:\/\/i0.wp.com\/miradordeatarfe.es\/wp-content\/uploads\/2024\/02\/blanca-5.jpg?ssl=1\"><img data-recalc-dims=\"1\" loading=\"lazy\" decoding=\"async\" class=\"alignnone wp-image-67157 size-full\" src=\"https:\/\/i0.wp.com\/miradordeatarfe.es\/wp-content\/uploads\/2024\/02\/blanca-5.jpg?resize=640%2C480&#038;ssl=1\" alt=\"\" width=\"640\" height=\"480\" srcset=\"https:\/\/i0.wp.com\/miradordeatarfe.es\/wp-content\/uploads\/2024\/02\/blanca-5.jpg?w=2048&amp;ssl=1 2048w, https:\/\/i0.wp.com\/miradordeatarfe.es\/wp-content\/uploads\/2024\/02\/blanca-5.jpg?resize=300%2C225&amp;ssl=1 300w, https:\/\/i0.wp.com\/miradordeatarfe.es\/wp-content\/uploads\/2024\/02\/blanca-5.jpg?resize=1024%2C768&amp;ssl=1 1024w, https:\/\/i0.wp.com\/miradordeatarfe.es\/wp-content\/uploads\/2024\/02\/blanca-5.jpg?resize=768%2C576&amp;ssl=1 768w, https:\/\/i0.wp.com\/miradordeatarfe.es\/wp-content\/uploads\/2024\/02\/blanca-5.jpg?resize=1536%2C1152&amp;ssl=1 1536w, https:\/\/i0.wp.com\/miradordeatarfe.es\/wp-content\/uploads\/2024\/02\/blanca-5.jpg?resize=1320%2C990&amp;ssl=1 1320w, https:\/\/i0.wp.com\/miradordeatarfe.es\/wp-content\/uploads\/2024\/02\/blanca-5.jpg?w=1920&amp;ssl=1 1920w\" sizes=\"auto, (max-width: 640px) 100vw, 640px\" \/><\/a><\/div>\n<h3 style=\"text-align: justify;\">5.-\u00bfQu\u00e9 sientes al amadrinar un centro en Atarfe?, \u00bfc\u00f3mo te has sentido en esta experiencia?<\/h3>\n<div style=\"text-align: justify;\">La experiencia de amadrinar un centro ha sido muy positiva, no negar\u00e9\u00a0que iba nerviosa, pero los chicos interactuaron bastante conmigo cont\u00e1ndome\u00a0sus an\u00e9cdotas en centros sanitarios en respuesta a las an\u00e9cdotas\u00a0que yo les contaba.<\/div>\n<div style=\"text-align: justify;\">Adem\u00e1s hicimos un taller de vendajes, yesos y f\u00e9rulas de inmovilizaci\u00f3n de miembros y cuello que les encant\u00f3. Algunas chicas hasta me\u00a0pidieron aut\u00f3grafos y me regalaron notas cari\u00f1osas.<\/div>\n<div style=\"text-align: justify;\">Sin duda repetir\u00eda\u00a0la experiencia.<\/div>\n<div style=\"text-align: justify;\">\u00a0<\/div>\n<div style=\"text-align: justify;\">Un saludo de una atarfe\u00f1a, mujer en la ciencia.<\/div>\n<div class=\"yj6qo ajU\">\n<div id=\":qc\" class=\"ajR\" style=\"text-align: justify;\" tabindex=\"0\" role=\"button\" aria-label=\"Ocultar contenido ampliado\" aria-expanded=\"true\" data-tooltip=\"Ocultar contenido ampliado\"><img data-recalc-dims=\"1\" decoding=\"async\" class=\"ajT\" src=\"https:\/\/i0.wp.com\/ssl.gstatic.com\/ui\/v1\/icons\/mail\/images\/cleardot.gif?w=640&#038;ssl=1\" \/><\/div>\n<div tabindex=\"0\" role=\"button\" aria-label=\"Ocultar contenido ampliado\" aria-expanded=\"true\" data-tooltip=\"Ocultar contenido ampliado\"><a href=\"https:\/\/i0.wp.com\/miradordeatarfe.es\/wp-content\/uploads\/2024\/02\/blanca1.jpg?ssl=1\"><img data-recalc-dims=\"1\" loading=\"lazy\" decoding=\"async\" class=\"alignnone wp-image-67159 size-full\" src=\"https:\/\/i0.wp.com\/miradordeatarfe.es\/wp-content\/uploads\/2024\/02\/blanca1.jpg?resize=640%2C480&#038;ssl=1\" alt=\"\" width=\"640\" height=\"480\" srcset=\"https:\/\/i0.wp.com\/miradordeatarfe.es\/wp-content\/uploads\/2024\/02\/blanca1.jpg?w=2048&amp;ssl=1 2048w, https:\/\/i0.wp.com\/miradordeatarfe.es\/wp-content\/uploads\/2024\/02\/blanca1.jpg?resize=300%2C225&amp;ssl=1 300w, https:\/\/i0.wp.com\/miradordeatarfe.es\/wp-content\/uploads\/2024\/02\/blanca1.jpg?resize=1024%2C768&amp;ssl=1 1024w, https:\/\/i0.wp.com\/miradordeatarfe.es\/wp-content\/uploads\/2024\/02\/blanca1.jpg?resize=768%2C576&amp;ssl=1 768w, https:\/\/i0.wp.com\/miradordeatarfe.es\/wp-content\/uploads\/2024\/02\/blanca1.jpg?resize=1536%2C1152&amp;ssl=1 1536w, https:\/\/i0.wp.com\/miradordeatarfe.es\/wp-content\/uploads\/2024\/02\/blanca1.jpg?resize=1320%2C990&amp;ssl=1 1320w, https:\/\/i0.wp.com\/miradordeatarfe.es\/wp-content\/uploads\/2024\/02\/blanca1.jpg?w=1920&amp;ssl=1 1920w\" sizes=\"auto, (max-width: 640px) 100vw, 640px\" \/><\/a><\/div>\n<\/div>\n","protected":false},"excerpt":{"rendered":"<p>Cuando abr\u00ed el libro de ciencias sociales y vi una foto de una se\u00f1orita vestida&#8230;<\/p>\n","protected":false},"author":1,"featured_media":67156,"comment_status":"closed","ping_status":"closed","sticky":false,"template":"","format":"standard","meta":{"_coblocks_attr":"","_coblocks_dimensions":"","_coblocks_responsive_height":"","_coblocks_accordion_ie_support":"","jetpack_post_was_ever_published":false,"_jetpack_newsletter_access":"","_jetpack_dont_email_post_to_subs":false,"_jetpack_newsletter_tier_id":0,"_jetpack_memberships_contains_paywalled_content":false,"_jetpack_memberships_contains_paid_content":false,"footnotes":"","jetpack_publicize_message":"","jetpack_publicize_feature_enabled":true,"jetpack_social_post_already_shared":false,"jetpack_social_options":{"image_generator_settings":{"template":"highway","default_image_id":0,"enabled":false},"version":2}},"categories":[187,10778,44,6539],"tags":[],"class_list":["post-67072","post","type-post","status-publish","format-standard","has-post-thumbnail","hentry","category-centros-educativos","category-feria-de-la-ciencia-atarfe","category-noticias-de-hoy","category-personajes-de-ataref"],"jetpack_publicize_connections":[],"jetpack_featured_media_url":"https:\/\/i0.wp.com\/miradordeatarfe.es\/wp-content\/uploads\/2024\/02\/blanca.jpg?fit=2048%2C1536&ssl=1","jetpack_likes_enabled":true,"jetpack_sharing_enabled":true,"_links":{"self":[{"href":"https:\/\/miradordeatarfe.es\/index.php?rest_route=\/wp\/v2\/posts\/67072","targetHints":{"allow":["GET"]}}],"collection":[{"href":"https:\/\/miradordeatarfe.es\/index.php?rest_route=\/wp\/v2\/posts"}],"about":[{"href":"https:\/\/miradordeatarfe.es\/index.php?rest_route=\/wp\/v2\/types\/post"}],"author":[{"embeddable":true,"href":"https:\/\/miradordeatarfe.es\/index.php?rest_route=\/wp\/v2\/users\/1"}],"replies":[{"embeddable":true,"href":"https:\/\/miradordeatarfe.es\/index.php?rest_route=%2Fwp%2Fv2%2Fcomments&post=67072"}],"version-history":[{"count":6,"href":"https:\/\/miradordeatarfe.es\/index.php?rest_route=\/wp\/v2\/posts\/67072\/revisions"}],"predecessor-version":[{"id":67160,"href":"https:\/\/miradordeatarfe.es\/index.php?rest_route=\/wp\/v2\/posts\/67072\/revisions\/67160"}],"wp:featuredmedia":[{"embeddable":true,"href":"https:\/\/miradordeatarfe.es\/index.php?rest_route=\/wp\/v2\/media\/67156"}],"wp:attachment":[{"href":"https:\/\/miradordeatarfe.es\/index.php?rest_route=%2Fwp%2Fv2%2Fmedia&parent=67072"}],"wp:term":[{"taxonomy":"category","embeddable":true,"href":"https:\/\/miradordeatarfe.es\/index.php?rest_route=%2Fwp%2Fv2%2Fcategories&post=67072"},{"taxonomy":"post_tag","embeddable":true,"href":"https:\/\/miradordeatarfe.es\/index.php?rest_route=%2Fwp%2Fv2%2Ftags&post=67072"}],"curies":[{"name":"wp","href":"https:\/\/api.w.org\/{rel}","templated":true}]}}