{"id":67076,"date":"2024-02-11T09:34:20","date_gmt":"2024-02-11T08:34:20","guid":{"rendered":"https:\/\/miradordeatarfe.es\/?p=67076"},"modified":"2024-02-09T19:45:28","modified_gmt":"2024-02-09T18:45:28","slug":"maria-zambrano-mujer-que-dejo-huella","status":"publish","type":"post","link":"https:\/\/miradordeatarfe.es\/?p=67076","title":{"rendered":"MARIA ZAMBRANO MUJER QUE DEJ\u00d3 HUELLA"},"content":{"rendered":"<h3 dir=\"auto\" style=\"text-align: justify;\">La fil\u00f3sofa Mar\u00eda Zambrano Alarc\u00f3n fallec\u00eda el\u00a0 6 de febrero de 1991. Mar\u00eda fue la primog\u00e9nita de Blas Zambrano y Araceli Alarc\u00f3n, ambos dedicados a la ense\u00f1anza.\u00a0<\/h3>\n<p style=\"text-align: justify;\">Mar\u00eda Zambrano naci\u00f3 en 1904 en V\u00e9lez-M\u00e1laga. Fue disc\u00edpula de Ortega y Gasset y una de las pocas mujeres que figuraron en los c\u00edrculos intelectuales masculinos con voz propia. Critica el racionalismo que condena todo lo que no es explicable desde la raz\u00f3n: la poes\u00eda, la m\u00edstica, el mito y las religiones, y apela a un saber intuicional que llama <em>raz\u00f3n po\u00e9tica<\/em><\/p>\n<div dir=\"auto\" style=\"text-align: justify;\">Mar\u00eda empez\u00f3 sus estudios de bachillerato en 1913 en el Instituto de Segovia. Despu\u00e9s se traslad\u00f3 a Madrid para matricularse en la Facultad de Filosof\u00eda y Letras de la Universidad de Madrid. Empezaba entonces una vida intelectual que la llevar\u00eda a conocer a Ortega y Gasset, Luis Cernuda o Camilo Jos\u00e9 Cela. Mientras preparaba su tesis doctoral, La salvaci\u00f3n del individuo en Spinoza, Mar\u00eda trabaj\u00f3 como profesora en la Universidad Central y el Instituto Cervantes. Empez\u00f3 a escribir art\u00edculos en distintas revistas en 1928. Dos a\u00f1os despu\u00e9s se publicaba su primer libro, Horizonte del liberalismo.<\/div>\n<div dir=\"auto\" style=\"text-align: justify;\">\u00a0<\/div>\n<div dir=\"auto\" style=\"text-align: justify;\">En 1936 se cas\u00f3 con el historiador Alfonso Rodr\u00edguez Aldave. Poco despu\u00e9s de contraer matrimonio, la pareja se march\u00f3 a vivir a Chile donde Alfonso hab\u00eda sido designado secretario de la embajada de Espa\u00f1a. En 1937, regresaron a Espa\u00f1a para ayudar a los republicanos que luchaban en la Guerra Civil. Mar\u00eda fue nombrada Consejera de Propaganda y Consejera Nacional de la Infancia Evacuada. Desde 1939 hasta 1984, Mar\u00eda Zambrano vivi\u00f3 en Francia, Italia, Cuba, Puerto Rico, dedicada a la escritura de su amplia obra y a dar cursos y conferencias.<\/div>\n<div dir=\"auto\" style=\"text-align: justify;\">\n<p>En 1984 nuestra fil\u00f3sofa regres\u00f3 a Espa\u00f1a tras ser operada de cataratas en la cl\u00ednica ginebrina de Beaulieu y se instal\u00f3 en Madrid, ciudad de la que ya apenas saldr\u00eda. Comienza una nueva etapa de actividad intelectual dedic\u00e1ndose a la reedici\u00f3n de obras ya publicadas y a la escritura de numerosos art\u00edculos, pero apenas siete a\u00f1os m\u00e1s tarde, el 6 de febrero de 1991, muere y es enterrada en el cementerio de V\u00e9lez-M\u00e1laga entre un naranjo y un limonero, habiendo dejado tras de s\u00ed un legado maravilloso.<\/p>\n<p>Como dec\u00edamos antes hablando del an\u00e1lisis de M.\u00aa Teresa Montes Sampedro, Zambrano nos muestra a la Ant\u00edgona que fue juzgada por amor al pr\u00f3jimo, a su hermano, y que fue capaz de dar lo m\u00e1s valioso que ten\u00eda: su vida. Entendiendo bien a S\u00f3focles, gracias a Mar\u00eda, vemos a una Ant\u00edgona de gran riqueza espiritual y fuerte sentido del deber, que solo pretend\u00eda cumplir con la ley escrita en el coraz\u00f3n: dar sepultura a los muertos y cumplir con los ritos del enterramiento, y que como ella, no podemos obedecer a los hombres si eso implica desobedecer las leyes \u00abque llevamos escritas en el coraz\u00f3n, leyes que nadie sabe cu\u00e1ndo empezaron a existir, pero que todo el mundo conoce desde siempre\u00bb.<\/p>\n<p>Mar\u00eda Zambrano, junto a tantos otros investigadores, poetas, matem\u00e1ticos y escritores, se sacrific\u00f3 con el exilio por la libertad de su patria, igual que Ant\u00edgona dar\u00eda la vida por el deber. Sin embargo, en esta tesis vemos tambi\u00e9n que Mar\u00eda Zambrano rechaza la idea de una Ant\u00edgona que muere ahorc\u00e1ndose en su cueva a favor de la mujer joven que en<em> La tumba de Ant\u00edgona<\/em> est\u00e1 entre la vida y la muerte, y \u00abnos engendrar\u00e1 la conciencia al ser humano, una vida ofrecida por los dem\u00e1s\u00bb.<\/p>\n<p><em>La filosof\u00eda es una preparaci\u00f3n para la muerte, y el fil\u00f3sofo, el hombre que est\u00e1 maduro para ella<\/em> <em>(Mar\u00eda Zambrano<\/em><\/p>\n<\/div>\n<div dir=\"auto\" style=\"text-align: justify;\">\u00a0<\/div>\n<div dir=\"auto\" style=\"text-align: justify;\">La extensa obra de Mar\u00eda Zambrano fue reconocida con muchos galardones, como el Premio Pr\u00edncipe de Asturias de Comunicaci\u00f3n y Humanidades o el premio Cervantes.<\/div>\n<div dir=\"auto\" style=\"text-align: justify;\">\u00a0<\/div>\n<div dir=\"auto\" style=\"text-align: justify;\"><strong>La Revoluci\u00f3n de las Invisibles. Mujeres en la Historia de Espa\u00f1a<\/strong><\/div>\n<div dir=\"auto\" style=\"text-align: justify;\">\u00a0<\/div>\n<div dir=\"auto\" style=\"text-align: justify;\">FOTO: https:\/\/www.huellasdemujeresgeniales.com\/maria-zambrano\/<\/div>\n","protected":false},"excerpt":{"rendered":"<p>La fil\u00f3sofa Mar\u00eda Zambrano Alarc\u00f3n fallec\u00eda el\u00a0 6 de febrero de 1991. Mar\u00eda fue la&#8230;<\/p>\n","protected":false},"author":1,"featured_media":67078,"comment_status":"closed","ping_status":"closed","sticky":false,"template":"","format":"standard","meta":{"_coblocks_attr":"","_coblocks_dimensions":"","_coblocks_responsive_height":"","_coblocks_accordion_ie_support":"","jetpack_post_was_ever_published":false,"_jetpack_newsletter_access":"","_jetpack_dont_email_post_to_subs":false,"_jetpack_newsletter_tier_id":0,"_jetpack_memberships_contains_paywalled_content":false,"_jetpack_memberships_contains_paid_content":false,"footnotes":"","jetpack_publicize_message":"","jetpack_publicize_feature_enabled":true,"jetpack_social_post_already_shared":true,"jetpack_social_options":{"image_generator_settings":{"template":"highway","default_image_id":0,"enabled":false},"version":2}},"categories":[7721,44],"tags":[],"class_list":["post-67076","post","type-post","status-publish","format-standard","has-post-thumbnail","hentry","category-mujeres-que-cambiaron-la-historia","category-noticias-de-hoy"],"jetpack_publicize_connections":[],"jetpack_featured_media_url":"https:\/\/i0.wp.com\/miradordeatarfe.es\/wp-content\/uploads\/2024\/02\/maria-zambrano-1349x579-1.jpg?fit=1349%2C579&ssl=1","jetpack_likes_enabled":true,"jetpack_sharing_enabled":true,"_links":{"self":[{"href":"https:\/\/miradordeatarfe.es\/index.php?rest_route=\/wp\/v2\/posts\/67076","targetHints":{"allow":["GET"]}}],"collection":[{"href":"https:\/\/miradordeatarfe.es\/index.php?rest_route=\/wp\/v2\/posts"}],"about":[{"href":"https:\/\/miradordeatarfe.es\/index.php?rest_route=\/wp\/v2\/types\/post"}],"author":[{"embeddable":true,"href":"https:\/\/miradordeatarfe.es\/index.php?rest_route=\/wp\/v2\/users\/1"}],"replies":[{"embeddable":true,"href":"https:\/\/miradordeatarfe.es\/index.php?rest_route=%2Fwp%2Fv2%2Fcomments&post=67076"}],"version-history":[{"count":1,"href":"https:\/\/miradordeatarfe.es\/index.php?rest_route=\/wp\/v2\/posts\/67076\/revisions"}],"predecessor-version":[{"id":67079,"href":"https:\/\/miradordeatarfe.es\/index.php?rest_route=\/wp\/v2\/posts\/67076\/revisions\/67079"}],"wp:featuredmedia":[{"embeddable":true,"href":"https:\/\/miradordeatarfe.es\/index.php?rest_route=\/wp\/v2\/media\/67078"}],"wp:attachment":[{"href":"https:\/\/miradordeatarfe.es\/index.php?rest_route=%2Fwp%2Fv2%2Fmedia&parent=67076"}],"wp:term":[{"taxonomy":"category","embeddable":true,"href":"https:\/\/miradordeatarfe.es\/index.php?rest_route=%2Fwp%2Fv2%2Fcategories&post=67076"},{"taxonomy":"post_tag","embeddable":true,"href":"https:\/\/miradordeatarfe.es\/index.php?rest_route=%2Fwp%2Fv2%2Ftags&post=67076"}],"curies":[{"name":"wp","href":"https:\/\/api.w.org\/{rel}","templated":true}]}}