{"id":67085,"date":"2024-02-12T10:08:06","date_gmt":"2024-02-12T09:08:06","guid":{"rendered":"https:\/\/miradordeatarfe.es\/?p=67085"},"modified":"2024-02-11T21:20:17","modified_gmt":"2024-02-11T20:20:17","slug":"cientificas-en-activo-amadrinan-aulas-de-los-centros-educativos-de-atarfe","status":"publish","type":"post","link":"https:\/\/miradordeatarfe.es\/?p=67085","title":{"rendered":"Cient\u00edficas en activo amadrinan aulas de los centros educativos de Atarfe"},"content":{"rendered":"<h3 style=\"text-align: justify;\">El lunes 29 de enero arranc\u00f3 el <strong>proyecto \u2018<em>Amadrina un Aula<\/em>\u2018<\/strong>, incluido en la <strong>XV edici\u00f3n de la Feria de la Ciencia de Atarfe<\/strong>. De esta forma comenzaron a celebrar el <strong>D\u00eda Internacional de la mujer y la ni\u00f1a en la ciencia (11 de febrero)<\/strong>.<span id=\"more-76303\"><\/span><\/h3>\n<p style=\"text-align: justify;\">Durante dos semanas, <strong>entre el lunes, 29 de enero, y el viernes, 9 de febrero,<\/strong> <strong>trece cient\u00edficas<\/strong> visitaron o establecieron encuentros virtuales, cada una con su centro amadrinado. La primera fue la investigadora predoctoral en la UCLouvain en Bruselas (B\u00e9lgica), <strong>Alba S\u00e1nchez Montalvo<\/strong>, madrina del CEIP Dr. Jim\u00e9nez Rueda la que, a partir de las 9:30 h, mantuvo un encuentro virtual con el alumnado y docentes de este colegio.<\/p>\n<p style=\"text-align: justify;\">Le han seduido presencialmente el jueves, 1 de febrero, la doctora en Ciencias de la Educaci\u00f3n, <strong>Mar\u00eda Santamarina Sancho<\/strong>, en el SEPER Mariana Pineda, (17:30 h); el 2 de febrero, la licenciada en Medio Ambiente, <strong>Gloria Casado Chica<\/strong>, en el Novashool Medina Elvira (10 h), y la enfermera del servicio de urgencias del hospital neurotraumatol\u00f3gico de Granada,\u00a0 <strong>Blanca Rivera Aranda<\/strong>, en el Dr. Jim\u00e9nez Rueda (10 H). Ya en la jornada del 5 de febrero, a partir de las 10 h. la veterinaria <strong>Mar\u00eda Zurita Navarro<\/strong>, quien como madrina de SAFA Atarfe, asisti\u00f3 a este centro. Por su parte, la licenciada en Farmacia, Bioqu\u00edmica y Diplomada en Ciencias Religiosas, <strong>Mar\u00eda Gema Fuentes Cano<\/strong> mantuvo un encuentro virtual con el alumnado de SAFA Atarfe (10 h) al igual que la profesora de Qu\u00edmica, <strong>Inmaculada Pilar Hidalgo Alonso<\/strong>, que lo hizo presencialmente con estudiantes del IES Il\u00edberis (11:30 h).<\/p>\n<p style=\"text-align: justify;\">As\u00ed mismo, el martes, 6 de febrero, se continuaron estos encuentros con la visita de la fisioterapeuta <strong>Cristina Fern\u00e1ndez Valera<\/strong> que visit\u00f3 el CEIP Atalaya (9:30 h) y el jueves 8 de febrero <strong>Ana Isabel L\u00f3pez Rodr\u00edguez<\/strong> tuvo su encuentro con escolares del CEIP Clara Campoamor (10:30 h). Por \u00faltimo, cuatro son los encuentros realizadod el viernes, en concreto, el de la enfermera y Antrop\u00f3loga Social y Cultural, <strong>Mari \u00c1ngeles P\u00e9rez Morente<\/strong>, con estudiantes del IES Vega de Atarfe (8:30 h); <strong>y<\/strong> en el CEIP Medina Elvira (9:45 h); el de la odont\u00f3loga, <strong>Elisa Mar\u00eda Garc\u00eda Santiago<\/strong>, con alumnado del CEIP Fernando de los R\u00edos (10 h) y, por \u00faltimo, el de la licenciada en Biolog\u00eda- y Bioqu\u00edmica, <strong>Mari Carmen Flores Mart\u00edn<\/strong>, con estudiantes del IES Il\u00edberis (12 h)<\/p>\n<p style=\"text-align: justify;\">Ha sido una dias en que se ha pretendido visibilizar el trabajo de las mujeres que se dedican a las \u00e1reas STEM <em>(Science, Technology, Engineering and Mathematics)<\/em>, creando as\u00ed referentes femeninos para la infancia que puedan contribuir a la elecci\u00f3n de estas \u00e1reas como carreras profesionales.\u00a0<\/p>\n<p style=\"text-align: justify;\">Y al mismo tiempo conocer los diferentes factores que afectan a la situaci\u00f3n actual de la mujer en las \u00e1reas STEM para fomentar pr\u00e1cticas que conduzcan a su eliminaci\u00f3n y alcanzar la igualdad de g\u00e9nero en el \u00e1mbito cient\u00edfico.<\/p>\n<p><strong><mark class=\"has-inline-color has-primary-color\">\u00a0<\/mark><\/strong><\/p>\n<figure id=\"attachment_76317\" class=\"wp-caption aligncenter\" aria-describedby=\"caption-attachment-76317\"><img data-recalc-dims=\"1\" loading=\"lazy\" decoding=\"async\" class=\"size-full wp-image-76317\" src=\"https:\/\/i0.wp.com\/static-ms.ideal.es\/wp-content\/uploads\/sites\/17\/2024\/01\/cartel-feria-de-la-ciencia-de-atarfe_amadrina-una-cientifica%40IEC__.jpg?resize=640%2C800&#038;ssl=1\" sizes=\"auto, (max-width: 640px) 100vw, 640px\" srcset=\"\/\/static-ms.ideal.es\/wp-content\/uploads\/sites\/17\/2024\/01\/cartel-feria-de-la-ciencia-de-atarfe_amadrina-una-cientifica@IEC__.jpg 640w, \/\/static-ms.ideal.es\/wp-content\/uploads\/sites\/17\/2024\/01\/cartel-feria-de-la-ciencia-de-atarfe_amadrina-una-cientifica@IEC__-240x300.jpg 240w\" alt=\"\" width=\"640\" height=\"800\" \/><\/figure>\n","protected":false},"excerpt":{"rendered":"<p>El lunes 29 de enero arranc\u00f3 el proyecto \u2018Amadrina un Aula\u2018, incluido en la XV&#8230;<\/p>\n","protected":false},"author":1,"featured_media":67086,"comment_status":"closed","ping_status":"closed","sticky":false,"template":"","format":"standard","meta":{"_coblocks_attr":"","_coblocks_dimensions":"","_coblocks_responsive_height":"","_coblocks_accordion_ie_support":"","jetpack_post_was_ever_published":false,"_jetpack_newsletter_access":"","_jetpack_dont_email_post_to_subs":false,"_jetpack_newsletter_tier_id":0,"_jetpack_memberships_contains_paywalled_content":false,"_jetpack_memberships_contains_paid_content":false,"footnotes":"","jetpack_publicize_message":"","jetpack_publicize_feature_enabled":true,"jetpack_social_post_already_shared":true,"jetpack_social_options":{"image_generator_settings":{"template":"highway","default_image_id":0,"enabled":false},"version":2}},"categories":[187,10778,44],"tags":[],"class_list":["post-67085","post","type-post","status-publish","format-standard","has-post-thumbnail","hentry","category-centros-educativos","category-feria-de-la-ciencia-atarfe","category-noticias-de-hoy"],"jetpack_publicize_connections":[],"jetpack_featured_media_url":"https:\/\/i0.wp.com\/miradordeatarfe.es\/wp-content\/uploads\/2024\/02\/273937356_5009629795767517_1310050817560005040_n.jpg?fit=2048%2C1152&ssl=1","jetpack_likes_enabled":true,"jetpack_sharing_enabled":true,"_links":{"self":[{"href":"https:\/\/miradordeatarfe.es\/index.php?rest_route=\/wp\/v2\/posts\/67085","targetHints":{"allow":["GET"]}}],"collection":[{"href":"https:\/\/miradordeatarfe.es\/index.php?rest_route=\/wp\/v2\/posts"}],"about":[{"href":"https:\/\/miradordeatarfe.es\/index.php?rest_route=\/wp\/v2\/types\/post"}],"author":[{"embeddable":true,"href":"https:\/\/miradordeatarfe.es\/index.php?rest_route=\/wp\/v2\/users\/1"}],"replies":[{"embeddable":true,"href":"https:\/\/miradordeatarfe.es\/index.php?rest_route=%2Fwp%2Fv2%2Fcomments&post=67085"}],"version-history":[{"count":1,"href":"https:\/\/miradordeatarfe.es\/index.php?rest_route=\/wp\/v2\/posts\/67085\/revisions"}],"predecessor-version":[{"id":67087,"href":"https:\/\/miradordeatarfe.es\/index.php?rest_route=\/wp\/v2\/posts\/67085\/revisions\/67087"}],"wp:featuredmedia":[{"embeddable":true,"href":"https:\/\/miradordeatarfe.es\/index.php?rest_route=\/wp\/v2\/media\/67086"}],"wp:attachment":[{"href":"https:\/\/miradordeatarfe.es\/index.php?rest_route=%2Fwp%2Fv2%2Fmedia&parent=67085"}],"wp:term":[{"taxonomy":"category","embeddable":true,"href":"https:\/\/miradordeatarfe.es\/index.php?rest_route=%2Fwp%2Fv2%2Fcategories&post=67085"},{"taxonomy":"post_tag","embeddable":true,"href":"https:\/\/miradordeatarfe.es\/index.php?rest_route=%2Fwp%2Fv2%2Ftags&post=67085"}],"curies":[{"name":"wp","href":"https:\/\/api.w.org\/{rel}","templated":true}]}}