{"id":67139,"date":"2024-02-16T09:45:10","date_gmt":"2024-02-16T08:45:10","guid":{"rendered":"https:\/\/miradordeatarfe.es\/?p=67139"},"modified":"2024-02-15T11:17:50","modified_gmt":"2024-02-15T10:17:50","slug":"lanjaron-punto-de-encuentro-de-las-familias-mas-importantes-de-espana-y-marruecos-por-sus-aguas","status":"publish","type":"post","link":"https:\/\/miradordeatarfe.es\/?p=67139","title":{"rendered":"Lanjar\u00f3n, punto de encuentro de las familias m\u00e1s importantes de Espa\u00f1a y Marruecos por sus aguas"},"content":{"rendered":"<h3 class=\"v-h__sub-w v-h__sub-w--2\" style=\"text-align: justify;\">Eugenia de Montijo verane\u00f3 en este pueblo antes de convertirse en emperatriz de Francia | Los duques de Montpensier y la familia real de Marruecos fueron asiduos al municipio alpujarre\u00f1o<\/h3>\n<p class=\"v-p\" style=\"text-align: justify;\">Eugenia de Montijo veraneaba en Lanjar\u00f3n antes de convertirse en emperatriz de Francia. Tambi\u00e9n, y entre otros, acud\u00edan a este municipio los duques de Montpensier y la familia real de Marruecos. Desde que en 1774 un moribundo capuchino sanara tras beber agua de un manantial de Lanjar\u00f3n, millares de ag\u00fcistas y turistas visitan cada a\u00f1o este pueblo. El catedr\u00e1tico Juan Gonz\u00e1lez Blasco ha indicado que \u00aba finales del siglo XIX y comienzos del XX, Lanjar\u00f3n es el lugar habitual de descanso de la clase acomodada de la \u00e9poca. En ese tiempo era el sitio de veraneo m\u00e1s importante de Granada. La voluntad de la duquesa de Santo\u00f1a de transformar el establecimiento de ba\u00f1os y las reformas acometidas despu\u00e9s por la familia Carrillo, tendentes a promover la modernidad de las instalaciones, consolidaron el Balneario de Lanjar\u00f3n como principal factor de atracci\u00f3n de visitantes\u00bb, ha informado.<\/p>\n<div class=\"paywall container-wall-exclusive\" data-mrf-recirculation=\"Link art\u00edculos\">\n<p class=\"v-p\" style=\"text-align: justify;\">\u00abLa magia y atracci\u00f3n de Lanjar\u00f3n y de sus aguas minero-medicinales \u2013seg\u00fan Gonz\u00e1les Blasco- sedujo a muchos ilustres visitantes. La condesa de Teba y su hija Eugenia, adem\u00e1s de los duques de Montpensier, son probablemente las personalidades m\u00e1s sobresalientes de la primera mitad del siglo XIX que visitan Lanjar\u00f3n. Eugenia de Montijo, m\u00e1s tarde emperatriz de Francia, de muy joven pas\u00f3 largos periodos de vacaciones en Lanjar\u00f3n en compa\u00f1\u00eda de su madre, tal vez para restaurar una salud quebrantada por la muerte de su padre y por el encanto del lugar, de cura y descanso. La &#8216;Pensi\u00f3n G\u00e1lvez&#8217;, muy pr\u00f3xima a la ermita de San Roque, fue el lugar de reposo para tan nobiliaria familia\u00bb.<\/p>\n<div class=\"v-c-cmp \" style=\"text-align: justify;\">\n<div class=\"v-cmp-m \">\n<article class=\"v-a v-a--cmp-m \">\n<div class=\"v-a-img-c v-a-img-c--fw-xs\">\n<figure class=\"v-a-fig\"><img data-recalc-dims=\"1\" loading=\"lazy\" decoding=\"async\" class=\"v-a-img lzld aligncenter\" src=\"https:\/\/i0.wp.com\/s1.ppllstatics.com\/ideal\/www\/multimedia\/2024\/02\/12\/Los%20Duques%20de%20Montpensier.jpg?resize=640%2C448&#038;ssl=1\" alt=\"Duques de Montpensier\" width=\"640\" height=\"448\" data-voc-vtm-id=\"in-text-traffic\" \/><figcaption class=\"v-fc\"><span class=\"v-fc__text\"> Duques de Montpensier <\/span><\/figcaption><\/figure>\n<\/div>\n<\/article>\n<\/div>\n<\/div>\n<p class=\"v-p\" style=\"text-align: justify;\">Seg\u00fan Gonz\u00e1lez Blasco \u00abLanjar\u00f3n era entonces un lugar muy frecuentado en verano por gente de Granada. El establecimiento balneario, donde acude Eugenia de Montijo y su madre para tomar las aguas es muy precario. Por testimonio oral, as\u00ed como por las cr\u00f3nicas period\u00edsticas de la visita de Alfonso XIII a La Alpujarra, sabemos de la estancia en Lanjar\u00f3n de Eugenia de Montijo. Cuando ella ocup\u00f3 el trono imperial en Francia, recibi\u00f3 la agradable visita de uno de los hijos de la familia G\u00e1lvez de Lanjar\u00f3n, a quienes recompensa con un opulento carro y dos mulos para iniciar una pr\u00f3spera actividad, que recuerda el desplazamiento de los pacientes a unas fuentes saludables que a\u00fan se encontraban a cierta distancia de la poblaci\u00f3n\u00bb.<\/p>\n<div class=\"v-c-cmp \" style=\"text-align: justify;\">\n<div class=\"v-cmp-m \">\n<article class=\"v-a v-a--cmp-m \">\n<div class=\"v-a-img-c v-a-img-c--fw-xs\">\n<figure class=\"v-a-fig\"><img data-recalc-dims=\"1\" loading=\"lazy\" decoding=\"async\" class=\"v-a-img lzld aligncenter\" src=\"https:\/\/i0.wp.com\/s2.ppllstatics.com\/ideal\/www\/multimedia\/2024\/02\/12\/Mohamed%20V%20de%20Marruecos.jpg?resize=496%2C641&#038;ssl=1\" alt=\"Mohamed V\" width=\"496\" height=\"641\" data-voc-vtm-id=\"in-text-traffic\" \/><figcaption class=\"v-fc\"><span class=\"v-fc__text\"><em> Mohamed V<\/em><\/span><\/figcaption><\/figure>\n<\/div>\n<\/article>\n<\/div>\n<\/div>\n<p class=\"v-p\" style=\"text-align: justify;\">\u00abEn 1849, Lanjar\u00f3n tuvo tambi\u00e9n como hu\u00e9spedes de honor a la infanta Maria Luisa Fernanda de Borb\u00f3n y Borb\u00f3n, hija del Rey Fernando VII y hermana menor de la reina Isabel II, y a su marido Antonio Maria Felipe de Orle\u00e1ns, duque de Montpensier. Desde Sevilla se desplazaron a Lanjar\u00f3n para lograr el descanso y tomar las aguas. Tambi\u00e9n visitaron \u00d3rgiva. Otros ilustres visitantes fueron los pol\u00edticos Natalio Rivas, Segismundo Moret, Santiago Alba, el conde de Romanotes, Alberto Aguilera, los escultores Mariano Benlliure y Juan Cristobal, el pintor Julio Romero de Torres, el torero y m\u00e1s tarde pol\u00edtico, Luis Mazzantini, etc\u00e9tera. A\u00f1os antes, el 31 de enero de 1917, el rey Alfonso XIII visit\u00f3 oficialmente Lanjar\u00f3n y \u00d3rgiva y el Haza del Lino, invitado por el excelente diputado de Albu\u00f1ol, Natalio Rivas.<\/p>\n<p class=\"v-p\" style=\"text-align: justify;\">En Lanjar\u00f3n, la comitiva real se detuvo y el monarca, despu\u00e9s de los ca\u00f1onazos de rigor, fue saludado por la poblaci\u00f3n que le dio la mano, incluso por &#8216;Farfal\u00e1n&#8217;, un &#8216;tipejo&#8217; muy especial que vend\u00eda pescado por las calles del pueblo. Natalio Rivas le hac\u00eda llegar a Alfonso XIII y a Antonio Maura agua de Lanjar\u00f3n. Mohamed V de Marruecos y su familia tambi\u00e9n frecuentaron durante muchos a\u00f1os este pueblo. Much\u00edsimos artistas, empresarios, profesores, pintores, etc\u00e9tera, tambi\u00e9n lo hicieron\u00bb, termin\u00f3 diciendo Gonz\u00e1lez Blasco.<\/p>\n<\/div>\n<p>&nbsp;<\/p>\n<p><strong>RAFAEL V\u00cdLCHEZ<\/strong><\/p>\n<p><span class=\"v-fc__text\">FOTO: Balneario de Lanjar\u00f3n en 1901<\/span> <span class=\"v-fc__ath\">Rafael V\u00edlchez<\/span><\/p>\n<p>https:\/\/www.ideal.es\/granada\/la-alpujarra\/lanjaron-punto-encuentro-familias-importantes-espana-marruecos-20240212095109-nt.html<\/p>\n","protected":false},"excerpt":{"rendered":"<p>Eugenia de Montijo verane\u00f3 en este pueblo antes de convertirse en emperatriz de Francia |&#8230;<\/p>\n","protected":false},"author":1,"featured_media":67140,"comment_status":"closed","ping_status":"closed","sticky":false,"template":"","format":"standard","meta":{"_coblocks_attr":"","_coblocks_dimensions":"","_coblocks_responsive_height":"","_coblocks_accordion_ie_support":"","jetpack_post_was_ever_published":false,"_jetpack_newsletter_access":"","_jetpack_dont_email_post_to_subs":false,"_jetpack_newsletter_tier_id":0,"_jetpack_memberships_contains_paywalled_content":false,"_jetpack_memberships_contains_paid_content":false,"footnotes":"","jetpack_publicize_message":"","jetpack_publicize_feature_enabled":true,"jetpack_social_post_already_shared":true,"jetpack_social_options":{"image_generator_settings":{"template":"highway","default_image_id":0,"enabled":false},"version":2}},"categories":[10781,44,6937,10],"tags":[],"class_list":["post-67139","post","type-post","status-publish","format-standard","has-post-thumbnail","hentry","category-granada","category-noticias-de-hoy","category-sociedad","category-salud"],"jetpack_publicize_connections":[],"jetpack_featured_media_url":"https:\/\/i0.wp.com\/miradordeatarfe.es\/wp-content\/uploads\/2024\/02\/balneario-lanjaron-kKkE-U2101507560577KyD-1200x840%40Ideal.webp?fit=1200%2C840&ssl=1","jetpack_likes_enabled":true,"jetpack_sharing_enabled":true,"_links":{"self":[{"href":"https:\/\/miradordeatarfe.es\/index.php?rest_route=\/wp\/v2\/posts\/67139","targetHints":{"allow":["GET"]}}],"collection":[{"href":"https:\/\/miradordeatarfe.es\/index.php?rest_route=\/wp\/v2\/posts"}],"about":[{"href":"https:\/\/miradordeatarfe.es\/index.php?rest_route=\/wp\/v2\/types\/post"}],"author":[{"embeddable":true,"href":"https:\/\/miradordeatarfe.es\/index.php?rest_route=\/wp\/v2\/users\/1"}],"replies":[{"embeddable":true,"href":"https:\/\/miradordeatarfe.es\/index.php?rest_route=%2Fwp%2Fv2%2Fcomments&post=67139"}],"version-history":[{"count":2,"href":"https:\/\/miradordeatarfe.es\/index.php?rest_route=\/wp\/v2\/posts\/67139\/revisions"}],"predecessor-version":[{"id":67142,"href":"https:\/\/miradordeatarfe.es\/index.php?rest_route=\/wp\/v2\/posts\/67139\/revisions\/67142"}],"wp:featuredmedia":[{"embeddable":true,"href":"https:\/\/miradordeatarfe.es\/index.php?rest_route=\/wp\/v2\/media\/67140"}],"wp:attachment":[{"href":"https:\/\/miradordeatarfe.es\/index.php?rest_route=%2Fwp%2Fv2%2Fmedia&parent=67139"}],"wp:term":[{"taxonomy":"category","embeddable":true,"href":"https:\/\/miradordeatarfe.es\/index.php?rest_route=%2Fwp%2Fv2%2Fcategories&post=67139"},{"taxonomy":"post_tag","embeddable":true,"href":"https:\/\/miradordeatarfe.es\/index.php?rest_route=%2Fwp%2Fv2%2Ftags&post=67139"}],"curies":[{"name":"wp","href":"https:\/\/api.w.org\/{rel}","templated":true}]}}