{"id":67145,"date":"2024-02-15T10:31:21","date_gmt":"2024-02-15T09:31:21","guid":{"rendered":"https:\/\/miradordeatarfe.es\/?p=67145"},"modified":"2024-02-12T16:46:54","modified_gmt":"2024-02-12T15:46:54","slug":"agua-para-todos-pero-no-agua-para-todo","status":"publish","type":"post","link":"https:\/\/miradordeatarfe.es\/?p=67145","title":{"rendered":"\u00abAgua para todos, pero no agua para todo\u00bb"},"content":{"rendered":"<div class=\"cuerpo\">\n<h3 style=\"text-align: justify;\">Una de las confusiones que arrastramos desde hace tiempo es la de clima y tiempo meteorol\u00f3gico.\u00a0 Pero tambi\u00e9n padecemos de una confusi\u00f3n entre el significado de cambio clim\u00e1tico y cambio global.<\/h3>\n<p class=\"sumari\" style=\"text-align: justify;\">El cambio clim\u00e1tico ser\u00eda uno de los motores del cambio global junto, por ejemplo, a los cambios en los usos del suelo, o la disminuci\u00f3n de los recursos h\u00eddricos (en cantidad y en calidad), para la cuesti\u00f3n que nos afecta especialmente en esta ocasi\u00f3n<\/p>\n<p style=\"text-align: justify;\">Siempre que me invitan a una charla, conferencia, mesa redonda, coloquio o simplemente me preguntan sobre alg\u00fan asunto relacionado con el cambio clim\u00e1tico tengo que empezar intentando aclarar estas cuestiones, (confieso que a veces sin \u00e9xito porque el empecinamiento y la contaminaci\u00f3n mental y las falacias con las que algunos se manejan son como marmolillos dif\u00edciles de mover); en todo caso, salvo MpuntoRajoy y su primo, la inmensa mayor\u00eda sabe ya la diferencia entre que hoy llueva mucho en un lugar concreto y que el clima se vuelva lluvioso, (o deje de ser seco), por esa circunstancia concreta. Sin embargo, la diferencia entre el cambio clim\u00e1tico y el cambio global es m\u00e1s compleja.\u00a0<\/p>\n<p style=\"text-align: justify;\">Con el t\u00e9rmino cambio global queremos hacer referencia al conjunto de cambios ambientales en los procesos que determinan el funcionamiento de los sistemas naturales que tienen su origen en el impacto asociado a las actividades humanas, en nuestro modo de vida, de producci\u00f3n y consumo. En ese sentido el cambio clim\u00e1tico ser\u00eda uno de los motores del cambio global junto, por ejemplo, a los cambios en los usos del suelo, o la disminuci\u00f3n de los recursos h\u00eddricos (en cantidad y en calidad), para la cuesti\u00f3n que nos afecta especialmente en esta ocasi\u00f3n.<\/p>\n<p style=\"text-align: justify;\">As\u00ed al analizar el tema de la escasez actual de lluvias, ostensiblemente por debajo de la media hist\u00f3rica varios a\u00f1os consecutivos, podemos afirmar que es cosa del clima mediterr\u00e1neo y del cambio clim\u00e1tico, pero que la sequ\u00eda asociada a estas anomal\u00edas est\u00e1 tambi\u00e9n causada por acciones antr\u00f3picas relativas a la gesti\u00f3n del agua. En nuestra tierra tenemos un problema (grave) desde siempre con el agua, relacionado con las escasas e irregulares precipitaciones de nuestro clima, pero este problema se est\u00e1 agravando por la disminuci\u00f3n de la cantidad de lluvia que recibimos con el cambio clim\u00e1tico (y est\u00e1bamos advertidos) y adem\u00e1s por la gesti\u00f3n de su uso que hacemos, queriendo ignorar esta circunstancia y adoptando medidas en contra del uso racional y eficiente.<\/p>\n<p style=\"text-align: justify;\">Traigo a colaci\u00f3n estas aclaraciones para contextualizar el problema de la actual sequ\u00eda en Andaluc\u00eda, y en el resto de Espa\u00f1a, y para hacer la distinci\u00f3n entre sequ\u00eda meteorol\u00f3gica y la sequ\u00eda hidrol\u00f3gica, relacionada con el cambio global, en el sentido que antes expresaba.<\/p>\n<p style=\"text-align: justify;\">Pondr\u00e9 un ejemplo paralelo para que se entienda. Los da\u00f1os crecientes producidos por las inundaciones en algunos lugares de nuestro pa\u00eds se deben tanto al incremento de la torrencialidad de las lluvias, con registros r\u00e9cords de precipitaciones en un tiempo dado, como a los efectos provocados por haber ocupado las zonas de inundaci\u00f3n e incluso los propios cauces de los r\u00edos. Es lo que se suele conocer como que <em>\u201clos r\u00edos sacan las escrituras\u201d<\/em>.<\/p>\n<p style=\"text-align: justify;\">En esta confusi\u00f3n se sigue manejando el gobierno andaluz de Moreno Bonilla que ha aprobado hace unos d\u00edas un nuevo Decreto de medidas contra la sequ\u00eda, que es entendida err\u00f3neamente como una cat\u00e1strofe natural coyuntural. Es el cuarto ya en los \u00faltimos a\u00f1os, con lo que en total sumar\u00e1 unos 500 millones de euros en obras de infraestructuras hidr\u00e1ulicas para contrarrestar los efectos de la falta de lluvias.\u00a0<\/p>\n<p style=\"text-align: justify;\">Dichas medidas parecen avaladas por un Comit\u00e9 de Expertos, entre los que abundan los ingenieros, aunque las medidas, perm\u00edtaseme el chiste f\u00e1cil, carecen de mucho ingenio. En cualquier caso, no se ha dado publicidad a sus informes ni ha trascendido la evaluaci\u00f3n (si se ha hecho) de las medidas incluidas en los Decretos anteriores. Lo que s\u00ed ha trascendido es la mediocre gesti\u00f3n del gobierno andaluz de los Fondos recibidos para inversiones en infraestructuras hidr\u00e1ulicas, con centenares de millones no ejecutados. Propongo que entre los expertos asesores del gobierno se incluyan otros profesionales que den una visi\u00f3n m\u00e1s amplia, m\u00e1s ecol\u00f3gica de la gesti\u00f3n del agua y no s\u00f3lo aquellos que ven en la hidrolog\u00eda solo la h de hormig\u00f3n, por decirlo de manera gr\u00e1fica.<\/p>\n<p style=\"text-align: justify;\">De partida, un nuevo Decreto supone un fracaso en la planificaci\u00f3n y en la consideraci\u00f3n de la gesti\u00f3n del agua. Una medida parcial, un nuevo intento de parchear un complejo problema. Aunque parece que, por fin, el gobierno de Moreno Bonilla empieza a advertir que no es un asunto coyuntural. La propia consejera de Agricultura, Pesca, Agua y Desarrollo Rural ha declarado que <em>\u201cestamos ante una situaci\u00f3n extrema. No se trata de ser alarmistas, sino realistas\u2026 la sequ\u00eda es una cuesti\u00f3n estructural\u201d<\/em>. Han tardado mucho tiempo, demasiado, en darse cuenta que la sequ\u00eda en Andaluc\u00eda no es algo circunstancial o excepcional, sino que es nueva realidad a la que tenemos que adaptarnos, tanto como modelo de sociedad, como en nuestra forma de hacer uso de los recursos h\u00eddricos a la hora de generar riqueza y empleo, sobre todo en un escenario de cambio clim\u00e1tico en una regi\u00f3n especialmente vulnerable a sus efectos como es Andaluc\u00eda.<\/p>\n<p style=\"text-align: justify;\">(Hago un inciso para se\u00f1alar que uno de los problemas de la gesti\u00f3n del agua en Andaluc\u00eda es que est\u00e9 incardinada en la Consejer\u00eda de Agricultura y subordinada a una de las pol\u00edticas sectoriales m\u00e1s consumidoras de agua. Deber\u00eda estar en un organismo aparte, o en su caso en una Consejer\u00eda de Medio Ambiente y Transici\u00f3n Ecol\u00f3gica elevada a vicepresidencia. Eso s\u00ed ser\u00eda una Revoluci\u00f3n Verde y no las medidas propagand\u00edsticas de las que presumen usando esta etiqueta).<\/p>\n<p style=\"text-align: justify;\">Pero a pesar del nuevo discurso, como ocurriera con los tres decretos anteriores, esta cuarta iniciativa de medidas de lucha contra los efectos de la sequ\u00eda del gobierno andaluz mantiene una l\u00ednea continuista y cae en los mismos errores de considerar la problem\u00e1tica actual del agua, \u00fanicamente desde el lado de la oferta, es decir, s\u00f3lo intentando incrementar los recursos h\u00eddricos, bien con nuevas infraestructuras,\u00a0 bien aumentando el n\u00famero y capacidad de las desaladoras o bien con medidas puntuales de emergencia como la del transporte de agua por barcos.<\/p>\n<p style=\"text-align: justify;\">Todas estas medidas son insuficientes y, en el mejor de los casos, s\u00f3lo pueden considerarse como paliadoras de la situaci\u00f3n, denotando una visi\u00f3n cortoplacista, ya que no van a la ra\u00edz del problema ni sirven para poner en marcha medidas orientadas al ahorro y la eficiencia y a dotarnos de unos usos mucho m\u00e1s racionales y de unos criterios m\u00e1s justos a la hora de repartir el agua.<\/p>\n<p style=\"text-align: justify;\">Porque debe haber agua para todos, pero no hay agua para todo por lo que hay que incrementar el control p\u00fablico de los usos y de la calidad de las aguas. Porque la mal llamada sequ\u00eda no puede considerarse una cuesti\u00f3n c\u00edclica, ni es (solo) culpa del cambio clim\u00e1tico. De nada servir\u00e1n las acciones que se acometan si seguimos gestionando el agua como si sobrara, si sobreexplotamos los acu\u00edferos, si regamos jardines o campos de golf con agua potable, si continuamos cambiando secanos a regad\u00edos o cambiando el uso de terrenos forestales; de nada servir\u00e1n si no comprendemos que el agua aporta bienes y servicios ecosist\u00e9micos para el bienestar de nuestra sociedad y alteramos el uso de los regad\u00edos hist\u00f3ricos o seguimos entendiendo que el agua que llega a los r\u00edos es \u2018agua perdida\u2019.<\/p>\n<div class=\"divdest\" style=\"text-align: justify;\">Finalmente, y no menos importante, el gobierno andaluz debe abandonar la soberbia de su mayor\u00eda absoluta y su pol\u00edtica de confrontaci\u00f3n con el gobierno de Espa\u00f1a. En este asunto tan crucial para nuestra sociedad, la gobernanza es tan importante, al menos, como las pol\u00edticas a desarrollar y en Andaluc\u00eda est\u00e1 fallando ya que no hay acuerdo con los grupos pol\u00edticos, con otras instituciones (ni por arriba ni por abajo), y, adem\u00e1s, como han denunciado los sindicatos, se han llevado a cabo fuera del \u00e1mbito de Pacto Social y Econ\u00f3mico por el Impulso de Andaluc\u00eda, de nuevo convertido en papel mojado por el presidente Moreno Bonilla.<\/div>\n<\/div>\n<div>\u00a0<\/div>\n<div><span class=\"autor\"> <a href=\"https:\/\/www.elindependientedegranada.es\/autor\/121\"><strong>Ignacio Henares<\/strong><\/a> <\/span><\/div>\n<div>\u00a0<\/div>\n<div>FOTO: Imagen del embalse del Negrat\u00edn<\/div>\n<div>\u00a0<\/div>\n<div>https:\/\/www.elindependientedegranada.es\/blog\/agua-todos-pero-no-agua-todo?fbclid=IwAR1iL1k4wTXZVCf3ofb_eelK7vZLpqdR4QvHRVW_CgybPa43xbI4DxKHICY<\/div>\n<div>\n<div id=\"disqus_thread\" style=\"text-align: justify;\">\u00a0<\/div>\n<\/div>\n","protected":false},"excerpt":{"rendered":"<p>Una de las confusiones que arrastramos desde hace tiempo es la de clima y tiempo&#8230;<\/p>\n","protected":false},"author":1,"featured_media":67146,"comment_status":"closed","ping_status":"closed","sticky":false,"template":"","format":"standard","meta":{"_coblocks_attr":"","_coblocks_dimensions":"","_coblocks_responsive_height":"","_coblocks_accordion_ie_support":"","jetpack_post_was_ever_published":false,"_jetpack_newsletter_access":"","_jetpack_dont_email_post_to_subs":false,"_jetpack_newsletter_tier_id":0,"_jetpack_memberships_contains_paywalled_content":false,"_jetpack_memberships_contains_paid_content":false,"footnotes":"","jetpack_publicize_message":"","jetpack_publicize_feature_enabled":true,"jetpack_social_post_already_shared":true,"jetpack_social_options":{"image_generator_settings":{"template":"highway","default_image_id":0,"enabled":false},"version":2}},"categories":[10781,9,44],"tags":[],"class_list":["post-67145","post","type-post","status-publish","format-standard","has-post-thumbnail","hentry","category-granada","category-medio-ambiente","category-noticias-de-hoy"],"jetpack_publicize_connections":[],"jetpack_featured_media_url":"https:\/\/i0.wp.com\/miradordeatarfe.es\/wp-content\/uploads\/2024\/02\/negratin_1.jpg?fit=750%2C483&ssl=1","jetpack_likes_enabled":true,"jetpack_sharing_enabled":true,"_links":{"self":[{"href":"https:\/\/miradordeatarfe.es\/index.php?rest_route=\/wp\/v2\/posts\/67145","targetHints":{"allow":["GET"]}}],"collection":[{"href":"https:\/\/miradordeatarfe.es\/index.php?rest_route=\/wp\/v2\/posts"}],"about":[{"href":"https:\/\/miradordeatarfe.es\/index.php?rest_route=\/wp\/v2\/types\/post"}],"author":[{"embeddable":true,"href":"https:\/\/miradordeatarfe.es\/index.php?rest_route=\/wp\/v2\/users\/1"}],"replies":[{"embeddable":true,"href":"https:\/\/miradordeatarfe.es\/index.php?rest_route=%2Fwp%2Fv2%2Fcomments&post=67145"}],"version-history":[{"count":1,"href":"https:\/\/miradordeatarfe.es\/index.php?rest_route=\/wp\/v2\/posts\/67145\/revisions"}],"predecessor-version":[{"id":67147,"href":"https:\/\/miradordeatarfe.es\/index.php?rest_route=\/wp\/v2\/posts\/67145\/revisions\/67147"}],"wp:featuredmedia":[{"embeddable":true,"href":"https:\/\/miradordeatarfe.es\/index.php?rest_route=\/wp\/v2\/media\/67146"}],"wp:attachment":[{"href":"https:\/\/miradordeatarfe.es\/index.php?rest_route=%2Fwp%2Fv2%2Fmedia&parent=67145"}],"wp:term":[{"taxonomy":"category","embeddable":true,"href":"https:\/\/miradordeatarfe.es\/index.php?rest_route=%2Fwp%2Fv2%2Fcategories&post=67145"},{"taxonomy":"post_tag","embeddable":true,"href":"https:\/\/miradordeatarfe.es\/index.php?rest_route=%2Fwp%2Fv2%2Ftags&post=67145"}],"curies":[{"name":"wp","href":"https:\/\/api.w.org\/{rel}","templated":true}]}}