{"id":67148,"date":"2024-02-15T09:15:08","date_gmt":"2024-02-15T08:15:08","guid":{"rendered":"https:\/\/miradordeatarfe.es\/?p=67148"},"modified":"2024-02-15T10:49:38","modified_gmt":"2024-02-15T09:49:38","slug":"granada-mira-hacia-paris-2024","status":"publish","type":"post","link":"https:\/\/miradordeatarfe.es\/?p=67148","title":{"rendered":"Granada mira hacia Par\u00eds 2024"},"content":{"rendered":"<article class=\"v-a v-a--d v-a--d-rpg v-a--p-b\">\n<div class=\"v-a-info-c \">\n<h2 class=\"v-a-sub-t\">Catorce deportistas aspiran a estar en la mayor cita del deporte mundial en la que la provincia tiene serias opciones de lograr medallas<\/h2>\n<\/div>\n<\/article>\n<p class=\"v-p\">La cuenta atr\u00e1s para los Juegos Ol\u00edmpicos est\u00e1 en marcha. Par\u00eds trabaja a marchas forzadas para que la capital francesa est\u00e9 en perfecto estado para acoger un dispositivo de m\u00e1s de diez mil atletas que buscar\u00e1n una medalla en alguno de los 32 deportes presentes en el intenso programa ol\u00edmpico de dos semanas, pero los deportistas tambi\u00e9n se afanan para asegurar su plaza en el evento. El calendario granadino hacia Par\u00eds 2024 deja algunas fechas concretas, pero tambi\u00e9n habr\u00e1 atletas que tendr\u00e1n que estar pendientes de la convocatoria de sus seleccionadores para confirmar su presencia este verano en los Juegos Ol\u00edmpicos.<\/p>\n<div class=\"paywall container-wall-exclusive\" data-mrf-recirculation=\"Link art\u00edculos\">\n<div class=\"v-c-cmp v-c-cmp--t2\">\n<div class=\"v-d-cmp-chp\">\n<header class=\"v-d-cmp-chp__h\">\n<div class=\"v-d-cmp-chp__image\"><img data-recalc-dims=\"1\" decoding=\"async\" class=\"v-d-cmp-chp__img\" src=\"https:\/\/i0.wp.com\/s2.ppllstatics.com\/ideal\/www\/multimedia\/2024\/02\/09\/maria-perez-kN5B-U2101474191629yb-208x112%40Ideal.jpg?w=640&#038;ssl=1\" alt=\"La doble campeona mundial, ante su gran oportunidad\" data-src=\"https:\/\/s2.ppllstatics.com\/ideal\/www\/multimedia\/2024\/02\/09\/maria-perez-kN5B-U2101474191629yb-208x112@Ideal.jpg\" \/><\/div>\n<div class=\"v-d-cmp-chp__c\">\n<p class=\"v-d-cmp-chp__pre-t\">Mar\u00eda P\u00e9rez <span class=\"v-d-cmp-chp__nd-pre-t\">Atletismo<\/span><\/p>\n<\/div>\n<h3 class=\"v-d-cmp-chp__t\">La doble campeona mundial, ante su gran oportunidad<\/h3>\n<\/header>\n<\/div>\n<\/div>\n<p class=\"v-p\">La atleta de Orce es una de las opciones m\u00e1s firmes de medalla en Par\u00eds 2024. Tiene ya garantizado su billete para la cita francesa, aunque dispondr\u00e1 de eventos para ponerse a punto para la carrera ol\u00edmpica, como el Campeonato de Espa\u00f1a de marcha en ruta. Tras llevarse el &#8216;chocolate&#8217; en Tokio, con una amarga cuarta plaza, Mar\u00eda P\u00e9rez llega a Par\u00eds con la ilusi\u00f3n renovada despu\u00e9s del doble t\u00edtulo mundial obtenido el pasado verano, que podr\u00eda reproducir en Par\u00eds en los 20 kil\u00f3metros y el relevo mixto. La granadina atesora una gran cantidad de t\u00edtulos en una dilatada carrera como atleta a la que le falta el broche ol\u00edmpico. P\u00e9rez se encuentra ahora mismo en el proceso final de la recuperaci\u00f3n de la fractura de la sacroil\u00edaca que sufri\u00f3 el pasado oto\u00f1o y espera volver pronto al asfalto.<\/p>\n<div class=\"v-adv  v-adv--ly\">\n<div class=\"v-adv__item \">\n<div id=\"layer_inpage-id\" data-voc-vam=\"\" data-voc-vam-position=\"layer_inpage\" data-google-query-id=\"CM-Yt_2TpoQDFXZoQQId2zkOfw\" data-voc-vam-displayed=\"true\">\n<div id=\"google_ads_iframe_\/4900\/vocento.ideal\/deportes_1__container__\"><iframe id=\"google_ads_iframe_\/4900\/vocento.ideal\/deportes_1\" tabindex=\"0\" title=\"3rd party ad content\" name=\"google_ads_iframe_\/4900\/vocento.ideal\/deportes_1\" width=\"1\" height=\"1\" frameborder=\"0\" marginwidth=\"0\" marginheight=\"0\" scrolling=\"no\" aria-label=\"Advertisement\" data-google-container-id=\"2\" data-load-complete=\"true\" data-mce-fragment=\"1\"><\/iframe><\/div>\n<\/div>\n<\/div>\n<\/div>\n<div class=\"v-c-cmp v-c-cmp--t2\">\n<div class=\"v-d-cmp-chp\">\n<header class=\"v-d-cmp-chp__h\">\n<div class=\"v-d-cmp-chp__image\"><img data-recalc-dims=\"1\" decoding=\"async\" class=\"v-d-cmp-chp__img\" src=\"https:\/\/i0.wp.com\/s1.ppllstatics.com\/ideal\/www\/multimedia\/2024\/02\/09\/alberto-amezcua-kN5B-U21014741916293hC-208x112%40Ideal.jpg?w=640&#038;ssl=1\" alt=\"Con la marca m\u00ednima, pero sin la plaza a\u00fan garantizada\" data-src=\"https:\/\/s1.ppllstatics.com\/ideal\/www\/multimedia\/2024\/02\/09\/alberto-amezcua-kN5B-U21014741916293hC-208x112@Ideal.jpg\" \/><\/div>\n<div class=\"v-d-cmp-chp__c\">\n<p class=\"v-d-cmp-chp__pre-t\">Alberto Amezcua <span class=\"v-d-cmp-chp__nd-pre-t\">Atletismo<\/span><\/p>\n<\/div>\n<h3 class=\"v-d-cmp-chp__t\">Con la marca m\u00ednima, pero sin la plaza a\u00fan garantizada<\/h3>\n<\/header>\n<\/div>\n<\/div>\n<p class=\"v-p\">El marchador accitano tambi\u00e9n tiene opciones reales de estar en Par\u00eds 2024. Ya cuenta con la marca m\u00ednima que se necesita para el evento, pero el m\u00ednimo establecido ha sido logrado por m\u00e1s atletas de los que la competici\u00f3n permite por lo que por el momento no tiene garantizado su pase para la cita francesa. En los dos \u00faltimos mundiales ha estado entre los diez mejores marchadores en la carrera de 20 kil\u00f3metros, por lo que ser\u00eda extra\u00f1o que no lograra una habitaci\u00f3n en la villa ol\u00edmpica. Amezcua acumula a nivel absoluto varios podios en el campeonato de Espa\u00f1a y su objetivo es dar un paso al frente a lo largo de los pr\u00f3ximos meses que le permita llegar a Par\u00eds 2024 con la garant\u00eda de pelear una medalla. El Campeonato de Espa\u00f1a, a final de febrero, dar\u00e1 una plaza al primer espa\u00f1ol que no sea \u00c1lvaro Mart\u00edn, ya clasificado. Si no la lograra ah\u00ed, en marzo vuelve a haber campeonatos para conseguir el billete.<\/p>\n<\/div>\n<div class=\"v-c-cmp v-c-cmp--t2\">\n<div class=\"v-d-cmp-chp\">\n<header class=\"v-d-cmp-chp__h\">\n<div class=\"v-d-cmp-chp__image\"><img data-recalc-dims=\"1\" decoding=\"async\" class=\"v-d-cmp-chp__img\" src=\"https:\/\/i0.wp.com\/s3.ppllstatics.com\/ideal\/www\/multimedia\/2024\/02\/09\/dani-rodriguez-kN5B-U2101474191629zAD-208x112%40Ideal.jpg?w=640&#038;ssl=1\" alt=\"Una competencia feroz para volver a ser ol\u00edmpico\" data-src=\"https:\/\/s3.ppllstatics.com\/ideal\/www\/multimedia\/2024\/02\/09\/dani-rodriguez-kN5B-U2101474191629zAD-208x112@Ideal.jpg\" \/><\/div>\n<div class=\"v-d-cmp-chp__c\">\n<p class=\"v-d-cmp-chp__pre-t\">Ignacio Fontes <span class=\"v-d-cmp-chp__nd-pre-t\">Atletismo<\/span><\/p>\n<\/div>\n<h3 class=\"v-d-cmp-chp__t\">Una competencia feroz para volver a ser ol\u00edmpico<\/h3>\n<\/header>\n<\/div>\n<\/div>\n<p class=\"v-p\">El mediofondista aspira a estar en los Juegos Ol\u00edmpicos de Par\u00eds y repetir la final obtenida en Tokio, pero no ser\u00e1 sencillo. En el pr\u00f3ximo Campeonato de Espa\u00f1a tratar\u00e1 de obtener una marca que le acredite para participar en la cita ol\u00edmpica con opciones de estar entre los mejores, pero la competencia a nivel nacional es alta. Varios deportistas tambi\u00e9n aspiran a entrar dentro de la convocatoria nacional y en 2023 lograron estar mejor que Fontes. El punto de partida para este 2024 no se reinicia del todo porque el ranking de los jugadores puede ser determinante para la elecci\u00f3n, pero los tiempos que logre Ignacio Fontes, que cambi\u00f3 de entrenador hace unos meses, pueden incluirlo de lleno en la batalla por estar en Par\u00eds 2024. En 2021 corri\u00f3 por debajo de la marca m\u00ednima exigida para los pr\u00f3ximos Juegos Ol\u00edmpicos y volver a moverse en estos tiempos es casi obligado para optar a la competici\u00f3n parisina.<\/p>\n<div class=\"v-c-cmp v-c-cmp--t2\">\n<div class=\"v-d-cmp-chp\">\n<header class=\"v-d-cmp-chp__h\">\n<div class=\"v-d-cmp-chp__image\"><img data-recalc-dims=\"1\" decoding=\"async\" class=\"v-d-cmp-chp__img\" src=\"https:\/\/i0.wp.com\/s2.ppllstatics.com\/ideal\/www\/multimedia\/2024\/02\/08\/ignacio-fontes.jpg?w=640&#038;ssl=1\" alt=\"Una exigente rebaja de su marca le permitir\u00eda estar\" data-src=\"https:\/\/s2.ppllstatics.com\/ideal\/www\/multimedia\/2024\/02\/08\/ignacio-fontes.jpg\" \/><\/div>\n<div class=\"v-d-cmp-chp__c\">\n<p class=\"v-d-cmp-chp__pre-t\">Dani Rodr\u00edguez <span class=\"v-d-cmp-chp__nd-pre-t\">Atletismo<\/span><\/p>\n<\/div>\n<h3 class=\"v-d-cmp-chp__t\">Una exigente rebaja de su marca le permitir\u00eda estar<\/h3>\n<\/header>\n<\/div>\n<\/div>\n<p class=\"v-p\">El atleta de Casanueva tiene que mejorar en casi medio segundo su mejor marca personal en 200 metros para estar en los pr\u00f3ximos Juegos Ol\u00edmpicos por la v\u00eda r\u00e1pida. Las marcas m\u00ednimas establecidas por el World Athletics, que regula las competiciones a nivel mundial de atletismo, son muy exigentes por lo que rebajar su mejor tiempo en esta distancia ser\u00eda un impulso definitivo para ser ol\u00edmpico. No obstante, con disminuir en algo m\u00e1s de un par de d\u00e9cimas el 20.59 que tiene como marca personal le podr\u00eda bastar al estar dentro de los tiempos que pide la RFEA para ser considerado para la elecci\u00f3n final. Como alternativa para \u00e9l siempre est\u00e1 la opci\u00f3n de que Espa\u00f1a obtenga plaza para el relevo 4&#215;100 metros, en el que marc\u00f3 su mejor registro en 2022 y podr\u00eda tener cabida como uno de los cuatro mejores velocistas de Espa\u00f1a. Estas \u00faltimas semanas ha estado entrenando en Sud\u00e1frica, con el objetivo de llegar a los pr\u00f3ximos meses de competici\u00f3n completamente en forma para establecer las mejores marcas.<\/p>\n<div class=\"v-c-cmp v-c-cmp--t2\">\n<div class=\"v-d-cmp-chp\">\n<header class=\"v-d-cmp-chp__h\">\n<div class=\"v-d-cmp-chp__image\"><img data-recalc-dims=\"1\" decoding=\"async\" class=\"v-d-cmp-chp__img\" src=\"https:\/\/i0.wp.com\/s3.ppllstatics.com\/ideal\/www\/multimedia\/2024\/02\/08\/laura-bueno.jpg?w=640&#038;ssl=1\" alt=\"El relevo vuelve a aparecer como opci\u00f3n seria\" data-src=\"https:\/\/s3.ppllstatics.com\/ideal\/www\/multimedia\/2024\/02\/08\/laura-bueno.jpg\" \/><\/div>\n<div class=\"v-d-cmp-chp__c\">\n<p class=\"v-d-cmp-chp__pre-t\">Laura Bueno <span class=\"v-d-cmp-chp__nd-pre-t\">Atletismo<\/span><\/p>\n<\/div>\n<h3 class=\"v-d-cmp-chp__t\">El relevo vuelve a aparecer como opci\u00f3n seria<\/h3>\n<\/header>\n<\/div>\n<\/div>\n<p class=\"v-p\">La granadina ya se col\u00f3 en los Juegos Ol\u00edmpicos de Tokio a trav\u00e9s del relevo 4&#215;400. El desaf\u00edo para participar de forma directa en la prueba individual es may\u00fasculo, ya que tendr\u00eda que rebajar en m\u00e1s de un segundo su marca personal. La RFEA ha planteado unas m\u00ednimas m\u00e1s suaves, pero quedan tambi\u00e9n lejos ahora mismo del mejor registro establecido por Bueno (51.93) en junio de 2021, justo antes de Tokio. Su preparaci\u00f3n para la temporada tambi\u00e9n ha incluido una estancia en Sud\u00e1frica en donde ha realizado una intensa preparaci\u00f3n para el a\u00f1o. De nuevo, la opci\u00f3n del 4&#215;400 vuelve a presentarse para Laura Bueno, que ha sido varias veces campeona de Espa\u00f1a en esta distancia.<\/p>\n<div class=\"v-c-cmp v-c-cmp--t2\">\n<div class=\"v-d-cmp-chp\">\n<header class=\"v-d-cmp-chp__h\">\n<div class=\"v-d-cmp-chp__image\"><img data-recalc-dims=\"1\" decoding=\"async\" class=\"v-d-cmp-chp__img\" src=\"https:\/\/i0.wp.com\/s1.ppllstatics.com\/ideal\/www\/multimedia\/2024\/02\/08\/david-valero.jpg?w=640&#038;ssl=1\" alt=\"La defensa de uno de las logros m\u00e1s heroicos de Tokio\" data-src=\"https:\/\/s1.ppllstatics.com\/ideal\/www\/multimedia\/2024\/02\/08\/david-valero.jpg\" \/><\/div>\n<div class=\"v-d-cmp-chp__c\">\n<p class=\"v-d-cmp-chp__pre-t\">David Valero <span class=\"v-d-cmp-chp__nd-pre-t\">Bicicleta de monta\u00f1a<\/span><\/p>\n<\/div>\n<h3 class=\"v-d-cmp-chp__t\">La defensa de uno de las logros m\u00e1s heroicos de Tokio<\/h3>\n<\/header>\n<\/div>\n<\/div>\n<p class=\"v-p\">El ciclista bastetano tendr\u00e1 que defender en Par\u00eds la medalla de bronce lograda en Tokio. Su participaci\u00f3n en la carrera de bicicleta de monta\u00f1a depender\u00e1 de la selecci\u00f3n que realice la Federaci\u00f3n Espa\u00f1ola de Ciclismo, pero a la espera de que se desarrolle la temporada 2024 es el favorito del combinado nacional para estar sobre el antiguo vertedero de Elancourt. Valero, que realiz\u00f3 un gran a\u00f1o 2022, rindi\u00f3 a un nivel inferior en la pasada temporada, pero tratar\u00e1 de recuperar su buen nivel sobre la bicicleta de cara a Par\u00eds. Sus buenos resultados de 2022 permitieron a Espa\u00f1a lograr un n\u00famero importante de puntos en el ranking internacional para obtener plazas como pa\u00eds para la carrera de bicicleta de monta\u00f1a y si no ocurre nada extraordinario a lo largo de este a\u00f1o, el combinado nacional contar\u00e1 con dos sillines de los que se espera que uno sea para David Valero.<\/p>\n<div class=\"v-c-cmp v-c-cmp--t2\">\n<div class=\"v-d-cmp-chp\">\n<header class=\"v-d-cmp-chp__h\">\n<div class=\"v-d-cmp-chp__image\"><img data-recalc-dims=\"1\" decoding=\"async\" class=\"v-d-cmp-chp__img\" src=\"https:\/\/i0.wp.com\/s2.ppllstatics.com\/ideal\/www\/multimedia\/2024\/02\/08\/carlos-rodriguez.jpg?w=640&#038;ssl=1\" alt=\"El Tour de Francia como antesala de los Juegos\" data-src=\"https:\/\/s2.ppllstatics.com\/ideal\/www\/multimedia\/2024\/02\/08\/carlos-rodriguez.jpg\" \/><\/div>\n<div class=\"v-d-cmp-chp__c\">\n<p class=\"v-d-cmp-chp__pre-t\">Carlos Rodr\u00edguez <span class=\"v-d-cmp-chp__nd-pre-t\">Ciclismo de carretera<\/span><\/p>\n<\/div>\n<h3 class=\"v-d-cmp-chp__t\">El Tour de Francia como antesala de los Juegos<\/h3>\n<\/header>\n<\/div>\n<\/div>\n<p class=\"v-p\">Tambi\u00e9n se da por hecho que el sexitano Carlos Rodr\u00edguez estar\u00e1 incluido dentro de la convocatoria de Espa\u00f1a para la prueba de ciclismo en carretera. Espa\u00f1a contar\u00e1 con tres corredores en los Juegos Ol\u00edmpicos, de los cuales uno tendr\u00e1 que correr la prueba contrarreloj. El granadino disputar\u00e1 el Tour de Francia solo una semana antes. La gran prueba del ciclismo mundial desplazar\u00e1 su final hasta Niza para no agobiar a Par\u00eds con otro dispositivo de envergadura a solo unos d\u00edas del comienzo de los Juegos Ol\u00edmpicos. Del cierre en la Riviera Francesa se viajar\u00e1 hasta el norte de Francia en solo unos d\u00edas y se espera que todos los ciclistas destacados del pelot\u00f3n internacional est\u00e9n en la cita ol\u00edmpica. Es habitual que ambas pruebas est\u00e9n pr\u00f3ximas en el calendario, por lo que no supone un inconveniente en la planificaci\u00f3n de la temporada. Carlos Rodr\u00edguez, que ha renovado para las cuatro temporadas con el Ineos Grenadiers y es en la actualidad uno de los ciclistas mejor pagados del pelot\u00f3n internacional, quiere reivindicarse en este 2024 y si consigue colgarse una medalla volver\u00e1 a destacar entre los grandes. El circuito, no obstante, no le favorece, ya que aunque es largo y con ascensiones, los \u00faltimos kil\u00f3metros de la carrera son llanos.<\/p>\n<div class=\"v-c-cmp v-c-cmp--t2\">\n<div class=\"v-d-cmp-chp\">\n<header class=\"v-d-cmp-chp__h\">\n<div class=\"v-d-cmp-chp__image\"><img data-recalc-dims=\"1\" decoding=\"async\" class=\"v-d-cmp-chp__img\" src=\"https:\/\/i0.wp.com\/s3.ppllstatics.com\/ideal\/www\/multimedia\/2024\/02\/08\/esther-gonzalez.jpg?w=640&#038;ssl=1\" alt=\"Una 'final' ante Pa\u00edses Bajos le puede dar la plaza\" data-src=\"https:\/\/s3.ppllstatics.com\/ideal\/www\/multimedia\/2024\/02\/08\/esther-gonzalez.jpg\" \/><\/div>\n<div class=\"v-d-cmp-chp__c\">\n<p class=\"v-d-cmp-chp__pre-t\">Esther Gonz\u00e1lez <span class=\"v-d-cmp-chp__nd-pre-t\">F\u00fatbol<\/span><\/p>\n<\/div>\n<h3 class=\"v-d-cmp-chp__t\">Una &#8216;final&#8217; ante Pa\u00edses Bajos le puede dar la plaza<\/h3>\n<\/header>\n<\/div>\n<\/div>\n<p class=\"v-p\">La selecci\u00f3n femenina espa\u00f1ola se juega el 23 de febrero su plaza en los Juegos Ol\u00edmpicos. La convocatoria nacional, en la que se espera que est\u00e9 la oscense Esther Gonz\u00e1lez, tendr\u00e1 que disputar contra Pa\u00edses Bajos las semifinales de la Nations League de la UEFA. Dado que Europa tiene dos plazas en f\u00fatbol femenino, adem\u00e1s de la que obtiene Francia como pa\u00eds anfitri\u00f3n, si Espa\u00f1a pasa a la final tendr\u00e1 un hueco en la cita ol\u00edmpica. En caso de perder, hay otra opci\u00f3n para el combinado nacional siempre y cuando Francia acceda a la final por el otro lado del cuadro. Este escenario arrojar\u00eda una lucha por la \u00faltima plaza ol\u00edmpica entre Espa\u00f1a y Alemania. Esther Gonz\u00e1lez, por su parte, vive un momento dulce despu\u00e9s de lograr el Mundial el pasado verano en Australia y Nueva Zelanda. Tras ello, la delantera abandon\u00f3 el Real Madrid para marcharse al Gotham de la National Women&#8217;s Soccer League de Estados Unidos, en donde un tanto suyo en la final le dio el t\u00edtulo a la escuadra de Nueva Jersey.<\/p>\n<div class=\"v-c-cmp v-c-cmp--t2\">\n<div class=\"v-d-cmp-chp\">\n<header class=\"v-d-cmp-chp__h\">\n<div class=\"v-d-cmp-chp__image\"><img data-recalc-dims=\"1\" decoding=\"async\" class=\"v-d-cmp-chp__img\" src=\"https:\/\/i0.wp.com\/s2.ppllstatics.com\/ideal\/www\/multimedia\/2024\/02\/08\/carlos-garach.jpg?w=640&#038;ssl=1\" alt=\"El mundial de Doha debe abrir las aguas de Par\u00eds\" data-src=\"https:\/\/s2.ppllstatics.com\/ideal\/www\/multimedia\/2024\/02\/08\/carlos-garach.jpg\" \/><\/div>\n<div class=\"v-d-cmp-chp__c\">\n<p class=\"v-d-cmp-chp__pre-t\">Carlos Garach <span class=\"v-d-cmp-chp__nd-pre-t\">Nataci\u00f3n<\/span><\/p>\n<\/div>\n<h3 class=\"v-d-cmp-chp__t\">El mundial de Doha debe abrir las aguas de Par\u00eds<\/h3>\n<\/header>\n<\/div>\n<\/div>\n<div id=\"wms-intext-multi1\" class=\"wms-intext\">\n<div id=\"sm-it-main-container-1707753086970\" class=\"sm-it-main-container\" data-it=\"dc84f73d-af8f-49fd-a344-40ed71f7e611\" data-device=\"desktop\" data-index=\"0\">\u00a0<\/div>\n<div id=\"jw-ms205205-multi1\">\u00a0<\/div>\n<\/div>\n<p class=\"v-p\">En nataci\u00f3n, Granada tambi\u00e9n cuenta con una opci\u00f3n real de estar en los Juegos Ol\u00edmpicos. Carlos Garach se jugar\u00e1 en el actual Mundial de Doha sus opciones de obtener una plaza en Par\u00eds 2024. Dado que este es el objetivo del nadador granadino, Garach tiene previsto nadar al m\u00e1ximo en la semifinal en la que se decidir\u00e1n las plazas de la final del evento. Si Garach obtiene en esta carrera el tiempo m\u00ednimo requerido por la FINA tendr\u00e1 su puesto asegurado para el evento ol\u00edmpico. No es complicado que Garach logre el tiempo necesario, ya que ha nadado en varias ocasiones por debajo de esta marca y el buen rendimiento que dio en las primeras pruebas de la temporada permite ser optimista con el nadador, que obtendr\u00eda plaza para las pruebas de aguas abiertas de los Juegos Ol\u00edmpicos de forma autom\u00e1tica si lograra plaza para nadar el 1.500 metros en Par\u00eds 2024. Antes de viajar a Doha, Garach se ha concentrado en Sierra Nevada para realizar un trabajo en altura que le permita llegar con las m\u00e1ximas opciones de hacer marca. Durante 2023, revalid\u00f3 sus t\u00edtulos como campe\u00f3n de Espa\u00f1a y ha realizado varias concentraciones en Italia con el grupo de trabajo del doble medallista ol\u00edmpico Gregorio Paltrinieri.<\/p>\n<div class=\"v-c-cmp v-c-cmp--t2\">\n<div class=\"v-d-cmp-chp\">\n<header class=\"v-d-cmp-chp__h\">\n<div class=\"v-d-cmp-chp__image\"><img data-recalc-dims=\"1\" decoding=\"async\" class=\"v-d-cmp-chp__img\" src=\"https:\/\/i0.wp.com\/s1.ppllstatics.com\/ideal\/www\/multimedia\/2024\/02\/08\/jordi-xammar.jpg?w=640&#038;ssl=1\" alt=\"Cambio en la pareja con la que lograr otra medalla\" data-src=\"https:\/\/s1.ppllstatics.com\/ideal\/www\/multimedia\/2024\/02\/08\/jordi-xammar.jpg\" \/><\/div>\n<div class=\"v-d-cmp-chp__c\">\n<p class=\"v-d-cmp-chp__pre-t\">Jordi Xammar <span class=\"v-d-cmp-chp__nd-pre-t\">Vela<\/span><\/p>\n<\/div>\n<h3 class=\"v-d-cmp-chp__t\">Cambio en la pareja con la que lograr otra medalla<\/h3>\n<\/header>\n<\/div>\n<\/div>\n<p class=\"v-p\">El regatista catal\u00e1n, bronce en Tokio 2020, est\u00e1 afincado en Granada desde hace varios a\u00f1os en donde vive con su mujer, granadina, y cuenta con una plaza ya asegurada para los Juegos Ol\u00edmpicos de Par\u00eds, en donde podr\u00e1 defender la presea obtenida. La presa de Rules es uno de sus lugares habituales de trabajo, aunque tambi\u00e9n suele salir en bicicleta por las carreteras de la provincia. Recientemente, estuvo concentrado en Sierra Nevada a pesar de que la cita ol\u00edmpica a\u00fan queda lejos. \u00abLe he cogido mucho cari\u00f1o a Granada\u00bb, asegur\u00f3 en una entrevista con IDEAL justo despu\u00e9s del bronce ol\u00edmpico de 2021. Ahora tiene ante s\u00ed el m\u00e1s dif\u00edcil todav\u00eda, en unos nuevos Juegos Ol\u00edmpicos a los que acudir\u00e1 con Nora Brugman para competir en el 470 mixto.<\/p>\n<div class=\"v-c-cmp v-c-cmp--t2\">\n<div class=\"v-d-cmp-chp\">\n<header class=\"v-d-cmp-chp__h\">\n<div class=\"v-d-cmp-chp__image\"><img data-recalc-dims=\"1\" decoding=\"async\" class=\"v-d-cmp-chp__img\" src=\"https:\/\/i0.wp.com\/s2.ppllstatics.com\/ideal\/www\/multimedia\/2024\/02\/08\/fatima-galvez.jpg?w=640&#038;ssl=1\" alt=\"La medallista sigue en forma para pelear por otro oro\" data-src=\"https:\/\/s2.ppllstatics.com\/ideal\/www\/multimedia\/2024\/02\/08\/fatima-galvez.jpg\" \/><\/div>\n<div class=\"v-d-cmp-chp__c\">\n<p class=\"v-d-cmp-chp__pre-t\">F\u00e1tima G\u00e1lvez <span class=\"v-d-cmp-chp__nd-pre-t\">Tiro<\/span><\/p>\n<\/div>\n<h3 class=\"v-d-cmp-chp__t\">La medallista sigue en forma para pelear por otro oro<\/h3>\n<\/header>\n<\/div>\n<\/div>\n<p class=\"v-p\">La tiradora cordobesa, oro en Tokio 2020, lleva a\u00f1os afincada en Las Gabias, en donde se encuentra el centro de alto rendimiento de su deporte. En 2022, logr\u00f3 la medalla de plata en el Campeonato del Mundo de tiro de 2022, que se disput\u00f3 en Croacia, y con el subcampeonato logr\u00f3 la segunda plaza ol\u00edmpica de Espa\u00f1a para los Juegos Ol\u00edmpicos de Par\u00eds 2024 en este deporte. Su objetivo ser\u00e1 estar entre los mejores y pelear por las medallas en una disciplina que se decide por detalles, como suele recordar habitualmente. Su cuarta plaza en R\u00edo de Janeiro 2016, el t\u00edtulo en Tokio 2020 y los recientes \u00e9xitos obtenidos a lo largo de esta olimpiada la confirman como otra candidata en Par\u00eds 2024.<\/p>\n<div class=\"v-c-cmp v-c-cmp--t2\">\n<div class=\"v-d-cmp-chp\">\n<header class=\"v-d-cmp-chp__h\">\n<div class=\"v-d-cmp-chp__image\"><img data-recalc-dims=\"1\" decoding=\"async\" class=\"v-d-cmp-chp__img\" src=\"https:\/\/i0.wp.com\/s3.ppllstatics.com\/ideal\/www\/multimedia\/2024\/02\/08\/roberto-carballes.jpg?w=640&#038;ssl=1\" alt=\"La inc\u00f3gnita de Nadal deja abierta la convocatoria\" data-src=\"https:\/\/s3.ppllstatics.com\/ideal\/www\/multimedia\/2024\/02\/08\/roberto-carballes.jpg\" \/><\/div>\n<div class=\"v-d-cmp-chp__c\">\n<p class=\"v-d-cmp-chp__pre-t\">Roberto Carball\u00e9s <span class=\"v-d-cmp-chp__nd-pre-t\">Tenis<\/span><\/p>\n<\/div>\n<h3 class=\"v-d-cmp-chp__t\">La inc\u00f3gnita de Nadal deja abierta la convocatoria<\/h3>\n<\/header>\n<\/div>\n<\/div>\n<p class=\"v-p\">El tenista granadino es el tercer mejor espa\u00f1ol clasificado en el ranking ATP en la actualidad y cuenta con opciones de estar en Par\u00eds 2024. Las reglas establecidas por la ITF incluyen, a priori, que para estar en los Juegos Ol\u00edmpicos se ha tenido que participar en la Copa Davis a lo largo de los dos \u00faltimos a\u00f1os, requisito que no cumple, pero la misma federaci\u00f3n establece numerosas excepciones entre las que puede colarse Carball\u00e9s. Los pr\u00f3ximos meses ser\u00e1n fundamentales para que se produzca la citaci\u00f3n ol\u00edmpica, que no se concretar\u00e1 hasta despu\u00e9s de Roland Garros. La inc\u00f3gnita de c\u00f3mo se encuentre Rafa Nadal es otro elemento importante en esta ecuaci\u00f3n, ya que si no estuviera en los Juegos Ol\u00edmpicos allanar\u00eda el camino al granadino. Roberto Carball\u00e9s, estable dentro del top-100 mundial desde hace muchos meses, es el tercer tenista espa\u00f1ol con mejor ranking ATP y aspira a dar un paso al frente en la temporada de tierra batida de Sudam\u00e9rica, en donde ya logr\u00f3 el t\u00edtulo del ATP 250 de Quito (Ecuador) en 2018, y que continuar\u00e1 en Europa y \u00c1frica m\u00e1s tarde, en donde tambi\u00e9n obtuvo en Marrakech el t\u00edtulo de campe\u00f3n en 2023 en el ATP 250.<\/p>\n<div class=\"v-c-cmp v-c-cmp--t2\">\n<div class=\"v-d-cmp-chp\">\n<header class=\"v-d-cmp-chp__h\">\n<div class=\"v-d-cmp-chp__image\"><img data-recalc-dims=\"1\" decoding=\"async\" class=\"v-d-cmp-chp__img\" src=\"https:\/\/i0.wp.com\/s1.ppllstatics.com\/ideal\/www\/multimedia\/2024\/02\/08\/nuria-parrizas.jpg?w=640&#038;ssl=1\" alt=\"Varios meses por delante para recuperar su mejor tenis\" data-src=\"https:\/\/s1.ppllstatics.com\/ideal\/www\/multimedia\/2024\/02\/08\/nuria-parrizas.jpg\" \/><\/div>\n<div class=\"v-d-cmp-chp__c\">\n<p class=\"v-d-cmp-chp__pre-t\">Nuria P\u00e1rrizas <span class=\"v-d-cmp-chp__nd-pre-t\">Tenis<\/span><\/p>\n<\/div>\n<h3 class=\"v-d-cmp-chp__t\">Varios meses por delante para recuperar su mejor tenis<\/h3>\n<\/header>\n<\/div>\n<\/div>\n<p class=\"v-p\">La tenista granadina es, ahora mismo, la sexta clasificada en el ranking de espa\u00f1olas de la WTA, pero es consciente de que todav\u00eda tiene opciones reales de participar con Espa\u00f1a en los Juegos Ol\u00edmpicos de Par\u00eds 2024. Tras un mal 2023, en donde estuvo lejos de su mejor tenis, obtuvo el t\u00edtulo en el WTA125 de Canberra. La victoria permiti\u00f3 a la granadina de 32 a\u00f1os recuperar 16 puestos en el ranking mundial y acercar su regreso al top-100, m\u00e1s pr\u00f3ximo tras su actuaci\u00f3n en el Transylvania Open. El triunfo en Canberra es el tercero de categor\u00eda WTA125 que P\u00e1rrizas consigue en su carrera. Los dos anteriores los hab\u00eda conquistado en 2021 en Bastad y Columbus. P\u00e1rrizas espera prolongar su buen inicio de a\u00f1o y si se confirma estar\u00e1 en condiciones este verano de optar a la citaci\u00f3n ol\u00edmpica, ya que ahora es la sexta mejor espa\u00f1ola de la clasificaci\u00f3n mundial.<\/p>\n<div class=\"v-c-cmp v-c-cmp--t2\">\n<div class=\"v-d-cmp-chp\">\n<header class=\"v-d-cmp-chp__h\">\n<div class=\"v-d-cmp-chp__image\"><img data-recalc-dims=\"1\" decoding=\"async\" class=\"v-d-cmp-chp__img\" src=\"https:\/\/i0.wp.com\/s2.ppllstatics.com\/ideal\/www\/multimedia\/2024\/02\/08\/laura-raw.jpg?w=640&#038;ssl=1\" alt=\"Una doble cita en primavera para optar a los Juegos\" data-src=\"https:\/\/s2.ppllstatics.com\/ideal\/www\/multimedia\/2024\/02\/08\/laura-raw.jpg\" \/><\/div>\n<div class=\"v-d-cmp-chp__c\">\n<p class=\"v-d-cmp-chp__pre-t\">Laura Garc\u00eda &#8216;Raw Law&#8217; <span class=\"v-d-cmp-chp__nd-pre-t\">Breakdance<\/span><\/p>\n<\/div>\n<h3 class=\"v-d-cmp-chp__t\">Una doble cita en primavera para optar a los Juegos<\/h3>\n<\/header>\n<\/div>\n<\/div>\n<p class=\"v-p\">El breakdance entra en 2024 en el programa ol\u00edmpico y la granadina Laura Garc\u00eda est\u00e1 dentro de la lista de 40 deportistas que participar\u00e1n en el preol\u00edmpico con el que se decidir\u00e1n las diez plazas que quedan por adjudicar para el evento de Par\u00eds. Hace unos d\u00edas, la Federaci\u00f3n Internacional de Baile Deportivo confirm\u00f3 el listado definitivo de atletas que estar\u00e1 en esta pelea previa a Par\u00eds. &#8216;Raw Law&#8217; es doble campeona de Espa\u00f1a y una de las dos bazas con las que cuenta Espa\u00f1a para estar representada en este deporte. Ella quiere estar en Par\u00eds, pero tampoco est\u00e1 obsesionada con ello y se toma estos meses con ambici\u00f3n, pero con calma. Participar\u00e1 en los eventos que vayan surgiendo, aunque no cuenten para la clasificaci\u00f3n para los Juegos Ol\u00edmpicos, ya que ser\u00e1 en mayo y junio, en dos eventos que se celebrar\u00e1n en Shangh\u00e1i y en Budapest, cuando se definan los participantes finales en la cita ol\u00edmpica<\/p>\n<p class=\"v-p\"><strong><a href=\"https:\/\/www.ideal.es\/autor\/antonio-sanchez-368.html\" data-mrf-link=\"https:\/\/www.ideal.es\/autor\/antonio-sanchez-368.html\">Antonio S\u00e1nchez<\/a><\/strong><\/p>\n<p>https:\/\/www.ideal.es\/deportes\/provincial-granada\/granada-mira-paris-2024-20240212135656-nt.html<\/p>\n<div class=\"v-mdl-ath__inf\">\n<p class=\"v-mdl-ath__p v-mdl-ath__p--3\">\u00a0<\/p>\n<\/div>\n","protected":false},"excerpt":{"rendered":"<p>Catorce deportistas aspiran a estar en la mayor cita del deporte mundial en la que&#8230;<\/p>\n","protected":false},"author":1,"featured_media":67149,"comment_status":"closed","ping_status":"closed","sticky":false,"template":"","format":"standard","meta":{"_coblocks_attr":"","_coblocks_dimensions":"","_coblocks_responsive_height":"","_coblocks_accordion_ie_support":"","jetpack_post_was_ever_published":false,"_jetpack_newsletter_access":"","_jetpack_dont_email_post_to_subs":false,"_jetpack_newsletter_tier_id":0,"_jetpack_memberships_contains_paywalled_content":false,"_jetpack_memberships_contains_paid_content":false,"footnotes":"","jetpack_publicize_message":"","jetpack_publicize_feature_enabled":true,"jetpack_social_post_already_shared":false,"jetpack_social_options":{"image_generator_settings":{"template":"highway","default_image_id":0,"enabled":false},"version":2}},"categories":[1161,44,6937],"tags":[],"class_list":["post-67148","post","type-post","status-publish","format-standard","has-post-thumbnail","hentry","category-ciudadania","category-noticias-de-hoy","category-sociedad"],"jetpack_publicize_connections":[],"jetpack_featured_media_url":"https:\/\/i0.wp.com\/miradordeatarfe.es\/wp-content\/uploads\/2024\/02\/cuadrada-v-kN5B-U2101474191629xcD-1200x840%40Ideal.webp?fit=1200%2C840&ssl=1","jetpack_likes_enabled":true,"jetpack_sharing_enabled":true,"_links":{"self":[{"href":"https:\/\/miradordeatarfe.es\/index.php?rest_route=\/wp\/v2\/posts\/67148","targetHints":{"allow":["GET"]}}],"collection":[{"href":"https:\/\/miradordeatarfe.es\/index.php?rest_route=\/wp\/v2\/posts"}],"about":[{"href":"https:\/\/miradordeatarfe.es\/index.php?rest_route=\/wp\/v2\/types\/post"}],"author":[{"embeddable":true,"href":"https:\/\/miradordeatarfe.es\/index.php?rest_route=\/wp\/v2\/users\/1"}],"replies":[{"embeddable":true,"href":"https:\/\/miradordeatarfe.es\/index.php?rest_route=%2Fwp%2Fv2%2Fcomments&post=67148"}],"version-history":[{"count":1,"href":"https:\/\/miradordeatarfe.es\/index.php?rest_route=\/wp\/v2\/posts\/67148\/revisions"}],"predecessor-version":[{"id":67150,"href":"https:\/\/miradordeatarfe.es\/index.php?rest_route=\/wp\/v2\/posts\/67148\/revisions\/67150"}],"wp:featuredmedia":[{"embeddable":true,"href":"https:\/\/miradordeatarfe.es\/index.php?rest_route=\/wp\/v2\/media\/67149"}],"wp:attachment":[{"href":"https:\/\/miradordeatarfe.es\/index.php?rest_route=%2Fwp%2Fv2%2Fmedia&parent=67148"}],"wp:term":[{"taxonomy":"category","embeddable":true,"href":"https:\/\/miradordeatarfe.es\/index.php?rest_route=%2Fwp%2Fv2%2Fcategories&post=67148"},{"taxonomy":"post_tag","embeddable":true,"href":"https:\/\/miradordeatarfe.es\/index.php?rest_route=%2Fwp%2Fv2%2Ftags&post=67148"}],"curies":[{"name":"wp","href":"https:\/\/api.w.org\/{rel}","templated":true}]}}