{"id":67161,"date":"2024-02-15T10:20:03","date_gmt":"2024-02-15T09:20:03","guid":{"rendered":"https:\/\/miradordeatarfe.es\/?p=67161"},"modified":"2024-02-15T20:16:33","modified_gmt":"2024-02-15T19:16:33","slug":"atarfe-maria-del-carmen-flores-martin-amadrina-un-aula","status":"publish","type":"post","link":"https:\/\/miradordeatarfe.es\/?p=67161","title":{"rendered":"ATARFE: MAR\u00cdA DEL CARMEN FLORES MART\u00cdN AMADRINA UN AULA"},"content":{"rendered":"<div style=\"text-align: justify;\">\u00a0<\/div>\n<div style=\"text-align: justify;\"><b>1.- \u00bf Que centro has amadrinado?<\/b><\/div>\n<div style=\"padding-left: 40px; text-align: justify;\">He colaborado con una charla relacionada con mi trabajo en el<strong> IES Ill\u00edberis <\/strong><strong><br \/>\n<\/strong><\/div>\n<div style=\"text-align: justify;\">\u00a0<\/div>\n<div style=\"text-align: justify;\"><b>1.- Y t\u00fa \u00bf de qui\u00e9n eres?\u00a0 te sugerimos : ( d\u00f3nde naciste, qui\u00e9nes son tus padres, motes si los tienen, composici\u00f3n de tu familia en especial de tus abuelos\u00a0 , amistades de peque\u00f1a y de joven.tu afici\u00f3n al voleibol ) tus vivencias de ATARFE<\/b><\/div>\n<div style=\"text-align: justify;\">\u00a0<\/div>\n<div style=\"text-align: justify;\">Nosotros somos de Caparacena, mis padres no son muy conocidos en Atarfe, aunque viven all\u00ed desde 1975. Se mudaron de Caparacena a Atarfe cuando \u00e9ramos peque\u00f1os, para que fu\u00e9ramos\u00a0al colegio y despu\u00e9s al instituto en Atarfe (en aquella \u00e9poca no hab\u00eda instituto en todos los pueblos).<\/div>\n<div style=\"text-align: justify;\">Mi hermano peque\u00f1o ya naci\u00f3 en Atarfe y tambi\u00e9n vive en el pueblo. El mayor y yo hemos pertenecido siempre al grupo de \u00abla cuchara de palo\u00bb , y muchas de las vivencias memorables est\u00e1n vinculadas a este gran grupo de amigos en la feria de Atarfe y el carnaval entre otras cosas&#8230;pues tambi\u00e9n llevan 30 a\u00f1os\u00a0 haciendo la olla de San Ant\u00f3n en mi casa de Caparacena.<\/div>\n<div style=\"text-align: justify;\">\u00a0<\/div>\n<div style=\"text-align: justify;\"><b>2.-\u00bf qu\u00e9 estudios has realizado? <br \/>\n<\/b><\/div>\n<div style=\"text-align: justify;\">\u00a0<\/div>\n<div style=\"text-align: justify;\">Estudi\u00e9 la licenciatura de Biolog\u00eda, los tres primeros a\u00f1os en Granada, y seguidamente realic\u00e9 la especialidad de Bioqu\u00edmica en Valencia&#8230;todo al mismo tiempo que mi hermano estudiaba telecomunicaciones en Barcelona, gracias a las becas que recibimos y al gran esfuerzo de mis padres.<\/div>\n<div style=\"text-align: justify;\">Nunca recib\u00ed un trato diferente en casa en lo que a estudiar se refiere por ser ni\u00f1a, y eso, trat\u00e1ndose de esa \u00e9poca, dice mucho en favor de mis padres.\u00a0<\/div>\n<div style=\"text-align: justify;\">Hubo un maestro en el colegio que marc\u00f3 un antes y un despu\u00e9s en mi vida cuando ten\u00eda 10 a\u00f1os; hasta ese momento mis notas eran m\u00e1s bien justitas,\u00a0 pero a ra\u00edz de un examen de matem\u00e1ticas que hice perfecto, me sac\u00f3 a la pizarra y me puso ante mis compa\u00f1eros como ejemplo de esfuerzo y superaci\u00f3n, constancia&#8230;.aquello supuso una inyecci\u00f3n de confianza, ilusi\u00f3n, ganas de hacer las cosas bien y no decepcionarlo. Su nombre era<strong> \u00abDon Joaqu\u00edn\u00bb<\/strong> y nunca olvidar\u00e9 aquello porque me inyect\u00f3 una gran dosis de confianza y autoestima&#8230;\u00a1que arma tan poderosa poder influir en los ni\u00f1os tanto en un sentido como en otro!<\/div>\n<div style=\"text-align: justify;\">Cuando estaba en tercero de BUP y le confes\u00e9 a mi profesor de biolog\u00eda que yo quer\u00eda\u00a0ser bi\u00f3loga, me dijo textualmente que me buscara un novio notario, pero eso fue una broma que no quiero que salga de contexto, ya que era un gran profesor y una persona respetuosa y justa. Finalmente entr\u00e9 en biolog\u00eda, y el notario nunca apareci\u00f3 ni fue buscado.<\/div>\n<div style=\"text-align: justify;\">\u00a0<\/div>\n<div style=\"text-align: justify;\"><b><a href=\"https:\/\/i0.wp.com\/miradordeatarfe.es\/wp-content\/uploads\/2024\/02\/1707904535310.jpg?ssl=1\"><img data-recalc-dims=\"1\" loading=\"lazy\" decoding=\"async\" class=\"alignnone wp-image-67245 size-full\" src=\"https:\/\/i0.wp.com\/miradordeatarfe.es\/wp-content\/uploads\/2024\/02\/1707904535310.jpg?resize=640%2C668&#038;ssl=1\" alt=\"\" width=\"640\" height=\"668\" srcset=\"https:\/\/i0.wp.com\/miradordeatarfe.es\/wp-content\/uploads\/2024\/02\/1707904535310.jpg?w=968&amp;ssl=1 968w, https:\/\/i0.wp.com\/miradordeatarfe.es\/wp-content\/uploads\/2024\/02\/1707904535310.jpg?resize=287%2C300&amp;ssl=1 287w, https:\/\/i0.wp.com\/miradordeatarfe.es\/wp-content\/uploads\/2024\/02\/1707904535310.jpg?resize=768%2C802&amp;ssl=1 768w\" sizes=\"auto, (max-width: 640px) 100vw, 640px\" \/><\/a>3.- Muchas mujeres tienen problemas para llegar a cumplir sus metas. \u00bf Te consideras Feminista?\u00a0 \u00bfcuales son los principales retos que la mujer debe superar para conseguir sus objetivos? \u00bf Es f\u00e1cil para una mujer meterse en el campo de la ciencia? \u00bf que dificultades has tenido que superar para llegar hasta donde hoy has llegado?<\/b><\/div>\n<div style=\"text-align: justify;\"><b>\u00a0<\/b><\/div>\n<div style=\"text-align: justify;\">Yo en particular no me he sentido nunca discriminada profesionalmente por ser mujer, e incluso mis padres con la limitaci\u00f3n econ\u00f3mica que hab\u00eda, nunca favorecieron a mi hermano en ese sentido, tuve las mismas oportunidades, pero reconozco que eso no era lo normal.<\/div>\n<div style=\"text-align: justify;\">Pienso que hoy en d\u00eda, muchas veces la limitaci\u00f3n est\u00e1 dentro de las mismas mujeres, por convicciones adquiridas en la infancia. Trabajo en una empresa que apuesta por la mujer y los j\u00f3venes, no estoy en la universidad ni en investigaci\u00f3n y no s\u00e9 si en ese contexto es distinto. Lo que s\u00ed pienso es que las mujeres nos auto presionamos\u00a0con los horarios y la dedicaci\u00f3n a la familia, ya que nos sentimos mal si no lo anteponemos a todo, y el hombre tradicionalmente sal\u00eda fuera de casa y no se lo planteaba, pero eso est\u00e1 cambiando tambi\u00e9n.<\/div>\n<div style=\"text-align: justify;\">Trabajo con m\u00e1s gente que hace lo mismo, lo cual te da flexibilidad, pero no siempre fue as\u00ed, ya que trabajando en peque\u00f1as empresas con poco personal y con muchas cosas que depend\u00edan de mi, no ten\u00eda esa flexibilidad y me llevaba trabajo a casa.<\/div>\n<div style=\"text-align: justify;\">\u00a0<\/div>\n<div style=\"text-align: justify;\"><b>4.- Solo el 19 % de las mujeres en Espa\u00f1a estudia una carrera cient\u00edfica , crees que hay cambiar los curr\u00edculos para favorecer la incorporaci\u00f3n de las mujeres a la ciencia? \u00bf Que le aconsejas a las chicas que hoy est\u00e1n prepar\u00e1ndose para estudiar una carrera y tienen dudas de que elegir?<\/b><\/div>\n<div style=\"text-align: justify;\">\u00a0<\/div>\n<div style=\"text-align: justify;\">Hay que intentar que la gente elija lo que realmente le gusta sin prejuicios. Creo que hay que influir en la mente de las ni\u00f1as desde la m\u00e1s tierna infancia, que sientan que pueden hacer lo que les gusta, y que tengan la oportunidad de conocer cosas distintas.<\/div>\n<div style=\"text-align: justify;\">En relaci\u00f3n a las dudas para elegir, debe ser aquello que te gusta y te apetece estudiar, despu\u00e9s ya se ir\u00e1 trazando el camino con esfuerzo, dedicaci\u00f3n y oportunidades.<\/div>\n<div style=\"text-align: justify;\">\u00a0<\/div>\n<div style=\"text-align: justify;\"><b>5.- \u00bfque sientes al amadrinar un centro en Atarfe? \u00bfcomo te has sentido en esta experiencia?<\/b><\/div>\n<div style=\"text-align: justify;\"><b>\u00a0<\/b><\/div>\n<div style=\"text-align: justify;\">Me siento responsable de trasladar a estas j\u00f3venes generaciones que es posible hacer una carrera de ciencias siendo un alumno normalito, sin un gran expediente, pero con vocaci\u00f3n y constancia, paso a paso y trabajar en lo que te gusta -aunque es cierto que nada es perfecto, ninguna situaci\u00f3n lo es- pero es posible aportar en este campo tu peque\u00f1o granito de arena, desde tu humilde posici\u00f3n. No hace falta aspirar a premio nobel o ser astronauta.<\/div>\n<div style=\"text-align: justify;\">Fue grato volver a mi instituto despu\u00e9s de 35 a\u00f1os y compartir mi experiencia con los chavales.<\/div>\n<div>\u00a0<\/div>\n<div style=\"text-align: justify;\"><a href=\"https:\/\/i0.wp.com\/miradordeatarfe.es\/wp-content\/uploads\/2024\/02\/1707904535299-1.jpg?ssl=1\"><img data-recalc-dims=\"1\" loading=\"lazy\" decoding=\"async\" class=\"alignnone wp-image-67246 size-large\" src=\"https:\/\/i0.wp.com\/miradordeatarfe.es\/wp-content\/uploads\/2024\/02\/1707904535299-1.jpg?resize=640%2C496&#038;ssl=1\" alt=\"\" width=\"640\" height=\"496\" srcset=\"https:\/\/i0.wp.com\/miradordeatarfe.es\/wp-content\/uploads\/2024\/02\/1707904535299-1.jpg?resize=1024%2C794&amp;ssl=1 1024w, https:\/\/i0.wp.com\/miradordeatarfe.es\/wp-content\/uploads\/2024\/02\/1707904535299-1.jpg?resize=300%2C233&amp;ssl=1 300w, https:\/\/i0.wp.com\/miradordeatarfe.es\/wp-content\/uploads\/2024\/02\/1707904535299-1.jpg?resize=768%2C595&amp;ssl=1 768w, https:\/\/i0.wp.com\/miradordeatarfe.es\/wp-content\/uploads\/2024\/02\/1707904535299-1.jpg?w=1032&amp;ssl=1 1032w\" sizes=\"auto, (max-width: 640px) 100vw, 640px\" \/><\/a><\/div>\n<div style=\"text-align: justify;\"><a href=\"https:\/\/i0.wp.com\/miradordeatarfe.es\/wp-content\/uploads\/2024\/02\/1707904535268-1.jpg?ssl=1\"><img data-recalc-dims=\"1\" loading=\"lazy\" decoding=\"async\" class=\"alignnone wp-image-67247 size-large\" src=\"https:\/\/i0.wp.com\/miradordeatarfe.es\/wp-content\/uploads\/2024\/02\/1707904535268-1.jpg?resize=640%2C644&#038;ssl=1\" alt=\"\" width=\"640\" height=\"644\" srcset=\"https:\/\/i0.wp.com\/miradordeatarfe.es\/wp-content\/uploads\/2024\/02\/1707904535268-1.jpg?resize=1018%2C1024&amp;ssl=1 1018w, https:\/\/i0.wp.com\/miradordeatarfe.es\/wp-content\/uploads\/2024\/02\/1707904535268-1.jpg?resize=298%2C300&amp;ssl=1 298w, https:\/\/i0.wp.com\/miradordeatarfe.es\/wp-content\/uploads\/2024\/02\/1707904535268-1.jpg?resize=150%2C150&amp;ssl=1 150w, https:\/\/i0.wp.com\/miradordeatarfe.es\/wp-content\/uploads\/2024\/02\/1707904535268-1.jpg?resize=768%2C772&amp;ssl=1 768w, https:\/\/i0.wp.com\/miradordeatarfe.es\/wp-content\/uploads\/2024\/02\/1707904535268-1.jpg?resize=1024%2C1030&amp;ssl=1 1024w, https:\/\/i0.wp.com\/miradordeatarfe.es\/wp-content\/uploads\/2024\/02\/1707904535268-1.jpg?w=1032&amp;ssl=1 1032w\" sizes=\"auto, (max-width: 640px) 100vw, 640px\" \/><\/a><img data-recalc-dims=\"1\" decoding=\"async\" class=\"ajT\" src=\"https:\/\/i0.wp.com\/ssl.gstatic.com\/ui\/v1\/icons\/mail\/images\/cleardot.gif?w=640&#038;ssl=1\" \/><\/div>\n","protected":false},"excerpt":{"rendered":"<p>\u00a0 1.- \u00bf Que centro has amadrinado? He colaborado con una charla relacionada con mi&#8230;<\/p>\n","protected":false},"author":1,"featured_media":67244,"comment_status":"closed","ping_status":"closed","sticky":false,"template":"","format":"standard","meta":{"_coblocks_attr":"","_coblocks_dimensions":"","_coblocks_responsive_height":"","_coblocks_accordion_ie_support":"","jetpack_post_was_ever_published":false,"_jetpack_newsletter_access":"","_jetpack_dont_email_post_to_subs":false,"_jetpack_newsletter_tier_id":0,"_jetpack_memberships_contains_paywalled_content":false,"_jetpack_memberships_contains_paid_content":false,"footnotes":"","jetpack_publicize_message":"","jetpack_publicize_feature_enabled":true,"jetpack_social_post_already_shared":false,"jetpack_social_options":{"image_generator_settings":{"template":"highway","default_image_id":0,"enabled":false},"version":2}},"categories":[10778,186,44],"tags":[],"class_list":["post-67161","post","type-post","status-publish","format-standard","has-post-thumbnail","hentry","category-feria-de-la-ciencia-atarfe","category-instituciones","category-noticias-de-hoy"],"jetpack_publicize_connections":[],"jetpack_featured_media_url":"https:\/\/i0.wp.com\/miradordeatarfe.es\/wp-content\/uploads\/2024\/02\/Maria-del-carmen-Flores-martin-1-1.jpg?fit=1152%2C887&ssl=1","jetpack_likes_enabled":true,"jetpack_sharing_enabled":true,"_links":{"self":[{"href":"https:\/\/miradordeatarfe.es\/index.php?rest_route=\/wp\/v2\/posts\/67161","targetHints":{"allow":["GET"]}}],"collection":[{"href":"https:\/\/miradordeatarfe.es\/index.php?rest_route=\/wp\/v2\/posts"}],"about":[{"href":"https:\/\/miradordeatarfe.es\/index.php?rest_route=\/wp\/v2\/types\/post"}],"author":[{"embeddable":true,"href":"https:\/\/miradordeatarfe.es\/index.php?rest_route=\/wp\/v2\/users\/1"}],"replies":[{"embeddable":true,"href":"https:\/\/miradordeatarfe.es\/index.php?rest_route=%2Fwp%2Fv2%2Fcomments&post=67161"}],"version-history":[{"count":5,"href":"https:\/\/miradordeatarfe.es\/index.php?rest_route=\/wp\/v2\/posts\/67161\/revisions"}],"predecessor-version":[{"id":67249,"href":"https:\/\/miradordeatarfe.es\/index.php?rest_route=\/wp\/v2\/posts\/67161\/revisions\/67249"}],"wp:featuredmedia":[{"embeddable":true,"href":"https:\/\/miradordeatarfe.es\/index.php?rest_route=\/wp\/v2\/media\/67244"}],"wp:attachment":[{"href":"https:\/\/miradordeatarfe.es\/index.php?rest_route=%2Fwp%2Fv2%2Fmedia&parent=67161"}],"wp:term":[{"taxonomy":"category","embeddable":true,"href":"https:\/\/miradordeatarfe.es\/index.php?rest_route=%2Fwp%2Fv2%2Fcategories&post=67161"},{"taxonomy":"post_tag","embeddable":true,"href":"https:\/\/miradordeatarfe.es\/index.php?rest_route=%2Fwp%2Fv2%2Ftags&post=67161"}],"curies":[{"name":"wp","href":"https:\/\/api.w.org\/{rel}","templated":true}]}}