{"id":67166,"date":"2024-02-14T10:22:10","date_gmt":"2024-02-14T09:22:10","guid":{"rendered":"https:\/\/miradordeatarfe.es\/?p=67166"},"modified":"2024-02-14T10:22:10","modified_gmt":"2024-02-14T09:22:10","slug":"encuentro-con-cientificas-en-el-parque-de-las-ciencias-en-la-que-estaba-la-atarfena-ana-del-aguila-perez","status":"publish","type":"post","link":"https:\/\/miradordeatarfe.es\/?p=67166","title":{"rendered":"Encuentro con cient\u00edficas en el Parque de las Ciencias en la que estaba la atarfe\u00f1a ANA DEL AGUILA P\u00c9REZ"},"content":{"rendered":"<header class=\"pg-head\">\n<h3 style=\"text-align: justify;\">32.000 alumnos de centros educativos de Andaluc\u00eda han celebrado el D\u00eda Internacional de la Mujer y la Ni\u00f1a en la Ciencia\u00a0<\/h3>\n<\/header>\n<div class=\"gd\">\n<div class=\"gdu u16 u-first\">\n<div class=\"pg-body\">\n<div class=\"mce-body \">\n<div class=\"mce\">\n<p class=\"mce\" style=\"text-align: justify;\">En la ma\u00f1ana del dia 11 de febrero ma\u00f1ana ha tenido lugar el \u00abEncuentro con cient\u00edficas\u00bb en el Parque de las Ciencias, con motivo de la celebraci\u00f3n del D\u00eda Internacional de la Mujer y la Ni\u00f1a en la Ciencia. Una actividad emitida en directo y seguida en l\u00ednea por m\u00e1s de 32 000 estudiantes de centros educativos de toda Andaluc\u00eda y por m\u00e1s de 400 de forma presencial.<\/p>\n<p class=\"mce\" style=\"text-align: justify;\">Hoy, buena parte del alumnado de Andaluc\u00eda ha disfrutado del \u00abEncuentro con cient\u00edficas\u00bb, emitido en directo desde el Auditorio Ernesto P\u00e1ramo del Parque de las Ciencias. Han sido m\u00e1s de 32 000 estudiantes de Andaluc\u00eda los que han seguido en l\u00ednea el evento desde sus propios centros educativos, un total de 537 centros conectados, y m\u00e1s de 400 las personas de la comunidad educativa que han asistido presencialmente.<\/p>\n<p><main class=\"c-single top-menu\"><\/p>\n<div class=\"o-single\">\n<div class=\"container container-total cont-1300\">\n<div class=\"o-single__grid\">\n<div class=\"o-single__content\">\n<div class=\"o-single__content__box\">\n<p style=\"text-align: justify;\"><a href=\"https:\/\/i0.wp.com\/miradordeatarfe.es\/wp-content\/uploads\/2024\/02\/deizquierdaaderechaanadelaguilapilararandamariajimenez2-1024x576-1.jpg?ssl=1\"><img data-recalc-dims=\"1\" loading=\"lazy\" decoding=\"async\" class=\"alignnone wp-image-67178 size-full\" src=\"https:\/\/i0.wp.com\/miradordeatarfe.es\/wp-content\/uploads\/2024\/02\/deizquierdaaderechaanadelaguilapilararandamariajimenez2-1024x576-1.jpg?resize=640%2C360&#038;ssl=1\" alt=\"\" width=\"640\" height=\"360\" srcset=\"https:\/\/i0.wp.com\/miradordeatarfe.es\/wp-content\/uploads\/2024\/02\/deizquierdaaderechaanadelaguilapilararandamariajimenez2-1024x576-1.jpg?w=1024&amp;ssl=1 1024w, https:\/\/i0.wp.com\/miradordeatarfe.es\/wp-content\/uploads\/2024\/02\/deizquierdaaderechaanadelaguilapilararandamariajimenez2-1024x576-1.jpg?resize=300%2C169&amp;ssl=1 300w, https:\/\/i0.wp.com\/miradordeatarfe.es\/wp-content\/uploads\/2024\/02\/deizquierdaaderechaanadelaguilapilararandamariajimenez2-1024x576-1.jpg?resize=768%2C432&amp;ssl=1 768w\" sizes=\"auto, (max-width: 640px) 100vw, 640px\" \/><\/a><\/p>\n<p style=\"text-align: justify;\">Un encuentro este, el de 2024, que se ha convertido en <strong>un hito sin precedentes en el Parque de las Ciencias<\/strong>, con la <strong>mayor cifra de asistentes en l\u00ednea de toda su historia<\/strong>. Ha sido una ma\u00f1ana llena de reconocimiento, motivaci\u00f3n y entusiasmo por la ciencia, en la que tres cient\u00edficas, de diferentes disciplinas, han compartido su experiencia y su trayectoria profesional con el objetivo de visibilizar la <strong>aportaci\u00f3n de la mujer al desarrollo cient\u00edfico y generar referentes femeninos<\/strong> <strong>en el campo de la investigaci\u00f3n<\/strong> <strong>entre el alumnado participante<\/strong> para favorecer su inter\u00e9s por los estudios de ciencia, tecnolog\u00eda o ingenier\u00eda.<\/p>\n<p style=\"text-align: justify;\">La celebraci\u00f3n ha comenzado con la bienvenida en l\u00ednea de <strong>Patricia del Pozo<\/strong>, presidenta del Consorcio Parque de las Ciencias y\u00a0consejera\u00a0de Desarrollo Educativo y Formaci\u00f3n Profesional de la Junta de Andaluc\u00eda; y ha continuado con un intercambio de experiencias, moderado por <strong>Pilar Aranda<\/strong>, exrectora y catedr\u00e1tica del departamento de Fisiolog\u00eda de la Universidad de Granada, que tambi\u00e9n ha participado en el mismo, y que ha contado, adem\u00e1s, con <strong>Ana del \u00c1guila<\/strong>, del Instituto Interuniversitario del Sistema Tierra (IISTA), doctora en Ingenier\u00eda en Ciencias Atmosf\u00e9ricas y Meteorolog\u00eda por la Universidad T\u00e9cnica de M\u00fanich; y con <strong>Mar\u00eda Jim\u00e9nez Portaz<\/strong>, de la Corporaci\u00f3n Tecnol\u00f3gica de Andaluc\u00eda (CTA), doctora en Ingenier\u00eda y M\u00e1ster en Hidr\u00e1ulica Ambiental por la Universidad de Montes.<\/p>\n<p style=\"text-align: justify;\">La actividad, organizada por el Parque de las Ciencias y el Gabinete para el Asesoramiento de la Convivencia e Igualdad de la Delegaci\u00f3n Territorial de Desarrollo Educativo y Formaci\u00f3n Profesional de la Junta de Andaluc\u00eda en Granada, ha contado con el apoyo de la Universidad de Granada, el Instituto Interuniversitario de Investigaci\u00f3n del Sistema Tierra en Andaluc\u00eda (IISTA-UGR) y la Corporaci\u00f3n Tecnol\u00f3gica de Andaluc\u00eda (CTA).<\/p>\n<p style=\"text-align: justify;\">A ello se a\u00f1ade la colaboraci\u00f3n de la Fundaci\u00f3n Espa\u00f1ola para la Ciencia y la Tecnolog\u00eda \u2013 Ministerio de Ciencia, Innovaci\u00f3n y Universidades vinculada, tambi\u00e9n, a la programaci\u00f3n de actividades <em>online<\/em> enmarcadas en la celebraci\u00f3n de la 26\u00aa Feria de la Ciencia.<\/p>\n<p style=\"text-align: justify;\"><strong>Sigue el encuentro en diferido aqu\u00ed:<\/strong> <a href=\"https:\/\/www.youtube.com\/live\/zxzdxTZ_lkk?si=5hPUdSm9TX1KfW9G\">https:\/\/www.youtube.com\/live\/zxzdxTZ_lkk?si=5hPUdSm9TX1KfW9G<\/a><\/p>\n<\/div>\n<\/div>\n<\/div>\n<\/div>\n<\/div>\n<p><\/main><\/div>\n<\/div>\n<\/div>\n<div class=\"tagbar\">\u00a0<\/div>\n<div class=\"container-button-comments\">FOTO: En la imagen principal, de izquierda a derecha: Luis Alcal\u00e1, Mar\u00eda Jim\u00e9nez, Pilar Aranda y <strong>Ana del \u00c1guila.<\/strong><\/div>\n<div>\u00a0<\/div>\n<div><a href=\"https:\/\/i0.wp.com\/miradordeatarfe.es\/wp-content\/uploads\/2024\/02\/luisalcalapilararandamariajimenezyanadelaguilaconalumnasparticipantes-1024x577-1.jpg?ssl=1\"><img data-recalc-dims=\"1\" loading=\"lazy\" decoding=\"async\" class=\"alignnone wp-image-67179 size-full\" src=\"https:\/\/i0.wp.com\/miradordeatarfe.es\/wp-content\/uploads\/2024\/02\/luisalcalapilararandamariajimenezyanadelaguilaconalumnasparticipantes-1024x577-1.jpg?resize=640%2C361&#038;ssl=1\" alt=\"\" width=\"640\" height=\"361\" srcset=\"https:\/\/i0.wp.com\/miradordeatarfe.es\/wp-content\/uploads\/2024\/02\/luisalcalapilararandamariajimenezyanadelaguilaconalumnasparticipantes-1024x577-1.jpg?w=1024&amp;ssl=1 1024w, https:\/\/i0.wp.com\/miradordeatarfe.es\/wp-content\/uploads\/2024\/02\/luisalcalapilararandamariajimenezyanadelaguilaconalumnasparticipantes-1024x577-1.jpg?resize=300%2C169&amp;ssl=1 300w, https:\/\/i0.wp.com\/miradordeatarfe.es\/wp-content\/uploads\/2024\/02\/luisalcalapilararandamariajimenezyanadelaguilaconalumnasparticipantes-1024x577-1.jpg?resize=768%2C433&amp;ssl=1 768w\" sizes=\"auto, (max-width: 640px) 100vw, 640px\" \/><\/a><\/div>\n<div>\u00a0<\/div>\n<div id=\"taboola-below-article-thumbnails-JOLNWS20240209_1580\" class=\" trc_related_container trc_spotlight_widget tbl-feed-container tbl-feed-frame-DIVIDER  render-late-effect\" data-taboola-content-id=\"JOLNWS20240209_1580\" data-feed-container-num=\"1\" data-feed-main-container-id=\"taboola-below-article-thumbnails-JOLNWS20240209_1580\" data-parent-placement-name=\"Below Article Thumbnails\" data-pub-lang=\"en\">\n<div class=\" tbl-feed-header tbl-logo-right-position\">\n<div class=\"tbl-feed-header-logo\">\u00a0<\/div>\n<\/div>\n<div id=\"taboola-below-article-thumbnails-JOLNWS20240209_1580-pl1\" class=\" trc_related_container trc_spotlight_widget trc_elastic trc_elastic_thumbs-feed-01-delta  tbl-feed-card \" data-card-index=\"1\" data-batch-num=\"1\" data-placement-name=\"Below Article Thumbnails | Card 1\">\n<div class=\"trc_rbox_container\" data-mrf-recirculation=\"Art\u00edculo - Taboola\">\n<div>\n<div id=\"trc_wrapper_55912\" class=\"trc_rbox thumbs-feed-01-delta trc-content-sponsored \">\n<div id=\"outer_55912\" class=\"trc_rbox_outer\">\n<div id=\"rbox-t2v\" class=\"trc_rbox_div trc_rbox_border_elm\">\n<div id=\"internal_trc_55912\">\n<div class=\"videoCube trc_spotlight_item origin-undefined thumbnail_top syndicatedItem textItem videoCube_1_child trc-first-recommendation trc-spotlight-first-recommendation  trc_excludable \" data-item-id=\"~~V1~~-8436757800829866546~~X-UIEqZcMOg1zNy6kdXI7YAHIzTw-5LtBi7-IJa4kqjnoZueAsnM0UTkqRiz-o8uuKa2_rupL9I0kvx1XVufut2qKIJrSNJ_InWKPTfYcgzi8Q9xrwCRV91TiD30JiLnHgBMwrtxdYHZewHW6gQSsYOByS54RnmXF2sUSS5KZIfXKcHEa9J5ErnSfRv7G4U4TS8Maux2jWC1gRU3nx5A7rEVxuOWKWhrQzvXHgQEr6voYD60qVYzKB_9uZqcHlwH\" data-item-title=\"Juega a este juego durante 1 minuto y ver\u00e1s por qu\u00e9 todos est\u00e1n enganchados\" data-item-thumb=\"http:\/\/cdn.taboola.com\/libtrc\/static\/thumbnails\/b50ba8a8b60ead52dfc8cbc75409ed8a.jpg\" data-item-syndicated=\"true\">\n<div class=\"thumbBlock_holder\">\u00a0<\/div>\n<\/div>\n<\/div>\n<\/div>\n<\/div>\n<\/div>\n<\/div>\n<\/div>\n<\/div>\n<\/div>\n<\/div>\n<\/div>\n","protected":false},"excerpt":{"rendered":"<p>32.000 alumnos de centros educativos de Andaluc\u00eda han celebrado el D\u00eda Internacional de la Mujer&#8230;<\/p>\n","protected":false},"author":1,"featured_media":67177,"comment_status":"closed","ping_status":"closed","sticky":false,"template":"","format":"standard","meta":{"_coblocks_attr":"","_coblocks_dimensions":"","_coblocks_responsive_height":"","_coblocks_accordion_ie_support":"","jetpack_post_was_ever_published":false,"_jetpack_newsletter_access":"","_jetpack_dont_email_post_to_subs":false,"_jetpack_newsletter_tier_id":0,"_jetpack_memberships_contains_paywalled_content":false,"_jetpack_memberships_contains_paid_content":false,"footnotes":"","jetpack_publicize_message":"","jetpack_publicize_feature_enabled":true,"jetpack_social_post_already_shared":true,"jetpack_social_options":{"image_generator_settings":{"template":"highway","default_image_id":0,"enabled":false},"version":2}},"categories":[187,9597,44],"tags":[],"class_list":["post-67166","post","type-post","status-publish","format-standard","has-post-thumbnail","hentry","category-centros-educativos","category-cientificos-atarfenos","category-noticias-de-hoy"],"jetpack_publicize_connections":[],"jetpack_featured_media_url":"https:\/\/i0.wp.com\/miradordeatarfe.es\/wp-content\/uploads\/2024\/02\/deizquierdaaderechaluisalcalamariajimenezpilararandaanadelaguila-1024x768-1.jpg?fit=1024%2C768&ssl=1","jetpack_likes_enabled":true,"jetpack_sharing_enabled":true,"_links":{"self":[{"href":"https:\/\/miradordeatarfe.es\/index.php?rest_route=\/wp\/v2\/posts\/67166","targetHints":{"allow":["GET"]}}],"collection":[{"href":"https:\/\/miradordeatarfe.es\/index.php?rest_route=\/wp\/v2\/posts"}],"about":[{"href":"https:\/\/miradordeatarfe.es\/index.php?rest_route=\/wp\/v2\/types\/post"}],"author":[{"embeddable":true,"href":"https:\/\/miradordeatarfe.es\/index.php?rest_route=\/wp\/v2\/users\/1"}],"replies":[{"embeddable":true,"href":"https:\/\/miradordeatarfe.es\/index.php?rest_route=%2Fwp%2Fv2%2Fcomments&post=67166"}],"version-history":[{"count":1,"href":"https:\/\/miradordeatarfe.es\/index.php?rest_route=\/wp\/v2\/posts\/67166\/revisions"}],"predecessor-version":[{"id":67180,"href":"https:\/\/miradordeatarfe.es\/index.php?rest_route=\/wp\/v2\/posts\/67166\/revisions\/67180"}],"wp:featuredmedia":[{"embeddable":true,"href":"https:\/\/miradordeatarfe.es\/index.php?rest_route=\/wp\/v2\/media\/67177"}],"wp:attachment":[{"href":"https:\/\/miradordeatarfe.es\/index.php?rest_route=%2Fwp%2Fv2%2Fmedia&parent=67166"}],"wp:term":[{"taxonomy":"category","embeddable":true,"href":"https:\/\/miradordeatarfe.es\/index.php?rest_route=%2Fwp%2Fv2%2Fcategories&post=67166"},{"taxonomy":"post_tag","embeddable":true,"href":"https:\/\/miradordeatarfe.es\/index.php?rest_route=%2Fwp%2Fv2%2Ftags&post=67166"}],"curies":[{"name":"wp","href":"https:\/\/api.w.org\/{rel}","templated":true}]}}