{"id":67172,"date":"2024-02-15T09:54:32","date_gmt":"2024-02-15T08:54:32","guid":{"rendered":"https:\/\/miradordeatarfe.es\/?p=67172"},"modified":"2024-02-15T10:49:52","modified_gmt":"2024-02-15T09:49:52","slug":"mas-cine-por-favor-por-juan-de-dios-villanueva-roa","status":"publish","type":"post","link":"https:\/\/miradordeatarfe.es\/?p=67172","title":{"rendered":"\u00abM\u00c1S CINE, POR FAVOR\u00bb por Juan de Dios Villanueva Roa"},"content":{"rendered":"<h3>Granada brillar\u00e1 dentro de un a\u00f1o en el mundo del cine.<\/h3>\n<p style=\"text-align: justify;\">S\u00ed, los frutos de aquel equipo que gobern\u00f3 este ayuntamiento hasta hace casi un a\u00f1o siguen brotando en las esferas nacionales e internacionales. Asistimos al desfile de las fuerzas armadas por calles y cielos nazar\u00edes, con un despliegue fabuloso de nuestros ej\u00e9rcitos; recibimos a los l\u00edderes europeos en nuestra ciudad, y marcharon de aqu\u00ed encantados del embrujo granadino, experiencias que sus millones de paisanos quieren repetir; y, desde la noche del pasado s\u00e1bado, Granada est\u00e1 en el punto de mira de la gala de los premios Goya 2025, que llegar\u00e1 con la magia de quienes se dedican al cine.<\/p>\n<p style=\"text-align: justify;\">As\u00ed lo dijo el presidente de la academia en Valladolid, y las c\u00e1maras enfocaron a una sonriente Paqui Carazo, quien se hab\u00eda acercado hasta su pueblo para recoger el testigo fruto del trabajo de su querido Paco Cuenca.<\/p>\n<p style=\"text-align: justify;\">Ahora toca dar la talla y no echarle balones a los dem\u00e1s. Este le toca a ella, porque los dem\u00e1s ya han puesto el foco en nuestras estrellas, y ser\u00e1 el actual gobierno quien prepare el campo de juego. Sabemos que todo saldr\u00e1 bien, muy bien, porque aqu\u00ed cuando nos ponemos, lo conseguimos. Y estas cosas, que tienen tanto esfuerzo de todo tipo detr\u00e1s, suponen una proyecci\u00f3n de nuestra tierra mucho m\u00e1s efectiva que salir en los medios discutiendo, culpando, criticando, echando culpas. Es de ser bien nacidos ser agradecidos, aunque en esta ocasi\u00f3n no sea preciso m\u00e1s reconocimiento que el de quienes han luchado por traer las estrellas del celuloide. Quedamos a la espera de conocer alguno de los proyectos del nuevo equipo de gobierno, que pasan los meses y solo bebe del pasado.<\/p>\n","protected":false},"excerpt":{"rendered":"<p>Granada brillar\u00e1 dentro de un a\u00f1o en el mundo del cine. S\u00ed, los frutos de&#8230;<\/p>\n","protected":false},"author":1,"featured_media":67173,"comment_status":"closed","ping_status":"closed","sticky":false,"template":"","format":"standard","meta":{"_coblocks_attr":"","_coblocks_dimensions":"","_coblocks_responsive_height":"","_coblocks_accordion_ie_support":"","jetpack_post_was_ever_published":false,"_jetpack_newsletter_access":"","_jetpack_dont_email_post_to_subs":false,"_jetpack_newsletter_tier_id":0,"_jetpack_memberships_contains_paywalled_content":false,"_jetpack_memberships_contains_paid_content":false,"footnotes":"","jetpack_publicize_message":"","jetpack_publicize_feature_enabled":true,"jetpack_social_post_already_shared":false,"jetpack_social_options":{"image_generator_settings":{"template":"highway","default_image_id":0,"enabled":false},"version":2}},"categories":[10781,9772,44],"tags":[],"class_list":["post-67172","post","type-post","status-publish","format-standard","has-post-thumbnail","hentry","category-granada","category-opinion-de-juan-de-dios-villanueva","category-noticias-de-hoy"],"jetpack_publicize_connections":[],"jetpack_featured_media_url":"https:\/\/i0.wp.com\/miradordeatarfe.es\/wp-content\/uploads\/2024\/02\/granada-premios-goya-2025_4_1000x574.png?fit=1000%2C574&ssl=1","jetpack_likes_enabled":true,"jetpack_sharing_enabled":true,"_links":{"self":[{"href":"https:\/\/miradordeatarfe.es\/index.php?rest_route=\/wp\/v2\/posts\/67172","targetHints":{"allow":["GET"]}}],"collection":[{"href":"https:\/\/miradordeatarfe.es\/index.php?rest_route=\/wp\/v2\/posts"}],"about":[{"href":"https:\/\/miradordeatarfe.es\/index.php?rest_route=\/wp\/v2\/types\/post"}],"author":[{"embeddable":true,"href":"https:\/\/miradordeatarfe.es\/index.php?rest_route=\/wp\/v2\/users\/1"}],"replies":[{"embeddable":true,"href":"https:\/\/miradordeatarfe.es\/index.php?rest_route=%2Fwp%2Fv2%2Fcomments&post=67172"}],"version-history":[{"count":1,"href":"https:\/\/miradordeatarfe.es\/index.php?rest_route=\/wp\/v2\/posts\/67172\/revisions"}],"predecessor-version":[{"id":67174,"href":"https:\/\/miradordeatarfe.es\/index.php?rest_route=\/wp\/v2\/posts\/67172\/revisions\/67174"}],"wp:featuredmedia":[{"embeddable":true,"href":"https:\/\/miradordeatarfe.es\/index.php?rest_route=\/wp\/v2\/media\/67173"}],"wp:attachment":[{"href":"https:\/\/miradordeatarfe.es\/index.php?rest_route=%2Fwp%2Fv2%2Fmedia&parent=67172"}],"wp:term":[{"taxonomy":"category","embeddable":true,"href":"https:\/\/miradordeatarfe.es\/index.php?rest_route=%2Fwp%2Fv2%2Fcategories&post=67172"},{"taxonomy":"post_tag","embeddable":true,"href":"https:\/\/miradordeatarfe.es\/index.php?rest_route=%2Fwp%2Fv2%2Ftags&post=67172"}],"curies":[{"name":"wp","href":"https:\/\/api.w.org\/{rel}","templated":true}]}}