{"id":67193,"date":"2024-02-17T11:24:34","date_gmt":"2024-02-17T10:24:34","guid":{"rendered":"https:\/\/miradordeatarfe.es\/?p=67193"},"modified":"2024-02-15T20:08:25","modified_gmt":"2024-02-15T19:08:25","slug":"atarfe-gloria-casado-chica-amadrina-un-aula","status":"publish","type":"post","link":"https:\/\/miradordeatarfe.es\/?p=67193","title":{"rendered":"ATARFE: GLORIA CASADO CHICA AMADRINA UN AULA"},"content":{"rendered":"<p style=\"text-align: justify;\">1.- <strong>\u00bfQu\u00e9 centro has amadrinado?<\/strong><\/p>\n<p style=\"text-align: justify;\">El Novaschool Medina Elvira.<\/p>\n<p style=\"text-align: justify;\"><strong>2- Y t\u00fa \u00bfde qui\u00e9n eres? Tu afici\u00f3n, tus vivencias de ATARFE<\/strong><\/p>\n<p style=\"text-align: justify;\">Mi familia paterna, se apodan los Villines. Mi abuelo, Pepe Vill\u00edn, era muy conocido por su negocio, ten\u00eda una tienda de electrodom\u00e9sticos en la Calle Real, y trajo el primer televisor al pueblo. A\u00f1os m\u00e1s tarde, algunos metros m\u00e1s abajo, sus hijos, Pepe y Manolo, montaron \u201cMuebles Al-Andalus\u201d, negocio que comenz\u00f3 antes de los a\u00f1os noventa en la Calle Ram\u00f3n y Cajal. \u00a0El hermano de mi padre, Manolo (Vill\u00edn), en su juventud, pinchaba discos en la famosa discoteca \u201cHoliday\u201d. Tras un tiempo cerrada, luego en mi adolescencia, el m\u00edtico local volvi\u00f3 a abrir sus puertas y de nuevo se convirti\u00f3 en punto de encuentro de nuestras pandillas de amigos y gente de alrededores.<\/p>\n<p style=\"text-align: justify;\">Mi madre, Gloria, es de El Jau. Al casarse se vino a vivir a Atarfe, al poco comenz\u00f3 a practicar yoga y se form\u00f3 como monitora de dicha disciplina, y estuvo dando clases en Atarfe durante muchos a\u00f1os.Durante mi primera infancia viv\u00ed en la Calle Alfonso Bail\u00f3n, cuando a\u00fan estaba la \u201cCasa de las Marquesas\u201d, y el pueblo acababa en \u201cLa Cruz de los Muertos\u201d. De ni\u00f1os jug\u00e1bamos en la calle, y uno de los juegos favoritos era irnos a la acequia que pasaba por la actual Calle \u201cLas Marquesas\u201d a coger bichos y otros entretenimientos.<\/p>\n<p style=\"text-align: justify;\">En la calle Jardines, estaba \u201cla Pruden\u201d que ten\u00eda una guarder\u00eda en su casa. Mi madre nos llevaba a mi hermano y a m\u00ed, antes de ir al Parvulario que estaba frente a la parte de atr\u00e1s del actual Centro Cultural. Recuerdo la emoci\u00f3n cada vez que \u201cla Pruden\u201d me pon\u00eda la gorra y nos sacaba de paseo por el Camino del Matadero. \u00a0Luego tiraron \u201cla Casa de las Marquesas\u201d, y en aquella explanada jug\u00e1bamos como si del mejor parque se tratara. Eso si, al f\u00fatbol segu\u00edamos jugando en la calle Alfonso Bail\u00f3n, que era \u201clisica\u201d y apenas pasaban coches.<\/p>\n<p><a href=\"https:\/\/i0.wp.com\/miradordeatarfe.es\/wp-content\/uploads\/2024\/02\/Imagen-de-WhatsApp-2024-02-15-a-las-17.04.25_ca264ed0.jpg?ssl=1\"><img data-recalc-dims=\"1\" loading=\"lazy\" decoding=\"async\" class=\"alignnone wp-image-67240 size-full\" src=\"https:\/\/i0.wp.com\/miradordeatarfe.es\/wp-content\/uploads\/2024\/02\/Imagen-de-WhatsApp-2024-02-15-a-las-17.04.25_ca264ed0.jpg?resize=640%2C480&#038;ssl=1\" alt=\"\" width=\"640\" height=\"480\" srcset=\"https:\/\/i0.wp.com\/miradordeatarfe.es\/wp-content\/uploads\/2024\/02\/Imagen-de-WhatsApp-2024-02-15-a-las-17.04.25_ca264ed0.jpg?w=2048&amp;ssl=1 2048w, https:\/\/i0.wp.com\/miradordeatarfe.es\/wp-content\/uploads\/2024\/02\/Imagen-de-WhatsApp-2024-02-15-a-las-17.04.25_ca264ed0.jpg?resize=300%2C225&amp;ssl=1 300w, https:\/\/i0.wp.com\/miradordeatarfe.es\/wp-content\/uploads\/2024\/02\/Imagen-de-WhatsApp-2024-02-15-a-las-17.04.25_ca264ed0.jpg?resize=1024%2C768&amp;ssl=1 1024w, https:\/\/i0.wp.com\/miradordeatarfe.es\/wp-content\/uploads\/2024\/02\/Imagen-de-WhatsApp-2024-02-15-a-las-17.04.25_ca264ed0.jpg?resize=768%2C576&amp;ssl=1 768w, https:\/\/i0.wp.com\/miradordeatarfe.es\/wp-content\/uploads\/2024\/02\/Imagen-de-WhatsApp-2024-02-15-a-las-17.04.25_ca264ed0.jpg?resize=1536%2C1152&amp;ssl=1 1536w, https:\/\/i0.wp.com\/miradordeatarfe.es\/wp-content\/uploads\/2024\/02\/Imagen-de-WhatsApp-2024-02-15-a-las-17.04.25_ca264ed0.jpg?resize=1320%2C990&amp;ssl=1 1320w, https:\/\/i0.wp.com\/miradordeatarfe.es\/wp-content\/uploads\/2024\/02\/Imagen-de-WhatsApp-2024-02-15-a-las-17.04.25_ca264ed0.jpg?w=1920&amp;ssl=1 1920w\" sizes=\"auto, (max-width: 640px) 100vw, 640px\" \/><\/a><\/p>\n<p style=\"text-align: justify;\"><strong>3.- \u00bfQu\u00e9 estudios has realizado? \u00bfQue\u00a0 an\u00e9cdotas\u00a0 recuerdas de tu etapa por los centros de Atarfe, universidad&#8230;?<\/strong><\/p>\n<p style=\"text-align: justify;\">De ni\u00f1a siempre quise ser maestra, pero, cosa rara, no me gustaba eso de ser funcionaria. As\u00ed que estudi\u00e9 Ciencias Ambientales en la Universidad de Granada, ya que siempre me gust\u00f3 mucho la qu\u00edmica, la biolog\u00eda, geolog\u00eda y todo lo relacionado con el medio natural.A los 19 a\u00f1os, estuve como voluntaria en campamentos de verano, lo que me hizo adquirir habilidades muy valiosas y experiencia que me sirvi\u00f3 para que ya antes de acabar la carrera, me contrataran en un Centro de Educaci\u00f3n Ambiental y realic\u00e9 proyectos de divulgaci\u00f3n ambiental con personas de todas las edades.<\/p>\n<p style=\"text-align: justify;\">No soy persona de una \u00fanica vocaci\u00f3n, pero s\u00ed que hay una cosa que me define y es mi car\u00e1cter emprendedor. En 2011 disfrut\u00e9 de una estancia en Alemania con una beca de la Uni\u00f3n Europea, y estuve trabajando con una ingeniera agr\u00f3noma. Aprend\u00ed sobre plantas y sus propiedades, y fue un campo que me fascin\u00f3. A mi vuelta, mont\u00e9 un negocio relacionado con el bienestar basado en productos ecol\u00f3gicos.<\/p>\n<p style=\"text-align: justify;\">Estoy constantemente en formaci\u00f3n, y al grupo que amadrin\u00e9 quise transmitir la importancia de esto, y que tambi\u00e9n es v\u00e1lido dedicarse a varias disciplinas. Lo m\u00e1s normal es que a\u00fan no tengan claro a lo que se quieren dedicar, y no pasa nada, que no se obsesionen con eso. Yo he reorientado mi rumbo profesional varias veces y todo me ha servido para llegar en el punto que estoy ahora.<\/p>\n<p style=\"text-align: justify;\">En mi trayectoria me he especializado en \u00e1mbitos como la educaci\u00f3n ambiental, la toxicolog\u00eda, la salud ambiental, la fitoterapia, aromaterapia y otras disciplinas. \u00a0 El estudio cient\u00edfico para m\u00ed ha sido fundamental, \u00a1pero siempre que me guste! (aun teniendo claro que en esta andadura hay muchos momentos en los que hay que realizar trabajos y tareas no tan atractivas). Adquirir ese conocimiento, e irlo aplicando, ir estudiando disciplinas complementarias, los aprendizajes del voluntariado, la experiencia laboral, equivocarme, la estancia en otro pa\u00eds, \u2026 todo ello me ha hecho ir definiendo mi metodolog\u00eda de trabajo y desarrollar un proyecto el que he volcado toda mi esencia.<\/p>\n<p style=\"text-align: justify;\">3.- <strong>Muchas mujeres tienen problemas para llegar a cumplir sus metas. \u00bfTe consideras Feminista?\u00a0 \u00bfcuales son los principales retos que la mujer debe superar para conseguir sus objetivos? \u00bf Es f\u00e1cil para una mujer meterse en el campo de la ciencia? \u00bf que dificultades has tenido que superar para llegar hasta donde hoy has llegado?<\/strong><\/p>\n<p style=\"text-align: justify;\">Creo que seg\u00fan sea el \u00e1mbito los retos que la mujer ha de superar pueden ser muy diferentes, pero desde luego est\u00e1n ah\u00ed de forma indiscutible. Sin duda para m\u00ed el h\u00e1ndicap m\u00e1s grande ha sido compaginar mi proyecto empresarial con la maternidad, visi\u00f3n en la que otras mujeres empresarias coinciden. Hace tiempo me mov\u00eda en ambientes m\u00e1s masculinos (en el \u00e1mbito empresarial) y aunque creo que en el mundo de la empresa cada vez hay m\u00e1s mujeres liderando proyectos, aunque a\u00fan queda mucho por hacer. No obstante, mi percepci\u00f3n es que en otros sectores la dificultad para la mujer es a\u00fan mayor.<\/p>\n<p style=\"text-align: justify;\"><strong>4.- Solo el 19 % de las mujeres en Espa\u00f1a estudia una carrera cient\u00edfica, crees que hay cambiar los curr\u00edculos para favorecer la incorporaci\u00f3n de las mujeres a la ciencia? \u00bfQu\u00e9 le aconsejas a las chicas que hoy est\u00e1n prepar\u00e1ndose para estudiar una carrera y tienen dudas de que elegir?<\/strong><\/p>\n<p style=\"text-align: justify;\">Creo que m\u00e1s de tratarse de cambiar los curr\u00edculos, se trata de un cambio estructural a nivel social, de un cambio de paradigma donde cada persona independientemente de su sexo o condici\u00f3n pueda acceder al conocimiento cient\u00edfico en igualdad de oportunidades. Veo tantos factores que influyen que ser\u00eda extenso mencionar.<\/p>\n<p style=\"text-align: justify;\">A las chicas les aconsejo que escuchen de verdad a su coraz\u00f3n, que escojan algo que realmente les guste. O al menos, que no escojan lo que no les guste. Yo suelo decir: \u201cNo s\u00e9 que es lo que m\u00e1s me gusta, pero si s\u00e9 lo que no me gusta\u201d Y que no tengan miedo a equivocarse, que prueben, que sino es hoy, ma\u00f1ana les dar\u00e1 una pista de \u201cpor donde tirar\u201d y sino, siempre hay oportunidad de reconducir su camino si as\u00ed lo sienten. Que no se queden con las ganas de probar. Sinceramente creo que no hay que poner el foco en aquello \u201cque tiene m\u00e1s salida\u201d porque cualquier profesi\u00f3n, cuando uno la ama y se esfuerza, se puede ejercer desde muchas miradas diferentes, y cada persona puede hacerla \u00fanica, enriquecerla y \u00fatil para el mundo. \u00a0<\/p>\n<p style=\"text-align: justify;\"><strong>5.- \u00bfQue sientes al amadrinar un centro en Atarfe? \u00bfcomo te has sentido en esta experiencia?<\/strong><\/p>\n<p style=\"text-align: justify;\">Siento mucha gratitud de haber podido amadrinar a un centro y charlar con esos j\u00f3venes que me han conectado con mi adolescencia. Ese poder contarles lo que yo hago y su buena participaci\u00f3n. \u00a1Y que les haya resultado interesante! Un honor de haber puesto mi granito de arena a este proyecto tan bonito.<\/p>\n<p><a href=\"https:\/\/i0.wp.com\/miradordeatarfe.es\/wp-content\/uploads\/2024\/02\/Imagen-de-WhatsApp-2024-02-15-a-las-17.04.25_260af55e.jpg?ssl=1\"><img data-recalc-dims=\"1\" loading=\"lazy\" decoding=\"async\" class=\"alignnone wp-image-67242 size-full\" src=\"https:\/\/i0.wp.com\/miradordeatarfe.es\/wp-content\/uploads\/2024\/02\/Imagen-de-WhatsApp-2024-02-15-a-las-17.04.25_260af55e.jpg?resize=640%2C480&#038;ssl=1\" alt=\"\" width=\"640\" height=\"480\" srcset=\"https:\/\/i0.wp.com\/miradordeatarfe.es\/wp-content\/uploads\/2024\/02\/Imagen-de-WhatsApp-2024-02-15-a-las-17.04.25_260af55e.jpg?w=2048&amp;ssl=1 2048w, https:\/\/i0.wp.com\/miradordeatarfe.es\/wp-content\/uploads\/2024\/02\/Imagen-de-WhatsApp-2024-02-15-a-las-17.04.25_260af55e.jpg?resize=300%2C225&amp;ssl=1 300w, https:\/\/i0.wp.com\/miradordeatarfe.es\/wp-content\/uploads\/2024\/02\/Imagen-de-WhatsApp-2024-02-15-a-las-17.04.25_260af55e.jpg?resize=1024%2C768&amp;ssl=1 1024w, https:\/\/i0.wp.com\/miradordeatarfe.es\/wp-content\/uploads\/2024\/02\/Imagen-de-WhatsApp-2024-02-15-a-las-17.04.25_260af55e.jpg?resize=768%2C576&amp;ssl=1 768w, https:\/\/i0.wp.com\/miradordeatarfe.es\/wp-content\/uploads\/2024\/02\/Imagen-de-WhatsApp-2024-02-15-a-las-17.04.25_260af55e.jpg?resize=1536%2C1152&amp;ssl=1 1536w, https:\/\/i0.wp.com\/miradordeatarfe.es\/wp-content\/uploads\/2024\/02\/Imagen-de-WhatsApp-2024-02-15-a-las-17.04.25_260af55e.jpg?resize=1320%2C990&amp;ssl=1 1320w, https:\/\/i0.wp.com\/miradordeatarfe.es\/wp-content\/uploads\/2024\/02\/Imagen-de-WhatsApp-2024-02-15-a-las-17.04.25_260af55e.jpg?w=1920&amp;ssl=1 1920w\" sizes=\"auto, (max-width: 640px) 100vw, 640px\" \/><\/a><\/p>\n","protected":false},"excerpt":{"rendered":"<p>1.- \u00bfQu\u00e9 centro has amadrinado? El Novaschool Medina Elvira. 2- Y t\u00fa \u00bfde qui\u00e9n eres?&#8230;<\/p>\n","protected":false},"author":1,"featured_media":67239,"comment_status":"closed","ping_status":"closed","sticky":false,"template":"","format":"standard","meta":{"_coblocks_attr":"","_coblocks_dimensions":"","_coblocks_responsive_height":"","_coblocks_accordion_ie_support":"","jetpack_post_was_ever_published":false,"_jetpack_newsletter_access":"","_jetpack_dont_email_post_to_subs":false,"_jetpack_newsletter_tier_id":0,"_jetpack_memberships_contains_paywalled_content":false,"_jetpack_memberships_contains_paid_content":false,"footnotes":"","jetpack_publicize_message":"","jetpack_publicize_feature_enabled":true,"jetpack_social_post_already_shared":true,"jetpack_social_options":{"image_generator_settings":{"template":"highway","default_image_id":0,"enabled":false},"version":2}},"categories":[9597,10778,44],"tags":[],"class_list":["post-67193","post","type-post","status-publish","format-standard","has-post-thumbnail","hentry","category-cientificos-atarfenos","category-feria-de-la-ciencia-atarfe","category-noticias-de-hoy"],"jetpack_publicize_connections":[],"jetpack_featured_media_url":"https:\/\/i0.wp.com\/miradordeatarfe.es\/wp-content\/uploads\/2024\/02\/C.jpg?fit=297%2C218&ssl=1","jetpack_likes_enabled":true,"jetpack_sharing_enabled":true,"_links":{"self":[{"href":"https:\/\/miradordeatarfe.es\/index.php?rest_route=\/wp\/v2\/posts\/67193","targetHints":{"allow":["GET"]}}],"collection":[{"href":"https:\/\/miradordeatarfe.es\/index.php?rest_route=\/wp\/v2\/posts"}],"about":[{"href":"https:\/\/miradordeatarfe.es\/index.php?rest_route=\/wp\/v2\/types\/post"}],"author":[{"embeddable":true,"href":"https:\/\/miradordeatarfe.es\/index.php?rest_route=\/wp\/v2\/users\/1"}],"replies":[{"embeddable":true,"href":"https:\/\/miradordeatarfe.es\/index.php?rest_route=%2Fwp%2Fv2%2Fcomments&post=67193"}],"version-history":[{"count":3,"href":"https:\/\/miradordeatarfe.es\/index.php?rest_route=\/wp\/v2\/posts\/67193\/revisions"}],"predecessor-version":[{"id":67243,"href":"https:\/\/miradordeatarfe.es\/index.php?rest_route=\/wp\/v2\/posts\/67193\/revisions\/67243"}],"wp:featuredmedia":[{"embeddable":true,"href":"https:\/\/miradordeatarfe.es\/index.php?rest_route=\/wp\/v2\/media\/67239"}],"wp:attachment":[{"href":"https:\/\/miradordeatarfe.es\/index.php?rest_route=%2Fwp%2Fv2%2Fmedia&parent=67193"}],"wp:term":[{"taxonomy":"category","embeddable":true,"href":"https:\/\/miradordeatarfe.es\/index.php?rest_route=%2Fwp%2Fv2%2Fcategories&post=67193"},{"taxonomy":"post_tag","embeddable":true,"href":"https:\/\/miradordeatarfe.es\/index.php?rest_route=%2Fwp%2Fv2%2Ftags&post=67193"}],"curies":[{"name":"wp","href":"https:\/\/api.w.org\/{rel}","templated":true}]}}