{"id":67215,"date":"2024-02-16T09:14:11","date_gmt":"2024-02-16T08:14:11","guid":{"rendered":"https:\/\/miradordeatarfe.es\/?p=67215"},"modified":"2024-02-15T12:07:17","modified_gmt":"2024-02-15T11:07:17","slug":"polivalentin-o-el-amor-en-tiempos-del-siglo-xxi-es-un-sentimiento-que-se-transforma","status":"publish","type":"post","link":"https:\/\/miradordeatarfe.es\/?p=67215","title":{"rendered":"Polivalent\u00edn o el amor en tiempos del siglo XXI: \u00abEs un sentimiento que se transforma\u00bb"},"content":{"rendered":"<header class=\"single-new-header\">\n<h3 class=\"single-subtitle\" style=\"text-align: justify;\">San Valent\u00edn llega a Granada con un amplio abanico relacional que muestra la libertad y diversidad de las relaciones amorosas<\/h3>\n<section>\n<div class=\"container\">\n<div class=\"row publi-border\">\n<div class=\"col-md-12 publicidad-item\">\n<div id=\"single-2\" class=\"publi-content\">\n<div class=\"code-block code-block-center code-block-59\"><ins id=\"revive-0-0\" data-revive-zoneid=\"35\" data-revive-id=\"3675e576db6d1cc6cb6554b6e5954dc7\" data-revive-seq=\"0\" data-revive-loaded=\"1\"><\/p>\n<div id=\"beacon_9e3e295d3d\"><img loading=\"lazy\" decoding=\"async\" src=\"https:\/\/granadadigitaladserver.granadadigital.es\/www\/delivery\/lg.php?bannerid=4212&amp;campaignid=2641&amp;zoneid=35&amp;loc=https%3A%2F%2Fwww.granadadigital.es%2Fpolivalentin-amor-tiempos-siglo-xxi%2F&amp;referer=https%3A%2F%2Fwww.granadadigital.es%2F&amp;cb=9e3e295d3d\" alt=\"\" width=\"0\" height=\"0\" \/>Cupido llega, como cada a\u00f1o, el 14 de febrero. Coge su arco y apunta con su plat\u00f3nica y puntiaguda flecha a las parejas tocadas por el dios Eros. Sin embargo, a veces esta peque\u00f1a y traviesa deidad lanza m\u00e1s de una saeta dando lugar a una diversidad de t\u00f3rtolos cada a\u00f1o m\u00e1s normalizada y aceptada por la sociedad. Granada es el Par\u00eds espa\u00f1ol y las calles se llenan de adoraci\u00f3n y ternura todos los d\u00edas del a\u00f1o gracias a su romanticismo. Pero, en fechas tan se\u00f1aladas el paisaje se ti\u00f1e de un color rosado m\u00e1s intenso.<\/div>\n<p><\/ins><\/div>\n<\/div>\n<\/div>\n<\/div>\n<\/div>\n<\/section>\n<\/header>\n<p style=\"text-align: justify;\">Entre flores y bombones, San Valent\u00edn es celebrado -o criticado- por parejas cada vez m\u00e1s distintas y <strong>alejadas de la norma socialmente aceptada<\/strong>. Hay uniones que no se estancan en el <strong>modelo mon\u00f3gamo<\/strong> tradicional, sino que han adoptado otros estilos de vida como la <strong>poligamia<\/strong> y <strong>poliamor. <\/strong>Como el refr\u00e1n afirma, compartir es querer. Ser pol\u00edgamo consiste en tener la posibilidad de enamorarte de m\u00e1s de una persona a la vez y poder tener una relaci\u00f3n que no se limite a la dualidad cl\u00e1sica. Ya lo dec\u00eda Gabriel Garc\u00eda M\u00e1rquez: \u00abSe puede estar enamorado de varias personas a la vez, y de todas con el mismo dolor, sin traicionar a ninguna\u00bb.<ins id=\"revive-0-3\" data-revive-zoneid=\"19\" data-revive-id=\"3675e576db6d1cc6cb6554b6e5954dc7\" data-revive-seq=\"3\" data-revive-loaded=\"1\"><\/ins><\/p>\n<p style=\"text-align: justify;\">Un t\u00e9rmino a menudo confundido con el poliamor es el de <strong>relaci\u00f3n abierta<\/strong>. Sin embargo, no equivalen en significado. Una relaci\u00f3n mon\u00f3gama o poliamorosa puede o no ser abierta. La apertura consiste en la libertad de los miembros que conforman el v\u00ednculo de mantener relaciones sexuales con personas ajenas al lazo emocional. Ni que decir tiene que todos estos v\u00ednculos est\u00e1n formados por las distintas sexualidades que conforman el g\u00e9nero humano: <strong>heterosexualidad, bisexualidad, asexualidad u homosexualidad<\/strong>.<\/p>\n<p style=\"text-align: justify;\">A menudo, San Valent\u00edn se asocia con el <strong>consumismo<\/strong> y el materialismo y se ve como una especie de <strong>imposici\u00f3n<\/strong>: \u00abaunque ese d\u00eda no tengas tiempo o no te apetezca, hay que celebrarlo y gastar dinero en ello\u00bb, comenta un granadino. Con esta perspectiva concuerdan otras que defienden que \u00abnada ni nadie tiene que imponernos un d\u00eda en el que celebrar que estamos enamorados. Nosotros lo sabemos, lo expresamos de otras formas y no creemos importante un d\u00eda para ello\u00bb. Se prefieren los detalles sorpresa: \u00absomos m\u00e1s de buscar d\u00edas improvisados para la celebraci\u00f3n, sin buscar motivo\u00bb. Sin embargo, no se cae en la cr\u00edtica radical: \u00abes bonito que exista un d\u00eda para celebrar el amor, aunque estar\u00eda bien hacerlo con una<strong> perspectiva cr\u00edtica<\/strong>: \u00bflo celebro porque me apetece o porque es lo que toca?\u00bb. Otros afirman que \u00absi de verdad estas enamorado lo demuestras con <strong>acciones<\/strong> y con hechos <strong>d\u00eda a d\u00eda<\/strong>\u00ab.<\/p>\n<p style=\"text-align: justify;\">El amor, cuando lo escuchamos en boca de las personas cercanas, cobra un sentido mayor. \u00abEl amor es un sentimiento, una uni\u00f3n y un <strong>compromiso<\/strong>. Sobre todo, con el paso del tiempo, nos hemos dado cuenta de que es un sentimiento que se <strong>transforma<\/strong>, que pasa de lo qu\u00edmico a lo personal, es una <strong>libre elecci\u00f3n<\/strong> d\u00eda a d\u00eda\u00bb. Una afirmaci\u00f3n con la que otra pareja concuerda, pues \u00abes compartir, <strong>crecer<\/strong> con la otra persona, <strong>estar en lo bueno y en lo malo<\/strong>\u00ab.<\/p>\n<div id=\"attachment_376382\" class=\"wp-caption alignleft\" style=\"text-align: justify;\"><img data-recalc-dims=\"1\" loading=\"lazy\" decoding=\"async\" class=\"wp-image-376382\" src=\"https:\/\/i0.wp.com\/www.granadadigital.es\/wp-content\/uploads\/2020\/07\/hugging-571076_960_720-630x420.jpg?resize=536%2C357&#038;ssl=1\" alt=\"\" width=\"536\" height=\"357\" aria-describedby=\"caption-attachment-376382\" \/><\/p>\n<p id=\"caption-attachment-376382\" class=\"wp-caption-text\">\u00abAbrazar en silencio cuando algo no va bien\u00bb<\/p>\n<\/div>\n<p style=\"text-align: justify;\">El amor es, adem\u00e1s, un lenguaje o, m\u00e1s bien, lenguajes. Seg\u00fan Gary Chapman, existen <strong>cinco dialectos<\/strong> para expresarlo: tiempo de calidad, palabras de afirmaci\u00f3n, actos de servicio, regalos o contacto f\u00edsico. Seg\u00fan el mundo creado entre dos personas y sus individualidades puestas en com\u00fan, podr\u00e1n predominar unos sobre otros. \u00abEl mejor lenguaje es el del silencio. El saber <strong>respetar el espacio<\/strong> de la otra persona, <strong>abrazar en silencio cuando algo no va bien<\/strong>, la sensaci\u00f3n de tener a una persona que te espera en casa&#8230;\u00bb, comparte una de las parejas. Y es que a veces, <strong>cuando los cuerpos hablan, sobran las palabras<\/strong>.<\/p>\n<p style=\"text-align: justify;\">El<strong> tiempo de calidad<\/strong> es uno de los idiomas preferidos, pudiendo compartir \u00abmiradas\u00bb como menciona otra de las parejas, cuya relaci\u00f3n es la mayor parte del tiempo a distancia, por lo que \u00abcualquier momento que podamos aprovechar para vernos lo invertimos en nosotros\u00bb. Es sabido que los ojos son el espejo del alma y <strong>cuando en el alma habita el ser amado, las orbes hablan por s\u00ed solas<\/strong>.<\/p>\n<p style=\"text-align: justify;\">Sin embargo, las letras tampoco sobran y las <strong>palabras de afirmaci\u00f3n<\/strong> son algo esencial en un v\u00ednculo: \u00abConsidero muy importante que mi pareja me aporte seguridad, certeza, estabilidad y tranquilidad en cuanto a nuestra relaci\u00f3n, al mismo tiempo que yo puedo aportar todo eso. Las palabras de afirmaci\u00f3n son un lenguaje del amor que tambi\u00e9n me aporta cierta <strong>calma<\/strong>\u00ab.<\/p>\n<p style=\"text-align: justify;\">Tambi\u00e9n destacan los <strong>regalos<\/strong>, aunque no en su vertiente m\u00e1s capitalista, sino en la <strong>detallista<\/strong> y de dedicaci\u00f3n e inter\u00e9s en los gustos de la pareja, \u00abtodos los regalos tienen su parte bonita porque la otra persona ha dedicado un tiempo exclusivo para agradarnos\u00bb, \u00able damos m\u00e1s importancia a detalles menos materiales, como una carta\u00bb, \u00abno fue en San Valent\u00edn, casualmente fue en febrero un d\u00eda cualquiera, me regalo una experiencia en las monta\u00f1as para empezar a subir v\u00eda ferrata. A partir de eso, nos hemos vuelto adictos a hacer actividades de monta\u00f1a\u00bb confiesan los enamorados. Otra pareja se\u00f1ala la importancia del <strong>contacto f\u00edsico<\/strong> \u00abporque denota cercan\u00eda y confianza con respecto al cuerpo y la persona de mi pareja\u00bb.<\/p>\n<p style=\"text-align: justify;\">Aunque, como dice otra de las relaciones, \u00abes importante que se experimenten todos los lenguajes del amor, en mayor o menor medida, de manera rec\u00edproca, siempre entiendo c\u00f3mo ama cada uno y qu\u00e9 manera tiene de expresarlo\u00bb.<\/p>\n<p style=\"text-align: justify;\">Dentro de este d\u00eda tambi\u00e9n tienen cabida los <strong>corazones rotos <\/strong>y el<strong> desamor<\/strong>. Es importante recordar que no existe un s\u00f3lo tipo de amor, el rom\u00e1ntico, sino que el d\u00eda a d\u00eda est\u00e1 lleno de este sentimiento: la familia, los amigos, los peque\u00f1os peludos que reparten cari\u00f1o y compa\u00f1\u00eda o tener tiempo para dedicarlo a los hobbies favoritos. Reivindicar el amor pasa por un <strong>cambio transversal<\/strong>, consiste en colocar en la misma balanza todos los tipos de afecto y darles el mismo peso, \u00abpara mis relaciones considero que tener un <strong>equilibrio<\/strong> es muy necesario\u00bb.<\/p>\n<p style=\"text-align: justify;\">Como habr\u00e1 podido comprobar el lector, en ning\u00fan momento se mencionan nombres ni detalles sobre las personas implicadas. Entre estos testimonios encontramos personas homosexuales, bisexuales, heterosexuales, con una relaci\u00f3n mon\u00f3gama, abierta o poliamorosa. <strong>\u00bfPodr\u00eda distinguir qu\u00e9 testimonio pertenece a cada uno?<\/strong> Imposible, porque el amor es un lenguaje universal que se puede representar en lo local y en lo individual. Y es que, recordando la famosa cita de Cort\u00e1zar en Rayuela, \u00ab<strong>como si se pudiese elegir en el amor, como si no fuera un rayo que te parte los huesos y te deja estaqueado en la mitad del patio\u00bb.<\/strong><\/p>\n<section>\n<div class=\"single-new-img\">\n<figure><figcaption class=\"caption wp-caption-text\"><strong><span class=\"single-new-author\">Diana Ioana<\/span><\/strong><\/p>\n<p>FOTO: Pareja en las calles de Granada | Foto: Archivo GD<\/p>\n<p>https:\/\/www.granadadigital.es\/polivalentin-amor-tiempos-siglo-xxi\/<\/figcaption><\/figure>\n<\/div>\n<div class=\"row single-new-content\">\n<div class=\"col-md-8 content-left\">\u00a0<\/div>\n<\/div>\n<\/section>\n<div class=\"addtoany_share_save_container addtoany_content addtoany_content_top\">\n<div class=\"a2a_kit a2a_kit_size_32 addtoany_list\" data-a2a-url=\"https:\/\/www.granadadigital.es\/polivalentin-amor-tiempos-siglo-xxi\/\" data-a2a-title=\"Polivalent\u00edn o el amor en tiempos del siglo XXI: &quot;Es un sentimiento que se transforma&quot;\">\u00a0<\/div>\n<\/div>\n","protected":false},"excerpt":{"rendered":"<p>San Valent\u00edn llega a Granada con un amplio abanico relacional que muestra la libertad y&#8230;<\/p>\n","protected":false},"author":1,"featured_media":67216,"comment_status":"closed","ping_status":"closed","sticky":false,"template":"","format":"standard","meta":{"_coblocks_attr":"","_coblocks_dimensions":"","_coblocks_responsive_height":"","_coblocks_accordion_ie_support":"","jetpack_post_was_ever_published":false,"_jetpack_newsletter_access":"","_jetpack_dont_email_post_to_subs":false,"_jetpack_newsletter_tier_id":0,"_jetpack_memberships_contains_paywalled_content":false,"_jetpack_memberships_contains_paid_content":false,"footnotes":"","jetpack_publicize_message":"","jetpack_publicize_feature_enabled":true,"jetpack_social_post_already_shared":true,"jetpack_social_options":{"image_generator_settings":{"template":"highway","default_image_id":0,"enabled":false},"version":2}},"categories":[1161,44,6937],"tags":[],"class_list":["post-67215","post","type-post","status-publish","format-standard","has-post-thumbnail","hentry","category-ciudadania","category-noticias-de-hoy","category-sociedad"],"jetpack_publicize_connections":[],"jetpack_featured_media_url":"https:\/\/i0.wp.com\/miradordeatarfe.es\/wp-content\/uploads\/2024\/02\/1500x1000.00_00_15_19-1010x673-1.jpg?fit=1010%2C673&ssl=1","jetpack_likes_enabled":true,"jetpack_sharing_enabled":true,"_links":{"self":[{"href":"https:\/\/miradordeatarfe.es\/index.php?rest_route=\/wp\/v2\/posts\/67215","targetHints":{"allow":["GET"]}}],"collection":[{"href":"https:\/\/miradordeatarfe.es\/index.php?rest_route=\/wp\/v2\/posts"}],"about":[{"href":"https:\/\/miradordeatarfe.es\/index.php?rest_route=\/wp\/v2\/types\/post"}],"author":[{"embeddable":true,"href":"https:\/\/miradordeatarfe.es\/index.php?rest_route=\/wp\/v2\/users\/1"}],"replies":[{"embeddable":true,"href":"https:\/\/miradordeatarfe.es\/index.php?rest_route=%2Fwp%2Fv2%2Fcomments&post=67215"}],"version-history":[{"count":1,"href":"https:\/\/miradordeatarfe.es\/index.php?rest_route=\/wp\/v2\/posts\/67215\/revisions"}],"predecessor-version":[{"id":67217,"href":"https:\/\/miradordeatarfe.es\/index.php?rest_route=\/wp\/v2\/posts\/67215\/revisions\/67217"}],"wp:featuredmedia":[{"embeddable":true,"href":"https:\/\/miradordeatarfe.es\/index.php?rest_route=\/wp\/v2\/media\/67216"}],"wp:attachment":[{"href":"https:\/\/miradordeatarfe.es\/index.php?rest_route=%2Fwp%2Fv2%2Fmedia&parent=67215"}],"wp:term":[{"taxonomy":"category","embeddable":true,"href":"https:\/\/miradordeatarfe.es\/index.php?rest_route=%2Fwp%2Fv2%2Fcategories&post=67215"},{"taxonomy":"post_tag","embeddable":true,"href":"https:\/\/miradordeatarfe.es\/index.php?rest_route=%2Fwp%2Fv2%2Ftags&post=67215"}],"curies":[{"name":"wp","href":"https:\/\/api.w.org\/{rel}","templated":true}]}}