{"id":67218,"date":"2024-02-18T11:10:41","date_gmt":"2024-02-18T10:10:41","guid":{"rendered":"https:\/\/miradordeatarfe.es\/?p=67218"},"modified":"2024-02-15T12:23:54","modified_gmt":"2024-02-15T11:23:54","slug":"la-profesora-atarfena-de-biologia-y-geografia-maria-lucena-participa-en-un-estudio-sobre-el-lince-iberico","status":"publish","type":"post","link":"https:\/\/miradordeatarfe.es\/?p=67218","title":{"rendered":"La profesora  ATARFE\u00d1A de biolog\u00eda y geograf\u00eda Mar\u00eda Lucena participa en un estudio sobre el lince ib\u00e9rico"},"content":{"rendered":"<h3 class=\"a_t\" style=\"text-align: justify;\">El lince ib\u00e9rico se cruz\u00f3 con el boreal en el pasado y mejor\u00f3 su diversidad gen\u00e9tica.La comparaci\u00f3n del ADN de felinos de hace milenios y actuales muestra que ejemplares de ambas especies se aparearon hasta hace unos siglos.<\/h3>\n<p class=\"\" style=\"text-align: justify;\">El lince ib\u00e9rico es <a href=\"https:\/\/elpais.com\/elpais\/2016\/12\/13\/ciencia\/1481658062_947318.html\" target=\"_blank\" rel=\"noopener\" data-link-track-dtm=\"\" data-mrf-link=\"https:\/\/elpais.com\/elpais\/2016\/12\/13\/ciencia\/1481658062_947318.html\">el animal amenazado con menor diversidad gen\u00e9tica del mundo<\/a> y eso le complica su futuro en un mundo cambiante. Sin embargo, la comparaci\u00f3n entre ejemplares de hace entre 4.000 y 2.000 a\u00f1os muestra ahora como en el pasado ten\u00eda a\u00fan menos variedad de genes. Un trabajo reci\u00e9n publicado en <a href=\"https:\/\/www.nature.com\/articles\/s41559-023-02267-7\" target=\"_blank\" rel=\"noopener\" data-link-track-dtm=\"\" data-mrf-link=\"https:\/\/www.nature.com\/articles\/s41559-023-02267-7\"><i>Nature Ecology &amp; Evolution<\/i><\/a><i> <\/i>desvela que, en tiempos relativamente recientes, linces ib\u00e9ricos y boreales se cruzaron m\u00e1s de una vez en el nordeste de Espa\u00f1a. Aquella mezcla diversific\u00f3 el acervo gen\u00e9tico y pudo ayudar a la supervivencia de los primeros.<\/p>\n<p class=\"\" style=\"text-align: justify;\">A comienzos de siglo, cuando la extinci\u00f3n del lince ib\u00e9rico parec\u00eda inevitable, algunos cient\u00edficos propusieron cruzar linces de Sierra Morena, donde quedaban 53, con los de Do\u00f1ana, donde hab\u00eda 41, muchos conservacionistas se llevaron las manos a la cabeza consider\u00e1ndolo causa de anatema. En apenas 20 a\u00f1os, <a href=\"https:\/\/elpais.com\/clima-y-medio-ambiente\/2023-05-19\/el-lince-llega-a-los-1668-ejemplares-la-mitad-del-camino-para-dejar-de-estar-considerado-en-peligro.html\" target=\"_blank\" rel=\"noopener\" data-link-track-dtm=\"\" data-mrf-link=\"https:\/\/elpais.com\/clima-y-medio-ambiente\/2023-05-19\/el-lince-llega-a-los-1668-ejemplares-la-mitad-del-camino-para-dejar-de-estar-considerado-en-peligro.html\">la poblaci\u00f3n ha subido a 1.668 felinos<\/a>, un tercio de ellos cr\u00edas, que han expandido su territorio desde el sur de Portugal hasta Murcia, pasando por Extremadura y los montes de Toledo, llegando a ser visto en el suroeste de Madrid. Aunque el \u00e9xito tiene muchos padres y madres, el investigador del CSIC en la Estaci\u00f3n Biol\u00f3gica de Do\u00f1ana, Jos\u00e9 Godoy, recuerda que \u201cla poblaci\u00f3n del parque estaba muy comprometida, con un elevado nivel de consanguinidad, y el hecho de cruzarla con la poblaci\u00f3n de And\u00fajar supuso restaurar su gen\u00e9tica, restaurando adem\u00e1s su capacidad de crecer, su demograf\u00eda\u201d.<\/p>\n<p class=\"\" style=\"text-align: justify;\">Godoy, que lidera el programa gen\u00e9tico del lince ib\u00e9rico, es el autor s\u00e9nior de este nuevo estudio que confirma que ejemplares de esta especie se aparearon con linces boreales y tuvieron descendencia, diversificando as\u00ed su genoma, algo que han podido observar tras comparar datos gen\u00e9ticos de ejemplares de ambas especies del presente y el pasado. En concreto, la investigaci\u00f3n parti\u00f3 de la secuenciaci\u00f3n del genoma de tres linces que vivieron en la pen\u00ednsula ib\u00e9rica hace 2.070 a\u00f1os uno, 2.570 a\u00f1os un segundo y 4.270 el tercero. Despu\u00e9s los compararon con el de una treintena de linces ib\u00e9ricos actuales de las dos poblaciones originales (And\u00fajar y Do\u00f1ana) y con otra docena de linces boreales procedentes de varios puntos, desde Alemania hasta Siberia. Para tener todas las piezas del rompecabezas, incluyeron tambi\u00e9n la informaci\u00f3n gen\u00e9tica de un lince boreal que vivi\u00f3 en lo que hoy es Vizcaya.<\/p>\n<figure class=\"a_m a_m-h \" style=\"text-align: justify;\"><span class=\"_db a_m_w _pr lb_btn\"><img data-recalc-dims=\"1\" loading=\"lazy\" decoding=\"async\" class=\"_re lazyload a_m-h alignleft\" src=\"https:\/\/i0.wp.com\/imagenes.elpais.com\/resizer\/m48KPun0cXo0C5Zvk2ojE3X25Kw%3D\/414x0\/cloudfront-eu-central-1.images.arcpublishing.com\/prisa\/HAASFDNZPVAQ7AN7L5R6PIEFMM.jpg?resize=414%2C276&#038;ssl=1\" sizes=\"auto, (min-width:1199px) 1155px,(min-width:1001px) calc(100vw - 44px),(min-width:768px) 767px, 100vw\" srcset=\"https:\/\/imagenes.elpais.com\/resizer\/m48KPun0cXo0C5Zvk2ojE3X25Kw=\/414x0\/cloudfront-eu-central-1.images.arcpublishing.com\/prisa\/HAASFDNZPVAQ7AN7L5R6PIEFMM.jpg 414w,https:\/\/imagenes.elpais.com\/resizer\/IeY5IjmzbkE2S-YdrP1ajE7bgcY=\/828x0\/cloudfront-eu-central-1.images.arcpublishing.com\/prisa\/HAASFDNZPVAQ7AN7L5R6PIEFMM.jpg 640w,https:\/\/imagenes.elpais.com\/resizer\/2vySvZnoIYURSmd3vkhjm6tAmBE=\/980x0\/cloudfront-eu-central-1.images.arcpublishing.com\/prisa\/HAASFDNZPVAQ7AN7L5R6PIEFMM.jpg 1000w,https:\/\/imagenes.elpais.com\/resizer\/X8F_GwnIbkTyTOrdlIczHY8wwmo=\/1960x0\/cloudfront-eu-central-1.images.arcpublishing.com\/prisa\/HAASFDNZPVAQ7AN7L5R6PIEFMM.jpg 1960w\" alt=\"En la imagen, ejemplar de lince boreal o euroasi\u00e1tico, cuyo rango de distribuci\u00f3n va desde Francia hasta Siberia.\" width=\"414\" height=\"276\" \/><\/span><figcaption class=\"a_m_p\"><em>En la imagen, ejemplar de lince boreal o euroasi\u00e1tico, cuyo rango de distribuci\u00f3n va desde Francia hasta Siberia.<span class=\"a_m_m\">AB Photography (Getty Images\/iStockphoto)<\/span><\/em><\/figcaption><\/figure>\n<p class=\"\" style=\"text-align: justify;\">Quedaron sorprendidos con los resultados. A medida que se remontaban en el tiempo, la diversidad gen\u00e9tica de los restos era menor y, cuanto m\u00e1s cerca del presente, mayor cercan\u00eda gen\u00e9tica entre linces ib\u00e9ricos y boreales. \u201cSab\u00edamos que la diversidad gen\u00e9tica del ib\u00e9rico es muy escasa [est\u00e1 entre las m\u00e1s reducidas de entre los mam\u00edferos], pero nos quedaba la duda de hasta qu\u00e9 punto lo era\u201d, cuenta Godoy. Esta diversidad es una herramienta clave para la supervivencia. \u201cEn general, se considera necesaria para adaptarse a lo que venga, adaptarse a los cambios ambientales\u201d, a\u00f1ade el cient\u00edfico del CSIC. \u201cEl lince ib\u00e9rico siempre est\u00e1 ah\u00ed abajo, entre las especies que menos diversidad tienen, y eso nos preocupa porque, hasta qu\u00e9 punto puede sobrevivir una especie a largo plazo sin diversidad gen\u00e9tica, y m\u00e1s teniendo en cuenta el ritmo al que est\u00e1 cambiando el ambiente\u201d, completa Godoy.<\/p>\n<p class=\"\" style=\"text-align: justify;\">Sin embargo, el lince lleva milenios en el filo de la navaja. La gen\u00e9tica de los linces de hace 4.000 a\u00f1os era menos variada que la de los actuales y eso no acab\u00f3 con ellos. \u00bfC\u00f3mo ha sobrevivido? \u201cEs un misterio, no lo sabemos\u201d, reconoce Godoy, Pero su trabajo apunta una posibilidad: \u201cpodr\u00eda ser que el lince ib\u00e9rico fuera rescatado, dig\u00e1moslo as\u00ed, tras procesos de hibridaci\u00f3n con el lince boreal\u201d. Al menos es lo que indican los datos de su nuevo estudio. La diversidad gen\u00e9tica de los ib\u00e9ricos actuales es muy baja, pero m\u00e1s alta que las de sus ancestros, y esto solo se explica por sucesivos eventos de cruzamiento con el boreal. Es lo que ven tanto en el ejemplar recuperado en el yacimiento de La Moleta del Remei (Alcanar, Tarragona) datado en unos 2.520 a\u00f1os, como el de Monte Molaio (Algarve, Portugal) 500 a\u00f1os m\u00e1s tarde. Adem\u00e1s, todo indica que el flujo, el pr\u00e9stamo de genes, fue del boreal al ib\u00e9rico.<\/p>\n<blockquote class=\"a_q\">\n<div>\u201cCuando no est\u00e9n lejos, \u00bfse evita activamente que esos encuentros se produzcan o se permite de manera natural tal y como sucedieron en el pasado?\u201d<\/div>\n<\/blockquote>\n<p class=\"\" style=\"text-align: justify;\">El cruce, el intercambio de genes, no implica que el lince ib\u00e9rico deja de serlo, de la misma manera que <a href=\"https:\/\/elpais.com\/ciencia\/2020-07-09\/como-sabemos-que-los-humanos-actuales-tenemos-genes-neandertales.html\" target=\"_blank\" rel=\"noopener\" data-link-track-dtm=\"\" data-mrf-link=\"https:\/\/elpais.com\/ciencia\/2020-07-09\/como-sabemos-que-los-humanos-actuales-tenemos-genes-neandertales.html\">los humanos actuales no dejan de serlo por llevar hasta el 4% de genes neandertales<\/a>. Por ello, los autores de esta investigaci\u00f3n plantean la necesidad de cambiar el paradigma conservacionista.<\/p>\n<p class=\"\" style=\"text-align: justify;\"><strong>\u00abHay que desterrar esta idea de que las especies a conservar deben de ser \u00fanicas, que se mantengan en compartimentos estancos, cuando ni es real ni natural\u201d, dice la profesora de biolog\u00eda y geograf\u00eda y primera autora del estudio, Mar\u00eda Lucena.<\/strong><\/p>\n<p class=\"\" style=\"text-align: justify;\">No est\u00e1n planteando introducir genes de lince boreal en el acervo gen\u00e9tico del ib\u00e9rico. Ni se plantea ni parece necesario, dado el \u00e9xito del programa de recuperaci\u00f3n. \u201cSimplemente, destacamos el hecho de que mientras estuvieron en contacto parece ser que hubo intercambio gen\u00e9tico y lo que planteamos es que esto va a suponer un reto para la gesti\u00f3n del futuro porque puede ser que en alg\u00fan momento el lince ib\u00e9rico contacte con el boreal\u201d. De hecho, hay planes de recuperar esta especie, de la que al menos se conoce la presencia de una pareja en la cordillera pirenaica. \u201cCuando eso ocurra, cuando f\u00edsicamente no est\u00e9n lejos, lo que vendr\u00eda a indicar que las dos poblaciones est\u00e1n recuper\u00e1ndose, lo que habr\u00e1 que plantearse es qu\u00e9 se hace a nivel de gesti\u00f3n, \u00bfse evita activamente que esos encuentros se produzcan o se permite de manera natural tal y como sucedieron en el pasado?<\/p>\n<p class=\"\" style=\"text-align: justify;\">Juan Jim\u00e9nez, del Servicio de Vida Silvestre de la Generalitat Valenciana, recopil\u00f3 y public\u00f3 en 2018 un <a href=\"https:\/\/secem.es\/galemys\/galemys-30-2018-a3\/\" target=\"_blank\" rel=\"noopener\" data-link-track-dtm=\"\" data-mrf-link=\"https:\/\/secem.es\/galemys\/galemys-30-2018-a3\/\">trabajo con decenas de referencias al lobo cerval<\/a>, una criatura avistada en el nordeste del pa\u00eds, desde el Pa\u00eds Vasco hasta Castell\u00f3n en fechas tan tard\u00edas como 1935, en tiempos de la II Rep\u00fablica. Este lobo cerval, o tigre o gatillop, como tambi\u00e9n se le nombraba, no era otra cosa que el lince boreal. Un felino de altura similar a la del ib\u00e9rico, pero mucho m\u00e1s robusto y el doble de peso. El trabajo de Jim\u00e9nez, que no ha participado en el actual, se sumaba a otros anteriores como el de Miguel Delibes de Castro de 2013, que relataban <a href=\"https:\/\/link.springer.com\/article\/10.1007\/s10531-013-0506-4\" target=\"_blank\" rel=\"noopener\" data-link-track-dtm=\"\" data-mrf-link=\"https:\/\/link.springer.com\/article\/10.1007\/s10531-013-0506-4\">la presencia del boreal en buena parte del norte hasta el siglo XX<\/a>. \u201cNo hab\u00eda una frontera clara entre ambas especies. De hecho, sus territorios se solapaban, lo que dar\u00eda lugar a eventos de hibridaci\u00f3n\u201d, dice. Esta ayud\u00f3, en su momento, recuerda, \u201ca salvar al lince ib\u00e9rico al juntar ejemplares de dos poblaciones, algo que no gust\u00f3 al mundo conservacionista\u201d, Pero esto es otra cosa, es la hibridaci\u00f3n natural entre dos especies. Por fortuna, las 563 cr\u00edas de lince ib\u00e9rico que hab\u00eda en 2023 retrasan <i>sine die<\/i> la idea de rescatar al emblema de la fauna ib\u00e9rica con felinos de fuera.<\/p>\n<p><a class=\"a_md_a_n\" title=\"Ver todas las noticias de Miguel \u00c1ngel Criado\" href=\"https:\/\/elpais.com\/autor\/miguel-angel-criado-asien\/#?rel=author_top\" data-mrf-link=\"https:\/\/elpais.com\/autor\/miguel-angel-criado-asien\/\"><strong>Miguel \u00c1ngel Criado<\/strong><\/a><\/p>\n<p>FOTO: En 2002 quedaban 94 linces ib\u00e9ricos en dos poblaciones separadas por 300 kil\u00f3metros. Hoy ya son casi 1.700 y habiendo recuperado buena parte de sus territorios tradicionales.<span class=\"a_m_m\">antonio liebana\/www.antoniolieba (Getty Images)<\/span><\/p>\n<p>https:\/\/elpais.com\/ciencia\/2024-01-15\/el-lince-iberico-se-cruzo-con-el-boreal-en-el-pasado-y-mejoro-su-diversidad-genetica.html<\/p>\n<div class=\"a_md _g _g-xs \">\n<figure class=\"a_md_i a_m-h c_m--nf\"><span class=\"a_m_w _db\">\u00a0<\/span><\/figure>\n<div class=\"a_md_txt\">\n<div class=\"a_md_a\" data-dtm-region=\"articulo_firma\">\u00a0<\/div>\n<\/div>\n<\/div>\n","protected":false},"excerpt":{"rendered":"<p>El lince ib\u00e9rico se cruz\u00f3 con el boreal en el pasado y mejor\u00f3 su diversidad&#8230;<\/p>\n","protected":false},"author":1,"featured_media":67219,"comment_status":"closed","ping_status":"closed","sticky":false,"template":"","format":"standard","meta":{"_coblocks_attr":"","_coblocks_dimensions":"","_coblocks_responsive_height":"","_coblocks_accordion_ie_support":"","jetpack_post_was_ever_published":false,"_jetpack_newsletter_access":"","_jetpack_dont_email_post_to_subs":false,"_jetpack_newsletter_tier_id":0,"_jetpack_memberships_contains_paywalled_content":false,"_jetpack_memberships_contains_paid_content":false,"footnotes":"","jetpack_publicize_message":"","jetpack_publicize_feature_enabled":true,"jetpack_social_post_already_shared":true,"jetpack_social_options":{"image_generator_settings":{"template":"highway","default_image_id":0,"enabled":false},"version":2}},"categories":[9597,9,44],"tags":[],"class_list":["post-67218","post","type-post","status-publish","format-standard","has-post-thumbnail","hentry","category-cientificos-atarfenos","category-medio-ambiente","category-noticias-de-hoy"],"jetpack_publicize_connections":[],"jetpack_featured_media_url":"https:\/\/i0.wp.com\/miradordeatarfe.es\/wp-content\/uploads\/2024\/02\/lince.png?fit=813%2C638&ssl=1","jetpack_likes_enabled":true,"jetpack_sharing_enabled":true,"_links":{"self":[{"href":"https:\/\/miradordeatarfe.es\/index.php?rest_route=\/wp\/v2\/posts\/67218","targetHints":{"allow":["GET"]}}],"collection":[{"href":"https:\/\/miradordeatarfe.es\/index.php?rest_route=\/wp\/v2\/posts"}],"about":[{"href":"https:\/\/miradordeatarfe.es\/index.php?rest_route=\/wp\/v2\/types\/post"}],"author":[{"embeddable":true,"href":"https:\/\/miradordeatarfe.es\/index.php?rest_route=\/wp\/v2\/users\/1"}],"replies":[{"embeddable":true,"href":"https:\/\/miradordeatarfe.es\/index.php?rest_route=%2Fwp%2Fv2%2Fcomments&post=67218"}],"version-history":[{"count":1,"href":"https:\/\/miradordeatarfe.es\/index.php?rest_route=\/wp\/v2\/posts\/67218\/revisions"}],"predecessor-version":[{"id":67220,"href":"https:\/\/miradordeatarfe.es\/index.php?rest_route=\/wp\/v2\/posts\/67218\/revisions\/67220"}],"wp:featuredmedia":[{"embeddable":true,"href":"https:\/\/miradordeatarfe.es\/index.php?rest_route=\/wp\/v2\/media\/67219"}],"wp:attachment":[{"href":"https:\/\/miradordeatarfe.es\/index.php?rest_route=%2Fwp%2Fv2%2Fmedia&parent=67218"}],"wp:term":[{"taxonomy":"category","embeddable":true,"href":"https:\/\/miradordeatarfe.es\/index.php?rest_route=%2Fwp%2Fv2%2Fcategories&post=67218"},{"taxonomy":"post_tag","embeddable":true,"href":"https:\/\/miradordeatarfe.es\/index.php?rest_route=%2Fwp%2Fv2%2Ftags&post=67218"}],"curies":[{"name":"wp","href":"https:\/\/api.w.org\/{rel}","templated":true}]}}