{"id":67221,"date":"2024-02-19T10:25:55","date_gmt":"2024-02-19T09:25:55","guid":{"rendered":"https:\/\/miradordeatarfe.es\/?p=67221"},"modified":"2024-02-19T10:32:47","modified_gmt":"2024-02-19T09:32:47","slug":"medina-elvira-bien-de-interes-cultural-bic","status":"publish","type":"post","link":"https:\/\/miradordeatarfe.es\/?p=67221","title":{"rendered":"MEDINA ELVIRA BIEN DE INTER\u00c9S CULTURAL (BIC)"},"content":{"rendered":"<h3>Localizaci\u00f3n:\u00a0 Acceso por la carretera nacional 432, Km 431, en la bifurcaci\u00f3n de la entrada al n\u00facleo de Atarfe.<\/h3>\n<p>Se extiende por las laderas y pie de monte meridional de Sierra Elvira, descendiendo hasta la llanura aluvial del r\u00edo Genil Se trata de una formaci\u00f3n orogr\u00e1fica que adopta la forma de un hemiciclo natural abierto al sur y cerrado hacia el norte por las cimas de la sierra.<\/p>\n<p>Medina Elvira es una zona arqueol\u00f3gica reconocida como Bien de Inter\u00e9s Cultural (BIC) por la Junta de Andaluc\u00eda en el Decreto 514\/2004 de 19 de octubre de 2004 y mediante Resoluci\u00f3n de 11 de diciembre de 2014 fue inscrita en el Cat\u00e1logo General del Patrimonio Hist\u00f3rico Andaluz como BIC.<\/p>\n<p>Es un yacimiento de gran relevancia historiogr\u00e1fica, hist\u00f3rica, arqueol\u00f3gica y patrimonial y fue lugar de asentamiento de la ciudad de Medina Elvira. El registro arqueol\u00f3gico es complejo y diverso, pudi\u00e9ndose diferenciar dos fases cronol\u00f3gicas: Una de \u00e9poca romana y tardorromana y otra correspondiente a la \u00e9poca medieval. La ocupaci\u00f3n romana del yacimiento es a\u00fan mal conocida, siendo las principales evidencias al respecto los restos localizados en el siglo XIX, constituidos por la extensa necr\u00f3polis del Pago del Marug\u00e1n y las estructuras localizadas junto a los Ba\u00f1os de Sierra Elvira.<\/p>\n<p>De la ciudad isl\u00e1mica de Medina Elvira se tiene m\u00e1s informaci\u00f3n gracias a las excavaciones del siglo XIX. La ciudad de Medina Elvira fue capital de la kura del mismo nombre y el n\u00facleo de la Vega granadina y la Andaluc\u00eda oriental, durante el emirato y el califato de C\u00f3rdoba, siendo una extensa ciudad que se desarroll\u00f3 desde el siglo IX hasta su abandono a principios del siglo XI.<\/p>\n<p><a href=\"https:\/\/i0.wp.com\/miradordeatarfe.es\/wp-content\/uploads\/2024\/02\/Captura20240215123343.png?ssl=1\"><img data-recalc-dims=\"1\" loading=\"lazy\" decoding=\"async\" class=\"wp-image-67223  alignleft\" src=\"https:\/\/i0.wp.com\/miradordeatarfe.es\/wp-content\/uploads\/2024\/02\/Captura20240215123343.png?resize=324%2C374&#038;ssl=1\" alt=\"\" width=\"324\" height=\"374\" srcset=\"https:\/\/i0.wp.com\/miradordeatarfe.es\/wp-content\/uploads\/2024\/02\/Captura20240215123343.png?w=292&amp;ssl=1 292w, https:\/\/i0.wp.com\/miradordeatarfe.es\/wp-content\/uploads\/2024\/02\/Captura20240215123343.png?resize=260%2C300&amp;ssl=1 260w\" sizes=\"auto, (max-width: 324px) 100vw, 324px\" \/><\/a>El elemento nuclear del asentamiento est\u00e1 constituido por la alcazaba localizada en el Cerro del Sombrerete, donde se han hallado estructuras defensivas de gran entidad, aunque muy afectadas por la fuerte erosi\u00f3n debido a la elevada pendiente del cerro, como los lienzos de muralla que recorren sus laderas delimitando la alcazaba o la puerta de entrada flanqueada por torres. Tambi\u00e9n se han localizado estructuras de habitaci\u00f3n al interior de la alcazaba, algunas de ellas de mayor entidad que otras, as\u00ed como alg\u00fan \u00e1rea de producci\u00f3n artesanal. La defensa de la ciudad se completaba con una peque\u00f1a estructura fortificada en el vecino Tajo colorado.<\/p>\n<p>En la zona llana se localizar\u00eda el resto de la ciudad, de la que se ha recuperado restos estructurales de distinto tipo. Junto a las estructuras dom\u00e9sticas (viviendas) se han documentado igualmente talleres artesanales, calles empedradas y estructuras monumentales como los restos de la mezquita localizados en el siglo XIX. Tambi\u00e9n se han localizado restos de las necr\u00f3polis, con algunas tumbas de car\u00e1cter monumental.<\/p>\n<p>En el cerro del Almirez, en la zona oriental del yacimiento, se han localizado restos de estructuras dom\u00e9sticas, as\u00ed como una necr\u00f3polis, que vienen a corroborar los hallazgos del siglo XIX, entre los que hay que rese\u00f1ar la existencia de una l\u00e1pida funeraria con inscripci\u00f3n moz\u00e1rabe. Para algunos investigadores, estos restos estructurales testimoniar\u00edan arqueol\u00f3gicamente la presencia de un poblamiento moz\u00e1rabe que coexisti\u00f3 con la medina isl\u00e1mica, tal y como describen las fuentes \u00e1rabes.<\/p>\n<p>Finalmente en la zona de vega, m\u00e1s baja, se han localizado los restos de una trama urbana con viviendas y calles que se interpretan como arrabales de la ciudad.<\/p>\n<p><strong>Rese\u00f1a Hist\u00f3rica<\/strong><\/p>\n<p>Las primeras investigaciones en Medina Elvira est\u00e1n indisolublemente ligadas a la pol\u00e9mica historiogr\u00e1fica que desde el siglo XVI se gener\u00f3 en relaci\u00f3n con la localizaci\u00f3n de la ciudad romana de Iliberis bien en la actual Granada o bien en este yacimiento y la posible identificaci\u00f3n del asentamiento romano de Sierra Elvira con la Qastili ya citada en las fuentes \u00e1rabes. La investigaci\u00f3n arqueol\u00f3gica en el yacimiento se inicia en la segunda mitad del siglo XIX cuando la apertura de la carretera de Granada a Alcal\u00e1 la Real y otras actuaciones permitieron documentar abundantes restos de \u00e9poca romana e isl\u00e1mica, como la extensa necr\u00f3polis del Pago del Marug\u00e1n, con unas 1.200 tumbas romanas, o los restos que G\u00f3mez-Moreno identifica con la mezquita aljama de la ciudad isl\u00e1mica, entre los que destacan las l\u00e1mparas en bronce. Tras estos a\u00f1os de investigaciones entre 1842 y 1878, el yacimiento no volver\u00e1 a ser objeto de actuaciones hasta 1998, cuando se realizan las primeras excavaciones arqueol\u00f3gicas de car\u00e1cter cient\u00edfico.<\/p>\n<p>La importancia de los hallazgos en estas actividades arqueol\u00f3gicas contempor\u00e1neas han justificado el desarrollo de un Proyecto General de investigaci\u00f3n arqueol\u00f3gica entre 2006 y 2013, dirigido por don Antonio Malpica Cuello.<\/p>\n<p><a href=\"https:\/\/i0.wp.com\/miradordeatarfe.es\/wp-content\/uploads\/2024\/02\/Captura20240215123309.png?ssl=1\"><img data-recalc-dims=\"1\" loading=\"lazy\" decoding=\"async\" class=\"alignnone wp-image-67222 \" src=\"https:\/\/i0.wp.com\/miradordeatarfe.es\/wp-content\/uploads\/2024\/02\/Captura20240215123309.png?resize=640%2C264&#038;ssl=1\" alt=\"\" width=\"640\" height=\"264\" srcset=\"https:\/\/i0.wp.com\/miradordeatarfe.es\/wp-content\/uploads\/2024\/02\/Captura20240215123309.png?w=817&amp;ssl=1 817w, https:\/\/i0.wp.com\/miradordeatarfe.es\/wp-content\/uploads\/2024\/02\/Captura20240215123309.png?resize=300%2C124&amp;ssl=1 300w, https:\/\/i0.wp.com\/miradordeatarfe.es\/wp-content\/uploads\/2024\/02\/Captura20240215123309.png?resize=768%2C317&amp;ssl=1 768w\" sizes=\"auto, (max-width: 640px) 100vw, 640px\" \/><\/a><\/p>\n<p>&nbsp;<\/p>\n<p>\u00a0<a href=\"https:\/\/i0.wp.com\/miradordeatarfe.es\/wp-content\/uploads\/2024\/02\/Captura20240215123406.png?ssl=1\"><img data-recalc-dims=\"1\" loading=\"lazy\" decoding=\"async\" class=\"alignnone wp-image-67225 \" src=\"https:\/\/i0.wp.com\/miradordeatarfe.es\/wp-content\/uploads\/2024\/02\/Captura20240215123406.png?resize=514%2C397&#038;ssl=1\" alt=\"\" width=\"514\" height=\"397\" srcset=\"https:\/\/i0.wp.com\/miradordeatarfe.es\/wp-content\/uploads\/2024\/02\/Captura20240215123406.png?w=379&amp;ssl=1 379w, https:\/\/i0.wp.com\/miradordeatarfe.es\/wp-content\/uploads\/2024\/02\/Captura20240215123406.png?resize=300%2C232&amp;ssl=1 300w\" sizes=\"auto, (max-width: 514px) 100vw, 514px\" \/><\/a><\/p>\n<h3>Bibliograf\u00eda y documentaci\u00f3n<\/h3>\n<p>&#8211; Decreto 514\/2004, de 19 de octubre, por el que se declara Bien de Inter\u00e9s Cultural, con la categor\u00eda de Zona Arqueol\u00f3gica, el yacimiento denominado Medina Elvira, en los t\u00e9rminos municipales de Atarfe y Pinos Puente (Granada).<\/p>\n<p>&#8211; Plan General de Ordenaci\u00f3n Urban\u00edstica de Atarfe. Mayo de 2004.<\/p>\n<p>&#8211; Resoluci\u00f3n de 11 de diciembre de 2014, de la secretar\u00eda General de cultura, por la que se incoa el procedimiento para la inscripci\u00f3n en el cat\u00e1logo General del Patrimonio Hist\u00f3rico Andaluz como Bien de inter\u00e9s cultural, con la tipolog\u00eda de Zona Arqueol\u00f3gica, de Medina Elvira, en los t\u00e9rminos municipales de Atarfe y Pinos Puente (Granada).<\/p>\n<p>&#8211; Archivo Central de la Consejer\u00eda de Cultura. Inventario de yacimientos arqueol\u00f3gicos de la Provincia de Granada. Medina Elvira y Cortijo Marug\u00e1n, 1989.<\/p>\n<p>&#8211; Archivo Central de la Consejer\u00eda de Cultura. Inventario de yacimientos arqueol\u00f3gicos de la Provincia de Granada. Medina Elvira y Cortijo Marug\u00e1n, 1989.<\/p>\n<p>&#8211; Archivo Central de la Consejer\u00eda de Cultura. MALDONADO, G\u00e1dor, BRACERO, Gerardo, Inventario de yacimientos arqueol\u00f3gicos de la Provincia de Granada. Medina Elvira y Cortijo Marug\u00e1n, 1992.<\/p>\n<p>&#8211; Archivo del Instituto Andaluz del Patrimonio Hist\u00f3rico. L\u00d3PEZ L\u00d3PEZ, Manuel, PE\u00d1A RODR\u00cdGUEZ, Jos\u00e9 Manuel, Actualizaci\u00f3n y Revisi\u00f3n del Inventario de Yacimientos Arqueol\u00f3gicos de la provincia de Granada. Medina Elvira y Cortijo Marug\u00e1n, 1998.<\/p>\n<h3>PUBLICADO EN EL LIBRO \u00bb ATARFE PATRIMONIO CULTURAL Y NATURAL\u00bb (2015) FRANCISCA L\u00d3PEZ, I\u00d1AKI NIEVA Y MANUEL GUERRERO<\/h3>\n<p>&nbsp;<\/p>\n<p>&nbsp;<\/p>\n","protected":false},"excerpt":{"rendered":"<p>Localizaci\u00f3n:\u00a0 Acceso por la carretera nacional 432, Km 431, en la bifurcaci\u00f3n de la entrada&#8230;<\/p>\n","protected":false},"author":1,"featured_media":67224,"comment_status":"closed","ping_status":"closed","sticky":false,"template":"","format":"standard","meta":{"_coblocks_attr":"","_coblocks_dimensions":"","_coblocks_responsive_height":"","_coblocks_accordion_ie_support":"","jetpack_post_was_ever_published":false,"_jetpack_newsletter_access":"","_jetpack_dont_email_post_to_subs":false,"_jetpack_newsletter_tier_id":0,"_jetpack_memberships_contains_paywalled_content":false,"_jetpack_memberships_contains_paid_content":false,"footnotes":"","jetpack_publicize_message":"","jetpack_publicize_feature_enabled":true,"jetpack_social_post_already_shared":false,"jetpack_social_options":{"image_generator_settings":{"template":"highway","default_image_id":0,"enabled":false},"version":2}},"categories":[5359,10431,44],"tags":[],"class_list":["post-67221","post","type-post","status-publish","format-standard","has-post-thumbnail","hentry","category-madinat-ilbira","category-medina-elvira-2","category-noticias-de-hoy"],"jetpack_publicize_connections":[],"jetpack_featured_media_url":"https:\/\/i0.wp.com\/miradordeatarfe.es\/wp-content\/uploads\/2024\/02\/Captura20240215122804.png?fit=354%2C221&ssl=1","jetpack_likes_enabled":true,"jetpack_sharing_enabled":true,"_links":{"self":[{"href":"https:\/\/miradordeatarfe.es\/index.php?rest_route=\/wp\/v2\/posts\/67221","targetHints":{"allow":["GET"]}}],"collection":[{"href":"https:\/\/miradordeatarfe.es\/index.php?rest_route=\/wp\/v2\/posts"}],"about":[{"href":"https:\/\/miradordeatarfe.es\/index.php?rest_route=\/wp\/v2\/types\/post"}],"author":[{"embeddable":true,"href":"https:\/\/miradordeatarfe.es\/index.php?rest_route=\/wp\/v2\/users\/1"}],"replies":[{"embeddable":true,"href":"https:\/\/miradordeatarfe.es\/index.php?rest_route=%2Fwp%2Fv2%2Fcomments&post=67221"}],"version-history":[{"count":4,"href":"https:\/\/miradordeatarfe.es\/index.php?rest_route=\/wp\/v2\/posts\/67221\/revisions"}],"predecessor-version":[{"id":67238,"href":"https:\/\/miradordeatarfe.es\/index.php?rest_route=\/wp\/v2\/posts\/67221\/revisions\/67238"}],"wp:featuredmedia":[{"embeddable":true,"href":"https:\/\/miradordeatarfe.es\/index.php?rest_route=\/wp\/v2\/media\/67224"}],"wp:attachment":[{"href":"https:\/\/miradordeatarfe.es\/index.php?rest_route=%2Fwp%2Fv2%2Fmedia&parent=67221"}],"wp:term":[{"taxonomy":"category","embeddable":true,"href":"https:\/\/miradordeatarfe.es\/index.php?rest_route=%2Fwp%2Fv2%2Fcategories&post=67221"},{"taxonomy":"post_tag","embeddable":true,"href":"https:\/\/miradordeatarfe.es\/index.php?rest_route=%2Fwp%2Fv2%2Ftags&post=67221"}],"curies":[{"name":"wp","href":"https:\/\/api.w.org\/{rel}","templated":true}]}}