{"id":67230,"date":"2024-02-18T11:20:37","date_gmt":"2024-02-18T10:20:37","guid":{"rendered":"https:\/\/miradordeatarfe.es\/?p=67230"},"modified":"2024-06-02T12:10:09","modified_gmt":"2024-06-02T10:10:09","slug":"el-colegio-de-sierra-elvira-inaugurado-en-1923","status":"publish","type":"post","link":"https:\/\/miradordeatarfe.es\/?p=67230","title":{"rendered":"\u00abEL COLEGIO DE SIERRA ELVIRA INAUGURADO EN 1923\u00bb por Jos\u00e9 Enrique Granados"},"content":{"rendered":"<div class=\"\" dir=\"auto\">\n<div id=\":rvh:\" class=\"x1iorvi4 x1pi30zi x1l90r2v x1swvt13\" data-ad-comet-preview=\"message\" data-ad-preview=\"message\">\n<div class=\"x78zum5 xdt5ytf xz62fqu x16ldp7u\">\n<div class=\"xu06os2 x1ok221b\">\n<div class=\"xdj266r x11i5rnm xat24cr x1mh8g0r x1vvkbs x126k92a\">\n<h3 dir=\"auto\">En nuestra gacetilla publicada el 27 de agosto de 2019, nos hicimos eco del centro educativo existente en Sierra Elvira prometiendo que indagar\u00edamos m\u00e1s sobre \u00e9l.<\/h3>\n<div dir=\"auto\">Pues bien, nos hemos encontrado con esta noticia publicada el 14 de abril de 1923 en El Defensor de Granada, informando sobre la solemne inauguraci\u00f3n de una escuela en Sierra Elvira.<\/div>\n<div dir=\"auto\">\u00a0<\/div>\n<div dir=\"auto\" style=\"text-align: justify;\"><em>\u201cAyer tarde asistimos con gran regocijo al solemne y consolador espect\u00e1culo de la inauguraci\u00f3n y bendici\u00f3n de los locales de una escuela nacional, creada bajo los auspicios cari\u00f1osos de nuestro diputado, el ilustr\u00edsimo se\u00f1or Director general de ense\u00f1anza, don Pascual N\u00e1cher y Vilar, que haciendo honor al pueblo de Atarfe, capitalidad municipal de la barriada de Sierra Elvira, no ha omitido gesti\u00f3n ni esfuerzo alguno para que tuviera realidad lo que era un noble anhelo de aquel respetable y celoso municipio. <\/em><\/div>\n<div dir=\"auto\">\u00a0<\/div>\n<div dir=\"auto\" style=\"text-align: justify;\"><em>De todos es sabido que el se\u00f1or N\u00e1cher viene realizando una verdadera cruzada en favor de la ense\u00f1anza en general, y m\u00e1s particularmente en favor de su querida Granada. Buena prueba de ello es la creaci\u00f3n de las muchas escuelas que ha llevado a efecto en los apures del presupuesto finiquitado y m\u00e1s que se propone crear, aprovechando el flamante que ya est\u00e1 en vigor y que lleva mill\u00f3n y media de pesetas para este fin.<\/em><\/div>\n<div dir=\"auto\">\u00a0<\/div>\n<div dir=\"auto\" style=\"text-align: justify;\"><em> El pueblo de Atarfe, dio ayer, como apuntamos en principio, una nota m\u00e1s de lo que puede y piensa un pueblo que quiere vivir incorporado al progreso de los tiempos; por eso, en la solemnidad se\u00f1alada, hubo cari\u00f1o, entusiasmo y rec\u00edprocas felicitaciones. Despu\u00e9s del ritual de bendici\u00f3n de locales, que hizo con la mayor solemnidad el celoso p\u00e1rroco, don Ernesto Hern\u00e1ndez Garc\u00eda asistido del se\u00f1or coadjutor don Joaqu\u00edn Fresneda, hizo aquel un primoroso discurso lleno de amorosos presentimientos en favor del fruto que hab\u00eda de dar la bendita instituci\u00f3n popular, cuya Inauguraci\u00f3n ten\u00eda rebosante de j\u00fabilo a los congregados. <\/em><\/div>\n<div dir=\"auto\">\u00a0<\/div>\n<div dir=\"auto\" style=\"text-align: justify;\"><em>Define con insuperable preciaci\u00f3n los conceptos ilustraci\u00f3n, instrucci\u00f3n, cultura y educaci\u00f3n, para venir a deducir que es funci\u00f3n primordial del Maestro y de la Escuela, la educaci\u00f3n. Pero no esa educaci\u00f3n basada en los principios de universalidad, sino en los s\u00f3lidos y fecundos de la moral cristiana que predica y ense\u00f1a la Iglesia cat\u00f3lica. Y termina haciendo votos por la prosperidad de aquellos ideales que han tenido manifestaci\u00f3n propicia en el favor que el ilustre Director general ha procurado para este vecindario que le bendice y aclama. <\/em><\/div>\n<div dir=\"auto\">\u00a0<\/div>\n<div dir=\"auto\" style=\"text-align: justify;\"><em>Despu\u00e9s hizo uso de la palabra el joven y discret\u00edsimo Inspector-jefe de 1.a ense\u00f1anza actual, don Fernando S\u00e1inz Ruiz, el que comienza agradeciendo al municipio de Atarfe la amable invitaci\u00f3n que se le hizo para que concurriese al acto que se celebraba, con gran complacencia de todos. Dice que sus primeras palabras son de alabanza justificadas para todos aquellos que han contribuido al logro de aquella creaci\u00f3n escolar, muy singularmente para el hombre enamorado de estas cuestiones que hoy rige los destinos de la p\u00fablica ense\u00f1anza desde la Direcci\u00f3n general, al que celebra no ya por raz\u00f3n de obligado reconocimiento en el orden jer\u00e1rquico, sino porque le conste que es hombre merecedor de todo encomio por su afanar en provecho y mejoramiento espiritual del pa\u00eds. Canta un himno a la hidalgu\u00eda y nobleza del pueblo espa\u00f1ol, al que no supera en ello, pueblo alguno extranjero. Ahora bien, reconoce que Espa\u00f1a vive atrasada, porque en el orden de prelaci\u00f3n de sus problemas grandes, no puso siempre en primer t\u00e9rmino el de la cultura, a semejanza de otros, que, por ello, nos llevan de anticipaci\u00f3n en el camino a recorrer, m\u00e1s de un siglo de delantera. Sin embargo, tiene gran fe en el porvenir y pronto nos incorporaremos.\u00a0 <\/em><em>El discurso del se\u00f1or S\u00e1inz fue de tonos patri\u00f3ticos y de gran elevaci\u00f3n de pensamiento. <\/em><\/div>\n<div dir=\"auto\">\u00a0<\/div>\n<div dir=\"auto\" style=\"text-align: justify;\"><em>\u00daltimamente habl\u00f3 en nombre de los obreros Bernardino Esquinas, quien ante nosotros se revel\u00f3 como hombre de gran mesura y discreci\u00f3n al hacer suyas las manifestaciones que hicieron los se\u00f1ores que le hab\u00edan precedido en el uso de la palabra. Pidi\u00f3 a todos su cooperaci\u00f3n para que no se malogre la buena obra que se inauguraba merced al apoyo eficaz que hab\u00edan encontrado en el se\u00f1or N\u00e1cher, acaso y sin duda, reconociendo el orador que la obra de la educaci\u00f3n es muy compleja y que en ella intervienen varios factores, pues nunca puede esta encomendarse solo al maestro, si no se ve asistido del esfuerzo y coadyuvancia de los dem\u00e1s. <\/em><\/div>\n<div dir=\"auto\">\u00a0<\/div>\n<div dir=\"auto\" style=\"text-align: justify;\"><em>Y finalmente, para completar esta ligera rese\u00f1a, diremos que asisti\u00f3 al acto el Ayuntamiento casi en pleno, bajo la presidencia de su joven y simp\u00e1tico alcalde don Francisco Osuna S\u00e1nchez, el personal del Juzgado, muchos profesores y maestras del Municipio y pueblos comarcanos varios se\u00f1ores de Granada amigos del maestro nombrado para Sierra Elvira don Juan Ubera Ib\u00e1\u00f1ez, a quien todos felicitaron. <\/em><\/div>\n<div dir=\"auto\">\u00a0<\/div>\n<div dir=\"auto\" style=\"text-align: justify;\"><em>Por \u00faltimo, en el comedor del restaurante de los Ba\u00f1os fuimos todos obsequiados espl\u00e9ndidamente con dulces, pastas, licores y habanos que ofreci\u00f3 el Ayuntamiento de Atarfe a los invitados. Como nota final, diremos que se dieron \u00a1vivas! al se\u00f1or N\u00e1cher, al Ayuntamiento y al vecindario de la barriada, acord\u00e1ndose telegrafiar al se\u00f1or Director general reiter\u00e1ndole el testimonio de la gratitud y adhesi\u00f3n m\u00e1s leal de este pueblo noble y generoso.\u201d<\/em><\/div>\n<\/div>\n<div class=\"x11i5rnm xat24cr x1mh8g0r x1vvkbs xtlvy1s x126k92a\">\n<div dir=\"auto\">\u00a0<\/div>\n<div dir=\"auto\">En la lectura del art\u00edculo aparece el nombre de Bernardino Esquinas, al que tambi\u00e9n le dedicamos una entrada hace unos meses.<\/div>\n<div dir=\"auto\">\u00a0<\/div>\n<\/div>\n<div class=\"x11i5rnm xat24cr x1mh8g0r x1vvkbs xtlvy1s x126k92a\">\n<div dir=\"auto\">Fotograf\u00eda, ya usada anteriormente del Patronato Escolar, Nuestra Se\u00f1ora del Carmen.<\/div>\n<\/div>\n<div class=\"x11i5rnm xat24cr x1mh8g0r x1vvkbs xtlvy1s x126k92a\">\n<div dir=\"auto\">\u00a0<\/div>\n<div dir=\"auto\"><strong>Gacetilla y curiosidades elvirenses.<\/strong><\/div>\n<\/div>\n<\/div>\n<\/div>\n<\/div>\n<\/div>\n<div id=\":rvi:\" class=\"x1n2onr6\">\n<div class=\"x1n2onr6\">\u00a0<\/div>\n<\/div>\n<div>\n<div id=\":rvi:\" class=\"x1n2onr6\">\n<div class=\"x6ikm8r x10wlt62\">\u00a0<\/div>\n<\/div>\n<\/div>\n<div>\n<div class=\"x168nmei x13lgxp2 x30kzoy x9jhf4c x6ikm8r x10wlt62\" data-visualcompletion=\"ignore-dynamic\">\n<div>\n<div>\n<div>\n<div class=\"x1n2onr6\">\n<div class=\"x6s0dn4 xi81zsa x78zum5 x6prxxf x13a6bvl xvq8zen xdj266r xktsk01 xat24cr x1d52u69 x889kno x4uap5 x1a8lsjc xkhd6sd xdppsyt\">\n<div class=\"x6s0dn4 x78zum5 x1iyjqo2 x6ikm8r x10wlt62\">\u00a0<\/div>\n<\/div>\n<\/div>\n<\/div>\n<\/div>\n<\/div>\n<\/div>\n<\/div>\n<div class=\"\">\u00a0<\/div>\n","protected":false},"excerpt":{"rendered":"<p>En nuestra gacetilla publicada el 27 de agosto de 2019, nos hicimos eco del centro&#8230;<\/p>\n","protected":false},"author":1,"featured_media":67231,"comment_status":"closed","ping_status":"closed","sticky":false,"template":"","format":"standard","meta":{"_coblocks_attr":"","_coblocks_dimensions":"","_coblocks_responsive_height":"","_coblocks_accordion_ie_support":"","jetpack_post_was_ever_published":false,"_jetpack_newsletter_access":"","_jetpack_dont_email_post_to_subs":false,"_jetpack_newsletter_tier_id":0,"_jetpack_memberships_contains_paywalled_content":false,"_jetpack_memberships_contains_paid_content":false,"footnotes":"","jetpack_publicize_message":"","jetpack_publicize_feature_enabled":true,"jetpack_social_post_already_shared":true,"jetpack_social_options":{"image_generator_settings":{"template":"highway","default_image_id":0,"enabled":false},"version":2}},"categories":[2,1225,186,38],"tags":[],"class_list":["post-67230","post","type-post","status-publish","format-standard","has-post-thumbnail","hentry","category-atarfe","category-ha-de-atarfe","category-instituciones","category-opinion-de-jose-enrique-granados"],"jetpack_publicize_connections":[],"jetpack_featured_media_url":"https:\/\/i0.wp.com\/miradordeatarfe.es\/wp-content\/uploads\/2024\/02\/413820193_844524194347731_3215590591102738274_n.jpg?fit=800%2C517&ssl=1","jetpack_likes_enabled":true,"jetpack_sharing_enabled":true,"_links":{"self":[{"href":"https:\/\/miradordeatarfe.es\/index.php?rest_route=\/wp\/v2\/posts\/67230","targetHints":{"allow":["GET"]}}],"collection":[{"href":"https:\/\/miradordeatarfe.es\/index.php?rest_route=\/wp\/v2\/posts"}],"about":[{"href":"https:\/\/miradordeatarfe.es\/index.php?rest_route=\/wp\/v2\/types\/post"}],"author":[{"embeddable":true,"href":"https:\/\/miradordeatarfe.es\/index.php?rest_route=\/wp\/v2\/users\/1"}],"replies":[{"embeddable":true,"href":"https:\/\/miradordeatarfe.es\/index.php?rest_route=%2Fwp%2Fv2%2Fcomments&post=67230"}],"version-history":[{"count":3,"href":"https:\/\/miradordeatarfe.es\/index.php?rest_route=\/wp\/v2\/posts\/67230\/revisions"}],"predecessor-version":[{"id":67234,"href":"https:\/\/miradordeatarfe.es\/index.php?rest_route=\/wp\/v2\/posts\/67230\/revisions\/67234"}],"wp:featuredmedia":[{"embeddable":true,"href":"https:\/\/miradordeatarfe.es\/index.php?rest_route=\/wp\/v2\/media\/67231"}],"wp:attachment":[{"href":"https:\/\/miradordeatarfe.es\/index.php?rest_route=%2Fwp%2Fv2%2Fmedia&parent=67230"}],"wp:term":[{"taxonomy":"category","embeddable":true,"href":"https:\/\/miradordeatarfe.es\/index.php?rest_route=%2Fwp%2Fv2%2Fcategories&post=67230"},{"taxonomy":"post_tag","embeddable":true,"href":"https:\/\/miradordeatarfe.es\/index.php?rest_route=%2Fwp%2Fv2%2Ftags&post=67230"}],"curies":[{"name":"wp","href":"https:\/\/api.w.org\/{rel}","templated":true}]}}