{"id":67255,"date":"2024-02-17T11:00:37","date_gmt":"2024-02-17T10:00:37","guid":{"rendered":"https:\/\/miradordeatarfe.es\/?p=67255"},"modified":"2024-02-17T10:31:37","modified_gmt":"2024-02-17T09:31:37","slug":"atarfe-se-adentra-en-su-patrimonio-e-historia-con-seis-rutas-culturales","status":"publish","type":"post","link":"https:\/\/miradordeatarfe.es\/?p=67255","title":{"rendered":"Atarfe se adentra en su patrimonio e historia con seis rutas culturales"},"content":{"rendered":"<h3 style=\"text-align: justify;\"><strong>Permiten conocer espacios como la Ermita de los Tres Juanes, la Iglesia de la Encarnaci\u00f3n, el yacimiento de Medina Elvira o las trincheras de la Guerra Civil<\/strong><\/h3>\n<p style=\"text-align: justify;\">La localidad de <strong>Atarfe <\/strong>se ha adentrado desde este mes en su patrimonio e historia con hasta seis rutas culturales que se desarrollar\u00e1n una vez al mes y que permitir\u00e1n conocer enclaves naturales, religiosos, art\u00edsticos, arqueol\u00f3gicos o vinculados al origen de la ciudad metropolitana.<\/p>\n<p style=\"text-align: justify;\">Se trata de un proyecto con el que se quiere poner \u00aben valor\u00bb el patriomonio \u00abart\u00edstico, cultural y natural\u00bb de <strong>Atarfe<\/strong>, ha se\u00f1alado a <strong><a href=\"http:\/\/www.ahoragranada.com\">ahoraGranada <\/a><\/strong>su alcaldesa, Yolanda Fern\u00e1ndez, quien ha destacado que la iniciativa ha sido recibida con \u00abgran acogida\u00bb entre los vecinos.<\/p>\n<p style=\"text-align: justify;\">De este modo, la primera de las rutas fue la <strong>cultural<\/strong>, que recorri\u00f3 enclaves como el Parque de la Higueruela, la Ermita de los Tres Juanes, el Casino de Labradores o el Coliseo de Atarfe, adem\u00e1s de un puesto de churros que tiene m\u00e1s de cien a\u00f1os de historia.<\/p>\n<p style=\"text-align: justify;\">Una gu\u00eda se encarga de explicar a los participantes en la cita los enclaves que se est\u00e1n visitando, contando adem\u00e1s su historia y an\u00e9cdotas.<\/p>\n<p style=\"text-align: justify;\">La finalidad municipal este que estas rutas se celebren el primer domingo de cada mes, por lo que en marzo se ha organizado la segunda ruta que ser\u00e1 la <strong>religiosa y art\u00edstica,<\/strong> que en esta ocasi\u00f3n visitar\u00e1 la Iglesia de la Encarnaci\u00f3n, que ahora cumple 400 a\u00f1os; y la Ermita de Santa Ana, dos lugares representativos de <strong>Atarfe<\/strong>.<\/p>\n<p style=\"text-align: justify;\">La tercera ruta de <strong>Atarfe <\/strong>ser\u00e1 la <strong>natural <\/strong>y adentrar\u00e1 a los participantes en Sierra Elvira y la Vega, una cita dirigida sobre todo a los \u00abamantes de la naturaleza\u00bb, ha se\u00f1alado a este medio la concejal de Cultura, Jennifer Garc\u00eda.<\/p>\n<p style=\"text-align: justify;\">Con una media de 30 personas en cada una de las rutas, la cuarta organizada es la arqueol\u00f3gica, en la que se visitar\u00e1 el yacimiento de Medina Elvira, conectando a los participantes con el pasado de <strong>Atarfe <\/strong>y los vestigios que a\u00fan quedan en su territorio de los or\u00edgenes de la ciudad.<\/p>\n<p style=\"text-align: justify;\">Aunque no hay limitaciones de plazas, la ruta de la <strong>Memoria Hist\u00f3rica<\/strong> s\u00ed requerir\u00e1 de un tope m\u00e1ximo, ya que esta se realiza en autob\u00fas hasta las trincheras, los Llanos de Silva y el papel que tuvo el cementerio municipal en la Guerra Civil y durante el Franquismo.<\/p>\n<p style=\"text-align: justify;\">Por \u00faltimo, <strong>Atarfe <\/strong>tambi\u00e9n ha dise\u00f1ado otra ruta para los escolares de la localidad, en la que los \u00abpeque\u00f1os exploradores\u00bb conocer\u00e1n el<strong> origen del pueblo.<\/strong><\/p>\n<p style=\"text-align: justify;\">\u00abLas rutas est\u00e1n abiertas a todo el pueblo y hay muchos vecinos e incluso gente de fuera a la que le ha picado la curiosidad\u00bb, ha dicho la concejal, quien ha recordado que la finalidad sobre todo es dar a conocer los enclaves hist\u00f3ricos de <strong>Atarfe <\/strong>para \u00abrealzar su valor\u00bb.<\/p>\n<p style=\"text-align: justify;\"><strong><span class=\"section-name\"><span class=\"autor\"><a title=\"Entradas de Luis F. Ruiz\" href=\"https:\/\/www.ahoragranada.com\/columnista\/luis-f-ruiz\/\" rel=\"author\">Luis F. Ruiz<\/a><\/span><\/span><\/strong><\/p>\n<p>FOTO: La Ermita de los Tres Juanes ha formado parte del proyecto en la primera ruta. Foto: \u00c1lex C\u00e1mara<\/p>\n<blockquote class=\"wp-embedded-content\" data-secret=\"PtpybiFGWo\"><p><a href=\"https:\/\/www.ahoragranada.com\/noticias\/atarfe-se-adentra-en-su-patrimonio-e-historia-con-seis-rutas-culturales\/\">Atarfe se adentra en su patrimonio e historia con seis rutas culturales<\/a><\/p><\/blockquote>\n<p><iframe loading=\"lazy\" class=\"wp-embedded-content\" sandbox=\"allow-scripts\" security=\"restricted\" style=\"position: absolute; visibility: hidden;\" title=\"\u00abAtarfe se adentra en su patrimonio e historia con seis rutas culturales\u00bb \u2014 Ahora Granada\" src=\"https:\/\/www.ahoragranada.com\/noticias\/atarfe-se-adentra-en-su-patrimonio-e-historia-con-seis-rutas-culturales\/embed\/#?secret=Jj3m8711vp#?secret=PtpybiFGWo\" data-secret=\"PtpybiFGWo\" width=\"600\" height=\"338\" frameborder=\"0\" marginwidth=\"0\" marginheight=\"0\" scrolling=\"no\"><\/iframe><\/p>\n","protected":false},"excerpt":{"rendered":"<p>Permiten conocer espacios como la Ermita de los Tres Juanes, la Iglesia de la Encarnaci\u00f3n,&#8230;<\/p>\n","protected":false},"author":1,"featured_media":67256,"comment_status":"closed","ping_status":"closed","sticky":false,"template":"","format":"standard","meta":{"_coblocks_attr":"","_coblocks_dimensions":"","_coblocks_responsive_height":"","_coblocks_accordion_ie_support":"","jetpack_post_was_ever_published":false,"_jetpack_newsletter_access":"","_jetpack_dont_email_post_to_subs":false,"_jetpack_newsletter_tier_id":0,"_jetpack_memberships_contains_paywalled_content":false,"_jetpack_memberships_contains_paid_content":false,"footnotes":"","jetpack_publicize_message":"","jetpack_publicize_feature_enabled":true,"jetpack_social_post_already_shared":true,"jetpack_social_options":{"image_generator_settings":{"template":"highway","default_image_id":0,"enabled":false},"version":2}},"categories":[12,6916,44],"tags":[],"class_list":["post-67255","post","type-post","status-publish","format-standard","has-post-thumbnail","hentry","category-cultura","category-ayuntamiento-de-atarfe","category-noticias-de-hoy"],"jetpack_publicize_connections":[],"jetpack_featured_media_url":"https:\/\/i0.wp.com\/miradordeatarfe.es\/wp-content\/uploads\/2024\/02\/archivo-de-zona-de-Coliseo-de-Atarfe-plaza-de-toros-AC-14-746x420-1.jpg?fit=746%2C420&ssl=1","jetpack_likes_enabled":true,"jetpack_sharing_enabled":true,"_links":{"self":[{"href":"https:\/\/miradordeatarfe.es\/index.php?rest_route=\/wp\/v2\/posts\/67255","targetHints":{"allow":["GET"]}}],"collection":[{"href":"https:\/\/miradordeatarfe.es\/index.php?rest_route=\/wp\/v2\/posts"}],"about":[{"href":"https:\/\/miradordeatarfe.es\/index.php?rest_route=\/wp\/v2\/types\/post"}],"author":[{"embeddable":true,"href":"https:\/\/miradordeatarfe.es\/index.php?rest_route=\/wp\/v2\/users\/1"}],"replies":[{"embeddable":true,"href":"https:\/\/miradordeatarfe.es\/index.php?rest_route=%2Fwp%2Fv2%2Fcomments&post=67255"}],"version-history":[{"count":1,"href":"https:\/\/miradordeatarfe.es\/index.php?rest_route=\/wp\/v2\/posts\/67255\/revisions"}],"predecessor-version":[{"id":67257,"href":"https:\/\/miradordeatarfe.es\/index.php?rest_route=\/wp\/v2\/posts\/67255\/revisions\/67257"}],"wp:featuredmedia":[{"embeddable":true,"href":"https:\/\/miradordeatarfe.es\/index.php?rest_route=\/wp\/v2\/media\/67256"}],"wp:attachment":[{"href":"https:\/\/miradordeatarfe.es\/index.php?rest_route=%2Fwp%2Fv2%2Fmedia&parent=67255"}],"wp:term":[{"taxonomy":"category","embeddable":true,"href":"https:\/\/miradordeatarfe.es\/index.php?rest_route=%2Fwp%2Fv2%2Fcategories&post=67255"},{"taxonomy":"post_tag","embeddable":true,"href":"https:\/\/miradordeatarfe.es\/index.php?rest_route=%2Fwp%2Fv2%2Ftags&post=67255"}],"curies":[{"name":"wp","href":"https:\/\/api.w.org\/{rel}","templated":true}]}}