{"id":67258,"date":"2024-02-22T10:42:10","date_gmt":"2024-02-22T09:42:10","guid":{"rendered":"https:\/\/miradordeatarfe.es\/?p=67258"},"modified":"2024-02-17T10:49:19","modified_gmt":"2024-02-17T09:49:19","slug":"la-plaza-de-la-libertad-acogera-la-tercera-edicion-del-festival-100-mujer","status":"publish","type":"post","link":"https:\/\/miradordeatarfe.es\/?p=67258","title":{"rendered":"La Plaza de la Libertad acoger\u00e1 la tercera edici\u00f3n del Festival 100% Mujer"},"content":{"rendered":"<h2 class=\"single-subtitle\" style=\"text-align: justify;\">Ser\u00e1 los d\u00edas 9 y 10 de marzo y contar\u00e1 con un Punto Violeta, un espacio de prevenci\u00f3n y atenci\u00f3n frente a la violencia machista<\/h2>\n<p style=\"text-align: justify;\">La concejala de Educaci\u00f3n, Empleo e Igualdad, Encarnaci\u00f3n Gonz\u00e1lez, acompa\u00f1ada de la directora del evento musical, Amparo S\u00e1nchez, ha presentado la tercera edici\u00f3n del Festival 100% Mujer, que se celebrar\u00e1 en la Plaza de la Libertad los d\u00edas 9 y 10 de marzo.<\/p>\n<p style=\"text-align: justify;\">Seg\u00fan Encarnaci\u00f3n Gonz\u00e1lez, el Festival 100% Mujer es un acto dise\u00f1ado como una propuesta t\u00e9cnica y art\u00edstica 100% femenina con la misi\u00f3n de visibilizar y destacar el trabajo de las mujeres en el mundo de la m\u00fasica tanto delante como detr\u00e1s del escenario. T\u00e9cnicas, cantantes de estilos variados (Rock, Indie, Punk-Rock, M\u00fasica Electr\u00f3nica, Fusi\u00f3n, Urbano\u2026), instrumentalistas, compositoras, combinadas con exponentes femeninas de otras disciplinas art\u00edsticas complementarias y todas las profesionales asociadas a este tipo de trabajos (t\u00e9cnicas de sonido, montadoras, iluminadoras o productoras).<\/p>\n<p style=\"text-align: justify;\">La edil ha asegurado que el objetivo a cubrir con este evento es doble. Por una lado, visibilizar a mujeres de estos \u00e1mbitos art\u00edsticos y de producci\u00f3n t\u00e9cnica dando referentes femeninos a la sociedad, y por otro, sensibilizar y fomentar la paridad poniendo en valor el desempe\u00f1o profesional en condiciones de igualdad.<\/p>\n<p style=\"text-align: justify;\">Adem\u00e1s, este evento permite cumplir con parte de los compromisos adquiridos por el Ayuntamiento de Granada como municipio que forma parte del Pacto de Estado contra la Violencia de G\u00e9nero del Ministerio de Igualdad, constituy\u00e9ndose como una v\u00eda para responder a los ejes de trabajo reflejados en el mismo y dirigidos a la erradicaci\u00f3n de la violencia sobre las mujeres. De esta manera, se facilita un contexto que permite incidir en todos los sectores y grupos de poblaci\u00f3n de un modo especialmente eficiente, ya que pone al alcance del Servicio de Igualdad un alto n\u00famero de personas de diferentes edades y condici\u00f3n en un espacio y un tiempo muy concreto, lo que permite realizar una actuaci\u00f3n de sensibilizaci\u00f3n, prevenci\u00f3n y ruptura del silencio, de alto impacto.<ins id=\"revive-0-4\" data-revive-zoneid=\"107\" data-revive-id=\"3675e576db6d1cc6cb6554b6e5954dc7\" data-revive-seq=\"4\" data-revive-loaded=\"1\"><\/ins><\/p>\n<p style=\"text-align: justify;\">Gonz\u00e1lez ha explicado que este a\u00f1o el festival tendr\u00e1 una duraci\u00f3n de dos d\u00edas en lugar de uno, y ofrece una convocatoria para toda la familia, uniendo g\u00e9neros y artistas consagrados con nuevos estilos y formas de entender la m\u00fasica.<\/p>\n<p style=\"text-align: justify;\"><a href=\"https:\/\/i0.wp.com\/miradordeatarfe.es\/wp-content\/uploads\/2024\/02\/mujergranada.jpg?ssl=1\"><img data-recalc-dims=\"1\" loading=\"lazy\" decoding=\"async\" class=\"wp-image-67260 size-full alignleft\" src=\"https:\/\/i0.wp.com\/miradordeatarfe.es\/wp-content\/uploads\/2024\/02\/mujergranada.jpg?resize=640%2C361&#038;ssl=1\" alt=\"\" width=\"640\" height=\"361\" srcset=\"https:\/\/i0.wp.com\/miradordeatarfe.es\/wp-content\/uploads\/2024\/02\/mujergranada.jpg?w=724&amp;ssl=1 724w, https:\/\/i0.wp.com\/miradordeatarfe.es\/wp-content\/uploads\/2024\/02\/mujergranada.jpg?resize=300%2C169&amp;ssl=1 300w\" sizes=\"auto, (max-width: 640px) 100vw, 640px\" \/><\/a><\/p>\n<p style=\"text-align: justify;\"><strong>El Festival 100% Mujer 2024 contar\u00e1 con las actuaciones de artistas como Mar\u00eda Pel\u00e1e o Bewis De la Rosa. Tambi\u00e9n con las granadinas LaSole, Nefy, Erika y Pilar Alonso, entre otras. Desde Catalu\u00f1a estar\u00e1 Maruja Lim\u00f3n, Tribade y Women Soldier. Desde Valladolid, Martilda, desde Huelva Ejazz\u2019s time, desde el Pa\u00eds Vasco La Furia, desde Madrid Marina Carmona y Rocking Girls, como djs, desde Valencia, Las Hijas de la Cumbia y desde Sevilla La Rubia Pincha. Adem\u00e1s, la periodista Marisol Gald\u00f3n har\u00e1 de maestra de ceremonias.<\/strong><\/p>\n<p style=\"text-align: justify;\">La concejala de Igualdad, ha se\u00f1alado que el festival contar\u00e1 con un punto violeta, exposici\u00f3n artesanal y una zona de comida. La entrada para los menores de 12 a\u00f1os es gratuita. Encarnaci\u00f3n Gonz\u00e1lez ha recordado que en la actualidad se celebran en el pa\u00eds alrededor de 1.000 festivales de m\u00fasica anuales y que en ellos la representaci\u00f3n femenina no supera el 20%, seg\u00fan los datos de 2023. Esto contrasta con los datos del Ministerio de Educaci\u00f3n, que refleja que el 57% de los estudiantes de ense\u00f1anzas art\u00edsticas en Espa\u00f1a son mujeres.<\/p>\n<p style=\"text-align: justify;\">En la ense\u00f1anza musical, espec\u00edficamente, ellas tambi\u00e9n son mayor\u00eda, el 53%. Por otra parte, tambi\u00e9n existen datos claros de brecha salarial asociada a estos tipos de eventos. \u201cCon la organizaci\u00f3n de este festival pretendemos poner un grano de arena para acabar con la desigualdad entre mujeres y hombres en este sector, demostrando que es posible organizar un evento de gran nivel contando exclusivamente con la participaci\u00f3n de mujeres\u201d, ha finalizado la edil.<\/p>\n<p style=\"text-align: justify;\">GABINETE CONCEJAL\u00cdA DE IGUALDAD<\/p>\n<p>FOTO: La tercera edici\u00f3n del festival ha sido presentada este lunes | Foto: Gabinete<\/p>\n","protected":false},"excerpt":{"rendered":"<p>Ser\u00e1 los d\u00edas 9 y 10 de marzo y contar\u00e1 con un Punto Violeta, un&#8230;<\/p>\n","protected":false},"author":1,"featured_media":67259,"comment_status":"closed","ping_status":"closed","sticky":false,"template":"","format":"standard","meta":{"_coblocks_attr":"","_coblocks_dimensions":"","_coblocks_responsive_height":"","_coblocks_accordion_ie_support":"","jetpack_post_was_ever_published":false,"_jetpack_newsletter_access":"","_jetpack_dont_email_post_to_subs":false,"_jetpack_newsletter_tier_id":0,"_jetpack_memberships_contains_paywalled_content":false,"_jetpack_memberships_contains_paid_content":false,"footnotes":"","jetpack_publicize_message":"","jetpack_publicize_feature_enabled":true,"jetpack_social_post_already_shared":true,"jetpack_social_options":{"image_generator_settings":{"template":"highway","default_image_id":0,"enabled":false},"version":2}},"categories":[1161,14,10781,44],"tags":[],"class_list":["post-67258","post","type-post","status-publish","format-standard","has-post-thumbnail","hentry","category-ciudadania","category-feminismo","category-granada","category-noticias-de-hoy"],"jetpack_publicize_connections":[],"jetpack_featured_media_url":"https:\/\/i0.wp.com\/miradordeatarfe.es\/wp-content\/uploads\/2024\/02\/festiva-100-mujer-presentacion-granada-ayuntamiento-1010x673-1.jpg?fit=1010%2C673&ssl=1","jetpack_likes_enabled":true,"jetpack_sharing_enabled":true,"_links":{"self":[{"href":"https:\/\/miradordeatarfe.es\/index.php?rest_route=\/wp\/v2\/posts\/67258","targetHints":{"allow":["GET"]}}],"collection":[{"href":"https:\/\/miradordeatarfe.es\/index.php?rest_route=\/wp\/v2\/posts"}],"about":[{"href":"https:\/\/miradordeatarfe.es\/index.php?rest_route=\/wp\/v2\/types\/post"}],"author":[{"embeddable":true,"href":"https:\/\/miradordeatarfe.es\/index.php?rest_route=\/wp\/v2\/users\/1"}],"replies":[{"embeddable":true,"href":"https:\/\/miradordeatarfe.es\/index.php?rest_route=%2Fwp%2Fv2%2Fcomments&post=67258"}],"version-history":[{"count":1,"href":"https:\/\/miradordeatarfe.es\/index.php?rest_route=\/wp\/v2\/posts\/67258\/revisions"}],"predecessor-version":[{"id":67261,"href":"https:\/\/miradordeatarfe.es\/index.php?rest_route=\/wp\/v2\/posts\/67258\/revisions\/67261"}],"wp:featuredmedia":[{"embeddable":true,"href":"https:\/\/miradordeatarfe.es\/index.php?rest_route=\/wp\/v2\/media\/67259"}],"wp:attachment":[{"href":"https:\/\/miradordeatarfe.es\/index.php?rest_route=%2Fwp%2Fv2%2Fmedia&parent=67258"}],"wp:term":[{"taxonomy":"category","embeddable":true,"href":"https:\/\/miradordeatarfe.es\/index.php?rest_route=%2Fwp%2Fv2%2Fcategories&post=67258"},{"taxonomy":"post_tag","embeddable":true,"href":"https:\/\/miradordeatarfe.es\/index.php?rest_route=%2Fwp%2Fv2%2Ftags&post=67258"}],"curies":[{"name":"wp","href":"https:\/\/api.w.org\/{rel}","templated":true}]}}