{"id":67262,"date":"2024-02-19T11:00:42","date_gmt":"2024-02-19T10:00:42","guid":{"rendered":"https:\/\/miradordeatarfe.es\/?p=67262"},"modified":"2024-06-02T12:05:12","modified_gmt":"2024-06-02T10:05:12","slug":"esto-no-es-una-crisis-por-remedios-sanchez","status":"publish","type":"post","link":"https:\/\/miradordeatarfe.es\/?p=67262","title":{"rendered":"\u00abESTO NO ES UNA CRISIS\u00bb por  Remedios S\u00e1nchez"},"content":{"rendered":"<h3 style=\"text-align: justify;\">Cuando parec\u00eda dif\u00edcil que la situaci\u00f3n de los partidos pol\u00edticos bajase un pelda\u00f1o m\u00e1s en la consideraci\u00f3n ciudadana, durante una comida con periodistas en Lugo,\u00a0un dirigente del PP va, se anima, le pide al colega que le sujete el cubata y revela que, como Junts es un interlocutor v\u00e1lido, ellos tambi\u00e9n estuvieron negociando con Puigdemont la amnist\u00eda y el indulto, pero s\u00f3lo un poquito.<\/h3>\n<p style=\"text-align: justify;\">Lo cual que Alberto N\u00fa\u00f1ez-Feij\u00f3o, ese se\u00f1or que dicen que es el l\u00edder mientras se lo permita D\u00edaz-Ayuso, \u00a0se ha visto obligado a confirmar y desmentir simult\u00e1neamente que esta derecha que hoy se rasga las vestiduras por el acuerdo entre S\u00e1nchez y los independentistas, tambi\u00e9n mantuvo contactos con nuestro chusco Napole\u00f3n de saldo; pero que en veinticuatro horas se dieron cuenta de que \u00a0la senda constitucional no iba por ah\u00ed, \u00a0de que Espa\u00f1a es otra cosa; de que amnist\u00eda s\u00ed, pero no as\u00ed, reformulando los juegos sem\u00e1nticos de los tiempos de Felipe y la OTAN. Y por si el personal no se hubiera quedado bastante desconcertado, tambi\u00e9n se ha filtrado que quisieron hablar con ERC, pero los republicanos catalanistas los mandaron a tomar percebes con viento fresco. Si esto lo convierten en una pel\u00edcula, le dan seguro el Goya al mejor guion porque nadie podr\u00e1 negar que la situaci\u00f3n de la clase pol\u00edtica espa\u00f1ola (en general, sin distinci\u00f3n) cada vez se parecen m\u00e1s a una fusi\u00f3n entre \u2018La escopeta nacional\u2019 y uno de esos culebrones turcos donde resulta casi imposible seguir la trama, con tantas modificaciones en el rol de los personajes.<\/p>\n<p style=\"text-align: justify;\">Por eso tiene tanta gracia escuchar a don Alberto justificarse, por un lado, en el beneficio para el pa\u00eds y la concordia social; y por otro negarlo, avisando de la necesidad capital de que los pol\u00edticos no mientan y sean coherentes. Porque lo suyo no fue enga\u00f1ar: fue ocultar informaci\u00f3n, que se antoja distinto. Ser\u00e1 por eso por lo que no es presidente, al margen de que tampoco tuviera los apoyos, que al final es una cuesti\u00f3n irrelevante para sus palmeros de cabecera. Tan menor que en esto fundamentan que ande dando virajes a pesar de la absoluta fragilidad de su autoridad, a ver c\u00f3mo gana simpat\u00edas y logra que le acompa\u00f1e la fortuna de los audaces para no tener que acabar diciendo aquello de C\u00e9sar a Bruto cuando el apu\u00f1alamiento mortal: Tu quoque, fili mi? Pues s\u00ed, ellos tambi\u00e9n, porque en cuestiones de poder, como en la guerra, ya aclar\u00f3 Shakespeare que todo vale para el medro. Y mientras, los cargos afines se dedican a negar como un mantra la informaci\u00f3n que dieron ellos mismos a diferentes medios informativos, a echar la culpa a Pedro S\u00e1nchez (siempre conviene tenerlo a mano para embarrar) y a jurar que nadie discute el liderazgo del gallego aunque sea err\u00e1tico y confuso. Que no hay giro en el posicionamiento, ni cambio de opini\u00f3n, ni crisis que cerrar. Es decir que con cada declaraci\u00f3n est\u00e1n recordando al elefante, arrasando sus propios posicionamientos, porque esta gente nov\u00edsima lee mal y no comprende c\u00f3mo hay que aplicar la teor\u00eda del encuadre del socioling\u00fcista Lakoff. Y, enredados en su propia historia de medias verdades, est\u00e1n dinamitado su credibilidad. Ahora sin la baraka de S\u00e1nchez, a ver c\u00f3mo salvan al confuso e incoherente Feij\u00f3o. En el caso, claro, de que alguno a\u00fan pretendiera salvarlo.<\/p>\n<p>foto: https:\/\/www.youtube.com\/watch?v=O1WXw7TENIA<\/p>\n","protected":false},"excerpt":{"rendered":"<p>Cuando parec\u00eda dif\u00edcil que la situaci\u00f3n de los partidos pol\u00edticos bajase un pelda\u00f1o m\u00e1s en&#8230;<\/p>\n","protected":false},"author":1,"featured_media":67263,"comment_status":"closed","ping_status":"closed","sticky":false,"template":"","format":"standard","meta":{"_coblocks_attr":"","_coblocks_dimensions":"","_coblocks_responsive_height":"","_coblocks_accordion_ie_support":"","jetpack_post_was_ever_published":false,"_jetpack_newsletter_access":"","_jetpack_dont_email_post_to_subs":false,"_jetpack_newsletter_tier_id":0,"_jetpack_memberships_contains_paywalled_content":false,"_jetpack_memberships_contains_paid_content":false,"footnotes":"","jetpack_publicize_message":"","jetpack_publicize_feature_enabled":true,"jetpack_social_post_already_shared":true,"jetpack_social_options":{"image_generator_settings":{"template":"highway","default_image_id":0,"enabled":false},"version":2}},"categories":[1161,7671,6914],"tags":[],"class_list":["post-67262","post","type-post","status-publish","format-standard","has-post-thumbnail","hentry","category-ciudadania","category-politica","category-opinion-de-reme-sanchez"],"jetpack_publicize_connections":[],"jetpack_featured_media_url":"https:\/\/i0.wp.com\/miradordeatarfe.es\/wp-content\/uploads\/2024\/02\/th-2.jpeg?fit=320%2C180&ssl=1","jetpack_likes_enabled":true,"jetpack_sharing_enabled":true,"_links":{"self":[{"href":"https:\/\/miradordeatarfe.es\/index.php?rest_route=\/wp\/v2\/posts\/67262","targetHints":{"allow":["GET"]}}],"collection":[{"href":"https:\/\/miradordeatarfe.es\/index.php?rest_route=\/wp\/v2\/posts"}],"about":[{"href":"https:\/\/miradordeatarfe.es\/index.php?rest_route=\/wp\/v2\/types\/post"}],"author":[{"embeddable":true,"href":"https:\/\/miradordeatarfe.es\/index.php?rest_route=\/wp\/v2\/users\/1"}],"replies":[{"embeddable":true,"href":"https:\/\/miradordeatarfe.es\/index.php?rest_route=%2Fwp%2Fv2%2Fcomments&post=67262"}],"version-history":[{"count":1,"href":"https:\/\/miradordeatarfe.es\/index.php?rest_route=\/wp\/v2\/posts\/67262\/revisions"}],"predecessor-version":[{"id":67264,"href":"https:\/\/miradordeatarfe.es\/index.php?rest_route=\/wp\/v2\/posts\/67262\/revisions\/67264"}],"wp:featuredmedia":[{"embeddable":true,"href":"https:\/\/miradordeatarfe.es\/index.php?rest_route=\/wp\/v2\/media\/67263"}],"wp:attachment":[{"href":"https:\/\/miradordeatarfe.es\/index.php?rest_route=%2Fwp%2Fv2%2Fmedia&parent=67262"}],"wp:term":[{"taxonomy":"category","embeddable":true,"href":"https:\/\/miradordeatarfe.es\/index.php?rest_route=%2Fwp%2Fv2%2Fcategories&post=67262"},{"taxonomy":"post_tag","embeddable":true,"href":"https:\/\/miradordeatarfe.es\/index.php?rest_route=%2Fwp%2Fv2%2Ftags&post=67262"}],"curies":[{"name":"wp","href":"https:\/\/api.w.org\/{rel}","templated":true}]}}