{"id":67265,"date":"2024-02-22T11:27:44","date_gmt":"2024-02-22T10:27:44","guid":{"rendered":"https:\/\/miradordeatarfe.es\/?p=67265"},"modified":"2024-06-02T12:09:50","modified_gmt":"2024-06-02T10:09:50","slug":"vivencias-de-mi-atarfe-por-jose-enrique-granados","status":"publish","type":"post","link":"https:\/\/miradordeatarfe.es\/?p=67265","title":{"rendered":"\u00abVIVENCIAS DE \u00c1NGEL FERN\u00c1NDEZ\u00bb por Jos\u00e9 Enrique Granados"},"content":{"rendered":"<div dir=\"auto\">\n<div dir=\"auto\" style=\"text-align: justify;\"><em>\u201cCreo que he perdido las llaves, con las prisas debo de haberlas dejado en alg\u00fan lado. Ya no empujas y te encuentras la puerta abierta. Hubo un tiempo hace unos treinta a\u00f1os donde no hab\u00eda llaves, claro est\u00e1, tampoco se ten\u00eda mucho que guardar, sobraba espacio y esperanza, todo lo dem\u00e1s aparec\u00eda y volaba con la misma rapidez que la imaginaci\u00f3n y la fantas\u00eda creaba.<\/em><\/div>\n<div dir=\"auto\" style=\"text-align: justify;\">\u00a0<\/div>\n<div dir=\"auto\" style=\"text-align: justify;\"><em>Treinta a\u00f1os no son nada, o algo as\u00ed cantaba Gardel, pero no es cierto veinte o treinta a\u00f1os tienen un gran ba\u00fal donde meter todo lo que se puede, lo malo o lo bueno es que cuando se abre el olor a rancio te envuelve y yo a veces no s\u00e9 si me gusta o me duele el respirar el olor de los cardos que un d\u00eda plagaban el Barrio de Santa Amalia, ni el vapor que por doquier emerg\u00eda los inviernos por las grietas de la sierra.\u00a0<\/em><\/div>\n<div dir=\"auto\" style=\"text-align: justify;\"><em>Entonces mis ojos ten\u00edan el azul de la ni\u00f1ez. \u00bfPor qu\u00e9 quise hacerme mayor? \u00bfPor qu\u00e9 lo anhelaba? \u00bfAcaso el agua de las acequias en las que sol\u00edas beber no era transparente?<\/em><\/div>\n<div dir=\"auto\" style=\"text-align: justify;\"><em>Viv\u00ed y so\u00f1\u00e9 como supe. Recorr\u00ed las calles, desde el Barquillo hasta el camino de Albolote, vert\u00ed ilusiones y deseos.\u00a0<\/em><\/div>\n<div dir=\"auto\" style=\"text-align: justify;\">\u00a0<\/div>\n<div dir=\"auto\" style=\"text-align: justify;\"><em>Hoy, un d\u00eda cualquiera, lamento no poder aportar nada, pero tampoco es mi intenci\u00f3n, ni tampoco le he puesto nombre y forma a las figuras que intento recordar. Desde que comenc\u00e9 a juntar palabras no s\u00e9 porque causa en la memoria aparecen demasiadas nubes, es como si el paso de los d\u00edas ocultase otros d\u00edas y enmara\u00f1asen el tiempo. Deseo hacer memoria de las historias, quiero llegar a un lugar y me pierdo por las calles, veo los rostros, pero no los distingo. Quiero recordar lo que un d\u00eda me promet\u00ed a m\u00ed mismo cumplir y ya no recuerdo. Quise ser y fui lo que la vida me dej\u00f3, luche por lo que quise \u00a1o no!, la duda entorpece y confunde. Qu\u00e9 fue del sabor, el olor y la esperanza de los ni\u00f1os de los sesenta, que lejos de la familia de la serie \u201cCu\u00e9ntame\u201d. \u00bfCu\u00e1nto barro cabe en la desilusi\u00f3n de un ni\u00f1o, y cuanta esperanza se desgasta en el deseo que nunca llega?\u00a0<\/em><\/div>\n<div dir=\"auto\" style=\"text-align: justify;\">\u00a0<\/div>\n<div dir=\"auto\" style=\"text-align: justify;\"><em>Yo nac\u00ed y viv\u00ed en las Eras, yo form\u00e9 parte de la legi\u00f3n de ni\u00f1os que le dieron contenido a sus d\u00edas entre piedras y olivos, entre romanos e indios, entre los cuentos y deseos inalcanzables de los mayores sentados tomando el fresco en una noche de verano.\u00a0<\/em><\/div>\n<div dir=\"auto\" style=\"text-align: justify;\">\u00a0<\/div>\n<div dir=\"auto\" style=\"text-align: justify;\"><em>Los que hemos vivido la ni\u00f1ez en la \u00e9poca de los sesenta, reconocemos el olor del pan con aceite y az\u00facar, las tostadas del brasero de pic\u00f3n que alimentaban nuestro gusto y las bombillas de 125 watios alumbrando m\u00e1s all\u00e1 de las cortinas de los confines de la imaginaci\u00f3n. No eran tiempos de abundancia. Una onza de chocolate era comparable al plato elaborado por el mejor chef del planeta, \u00bfqu\u00e9 precio ten\u00eda el sabor del pan con aceite y az\u00facar? Para m\u00ed, m\u00e1s que una cigala, que por entonces ni sab\u00edamos que se com\u00edan. \u201cLas majoletas\u201d de septiembre con las que com\u00edamos y jug\u00e1bamos con la misma destreza del juego del ajedrez. Las interminables lluvias del invierno y la desesperaci\u00f3n del juego en la alacena con \u201clas bolas de catarro\u201d. Pasan los d\u00edas, como pasa el olor de las matanzas que durante el mes de enero impregnaba las calles para darle paso a las ca\u00f1as de morcillas colgadas al sol.\u00a0<\/em><\/div>\n<div dir=\"auto\" style=\"text-align: justify;\">\u00a0<\/div>\n<div dir=\"auto\" style=\"text-align: justify;\"><em>Aunque el aire de treinta a\u00f1os despu\u00e9s no lleve el mismo olor de entonces, s\u00e9 que este es mi pueblo porque mis amigos, mi vida y mis recuerdos est\u00e1n aqu\u00ed\u201d. De lo vivido y olvidado, \u00c1ngel Fern\u00e1ndez.\u00a0<\/em><\/div>\n<div dir=\"auto\" style=\"text-align: justify;\">\u00a0<\/div>\n<div dir=\"auto\" style=\"text-align: justify;\">Si esto lo escribi\u00f3 hace algunos a\u00f1os, \u00bfpor qu\u00e9 no puede ser el pr\u00f3ximo atarfe\u00f1o que salga al balc\u00f3n principal del ayuntamiento a proclamar las fiestas de 2020? Creo que es el candidato id\u00f3neo, como colof\u00f3n a su compromiso laboral y personal\u2026\u2026\u2026\u2026 #Yo, votoangel.<\/div>\n<div dir=\"auto\" style=\"text-align: justify;\">\u00a0<\/div>\n<div dir=\"auto\"><strong>Curiosidades elvirenses. publicada el 18 de agosto\u00a0 de 2019<br \/>\n<\/strong><\/div>\n<\/div>\n","protected":false},"excerpt":{"rendered":"<p>\u201cCreo que he perdido las llaves, con las prisas debo de haberlas dejado en alg\u00fan&#8230;<\/p>\n","protected":false},"author":1,"featured_media":67266,"comment_status":"closed","ping_status":"closed","sticky":false,"template":"","format":"standard","meta":{"_coblocks_attr":"","_coblocks_dimensions":"","_coblocks_responsive_height":"","_coblocks_accordion_ie_support":"","jetpack_post_was_ever_published":false,"_jetpack_newsletter_access":"","_jetpack_dont_email_post_to_subs":false,"_jetpack_newsletter_tier_id":0,"_jetpack_memberships_contains_paywalled_content":false,"_jetpack_memberships_contains_paid_content":false,"footnotes":"","jetpack_publicize_message":"","jetpack_publicize_feature_enabled":true,"jetpack_social_post_already_shared":true,"jetpack_social_options":{"image_generator_settings":{"template":"highway","default_image_id":0,"enabled":false},"version":2}},"categories":[2,1225,186,38],"tags":[],"class_list":["post-67265","post","type-post","status-publish","format-standard","has-post-thumbnail","hentry","category-atarfe","category-ha-de-atarfe","category-instituciones","category-opinion-de-jose-enrique-granados"],"jetpack_publicize_connections":[],"jetpack_featured_media_url":"https:\/\/i0.wp.com\/miradordeatarfe.es\/wp-content\/uploads\/2024\/02\/angel.jpg?fit=1004%2C667&ssl=1","jetpack_likes_enabled":true,"jetpack_sharing_enabled":true,"_links":{"self":[{"href":"https:\/\/miradordeatarfe.es\/index.php?rest_route=\/wp\/v2\/posts\/67265","targetHints":{"allow":["GET"]}}],"collection":[{"href":"https:\/\/miradordeatarfe.es\/index.php?rest_route=\/wp\/v2\/posts"}],"about":[{"href":"https:\/\/miradordeatarfe.es\/index.php?rest_route=\/wp\/v2\/types\/post"}],"author":[{"embeddable":true,"href":"https:\/\/miradordeatarfe.es\/index.php?rest_route=\/wp\/v2\/users\/1"}],"replies":[{"embeddable":true,"href":"https:\/\/miradordeatarfe.es\/index.php?rest_route=%2Fwp%2Fv2%2Fcomments&post=67265"}],"version-history":[{"count":2,"href":"https:\/\/miradordeatarfe.es\/index.php?rest_route=\/wp\/v2\/posts\/67265\/revisions"}],"predecessor-version":[{"id":67268,"href":"https:\/\/miradordeatarfe.es\/index.php?rest_route=\/wp\/v2\/posts\/67265\/revisions\/67268"}],"wp:featuredmedia":[{"embeddable":true,"href":"https:\/\/miradordeatarfe.es\/index.php?rest_route=\/wp\/v2\/media\/67266"}],"wp:attachment":[{"href":"https:\/\/miradordeatarfe.es\/index.php?rest_route=%2Fwp%2Fv2%2Fmedia&parent=67265"}],"wp:term":[{"taxonomy":"category","embeddable":true,"href":"https:\/\/miradordeatarfe.es\/index.php?rest_route=%2Fwp%2Fv2%2Fcategories&post=67265"},{"taxonomy":"post_tag","embeddable":true,"href":"https:\/\/miradordeatarfe.es\/index.php?rest_route=%2Fwp%2Fv2%2Ftags&post=67265"}],"curies":[{"name":"wp","href":"https:\/\/api.w.org\/{rel}","templated":true}]}}