{"id":67275,"date":"2024-02-18T08:11:52","date_gmt":"2024-02-18T07:11:52","guid":{"rendered":"https:\/\/miradordeatarfe.es\/?p=67275"},"modified":"2024-02-17T12:15:28","modified_gmt":"2024-02-17T11:15:28","slug":"casi-27-millones-de-gallegos-deciden-este-domingo-el-futuro-de-la-xunta","status":"publish","type":"post","link":"https:\/\/miradordeatarfe.es\/?p=67275","title":{"rendered":"Casi 2,7 millones de gallegos deciden este domingo el futuro de la Xunta"},"content":{"rendered":"<h3 style=\"text-align: justify;\">Un total de 2.693.624 gallegos est\u00e1n llamados este domingo a las urnas para decidir si la Xunta sigue gobernada por el PP o se produce una alternancia a partir de un acuerdo entre BNG, PSG y, si logran esca\u00f1o, Sumar y Podemos.<\/h3>\n<p style=\"text-align: justify;\">De acuerdo con el Instituto Nacional de Estad\u00edstica (INE), de los casi 2,7 millones de inscritos en el censo, 2.217.110 residen en Galicia y 476.514 en el extranjero.<\/p>\n<p style=\"text-align: justify;\">De los residentes en la comunidad, <b>79.072 podr\u00e1n participar por primera vez en unas elecciones al Parlamento regional <\/b>por haber cumplido 18 a\u00f1os desde los anteriores comicios, celebrados el 12 de julio de 2020.<\/p>\n<p style=\"text-align: justify;\">Por provincias, el 18-F la mayor\u00eda de los votantes residen en La Coru\u00f1a (1.088.386 electores) y Pontevedra (911.704), mientras muy por detr\u00e1s se sit\u00faan Lugo (337.734) y Orense (355.800).<\/p>\n<h2 style=\"text-align: justify;\">3.950 mesas electorales<\/h2>\n<p style=\"text-align: justify;\">En estas elecciones gallegas se instalar\u00e1n 3.950 mesas electorales, <b>distribuidas en los 2.347 locales electorales de 313 municipios.<\/b><\/p>\n<p style=\"text-align: justify;\">Al mismo tiempo, Correos ha admitido un total de 58.903 votos por correo, de los que 22.725 pertenecen a electores de La Coru\u00f1a, 18.980 de Pontevedra, 8.758 de Lugo y 8.758 de Lugo.<\/p>\n<p style=\"text-align: justify;\"><b>Este n\u00famero de votos por correo supone un 19,96% menos que la cifra total de votos<\/b> <b>admitidos en las anteriores elecciones<\/b> gallegas celebradas durante la pandemia, el 12 de julio de 2020 (73.595), que marc\u00f3 r\u00e9cord hist\u00f3rico en unos comicios auton\u00f3micos en Galicia.<\/p>\n<p style=\"text-align: justify;\">No obstante, estos sufragios son un 36,97% m\u00e1s que el n\u00famero de votos por correo registrados en los comicios anteriores, el proceso hom\u00f3logo anterior, celebrado el 25 de septiembre de 2016 (43.002).<\/p>\n<p style=\"text-align: justify;\">Para la jornada electoral, el ente p\u00fablico estatal tiene encomendada la misi\u00f3n de entregar los votos cursados por correo en las mesas electorales. Para ello,<b> habr\u00e1 un despliegue log\u00edstico especial, integrado por 2.349 profesionales,<\/b> entre personal de reparto, oficinas y centros de tratamiento, y movilizar\u00e1 todos los veh\u00edculos de su flota que sean necesarios para el correcto desarrollo de su misi\u00f3n.<\/p>\n<div class=\"authorAvatar d-flex justify-content-center col-lg-2 col-12\" style=\"text-align: justify;\"><strong><a href=\"https:\/\/www.eleconomista.es\/autor\/elEconomistaes\">elEconomista.es<\/a><\/strong><\/div>\n<div class=\"row no-gutters author-info-container d-flex col-lg-10 col-12\">\n<div class=\"Article__authors col-12\">\n<div class=\"authors_Name d-inline-flex\">\n<p>https:\/\/www.eleconomista.es\/actualidad\/noticias\/12678974\/02\/24\/casi-27-millones-de-gallegos-deciden-este-domingo-el-futuro-de-la-xunta.html<\/p>\n<\/div>\n<\/div>\n<\/div>\n","protected":false},"excerpt":{"rendered":"<p>Un total de 2.693.624 gallegos est\u00e1n llamados este domingo a las urnas para decidir si&#8230;<\/p>\n","protected":false},"author":1,"featured_media":67276,"comment_status":"closed","ping_status":"closed","sticky":false,"template":"","format":"standard","meta":{"_coblocks_attr":"","_coblocks_dimensions":"","_coblocks_responsive_height":"","_coblocks_accordion_ie_support":"","jetpack_post_was_ever_published":false,"_jetpack_newsletter_access":"","_jetpack_dont_email_post_to_subs":false,"_jetpack_newsletter_tier_id":0,"_jetpack_memberships_contains_paywalled_content":false,"_jetpack_memberships_contains_paid_content":false,"footnotes":"","jetpack_publicize_message":"","jetpack_publicize_feature_enabled":true,"jetpack_social_post_already_shared":true,"jetpack_social_options":{"image_generator_settings":{"template":"highway","default_image_id":0,"enabled":false},"version":2}},"categories":[1161,44,7671],"tags":[],"class_list":["post-67275","post","type-post","status-publish","format-standard","has-post-thumbnail","hentry","category-ciudadania","category-noticias-de-hoy","category-politica"],"jetpack_publicize_connections":[],"jetpack_featured_media_url":"https:\/\/i0.wp.com\/miradordeatarfe.es\/wp-content\/uploads\/2024\/02\/1200x655_colegio-electoral-galicia-ep.jpg?fit=1200%2C655&ssl=1","jetpack_likes_enabled":true,"jetpack_sharing_enabled":true,"_links":{"self":[{"href":"https:\/\/miradordeatarfe.es\/index.php?rest_route=\/wp\/v2\/posts\/67275","targetHints":{"allow":["GET"]}}],"collection":[{"href":"https:\/\/miradordeatarfe.es\/index.php?rest_route=\/wp\/v2\/posts"}],"about":[{"href":"https:\/\/miradordeatarfe.es\/index.php?rest_route=\/wp\/v2\/types\/post"}],"author":[{"embeddable":true,"href":"https:\/\/miradordeatarfe.es\/index.php?rest_route=\/wp\/v2\/users\/1"}],"replies":[{"embeddable":true,"href":"https:\/\/miradordeatarfe.es\/index.php?rest_route=%2Fwp%2Fv2%2Fcomments&post=67275"}],"version-history":[{"count":1,"href":"https:\/\/miradordeatarfe.es\/index.php?rest_route=\/wp\/v2\/posts\/67275\/revisions"}],"predecessor-version":[{"id":67277,"href":"https:\/\/miradordeatarfe.es\/index.php?rest_route=\/wp\/v2\/posts\/67275\/revisions\/67277"}],"wp:featuredmedia":[{"embeddable":true,"href":"https:\/\/miradordeatarfe.es\/index.php?rest_route=\/wp\/v2\/media\/67276"}],"wp:attachment":[{"href":"https:\/\/miradordeatarfe.es\/index.php?rest_route=%2Fwp%2Fv2%2Fmedia&parent=67275"}],"wp:term":[{"taxonomy":"category","embeddable":true,"href":"https:\/\/miradordeatarfe.es\/index.php?rest_route=%2Fwp%2Fv2%2Fcategories&post=67275"},{"taxonomy":"post_tag","embeddable":true,"href":"https:\/\/miradordeatarfe.es\/index.php?rest_route=%2Fwp%2Fv2%2Ftags&post=67275"}],"curies":[{"name":"wp","href":"https:\/\/api.w.org\/{rel}","templated":true}]}}