{"id":67281,"date":"2024-02-20T11:00:05","date_gmt":"2024-02-20T10:00:05","guid":{"rendered":"https:\/\/miradordeatarfe.es\/?p=67281"},"modified":"2024-02-20T16:37:26","modified_gmt":"2024-02-20T15:37:26","slug":"atarfe-ana-lopez-verdejo-amadrina-un-aula","status":"publish","type":"post","link":"https:\/\/miradordeatarfe.es\/?p=67281","title":{"rendered":"ATARFE: ANA L\u00d3PEZ  RODR\u00cdGUEZ AMADRINA UN AULA"},"content":{"rendered":"<h3>ENTREVISTA ANI L\u00d3PEZ PARA EL MIRADOR DE\u00a0 ATARFE<\/h3>\n<p style=\"text-align: justify;\"><strong>1.- \u00bfQu\u00e9 centro has amadrinado?<\/strong><\/p>\n<p style=\"text-align: justify;\">He amadrinado el colegio CEIP Clara Campoamor en Atarfe. Ha sido una sorpresa y una alegr\u00eda amadrinar este centro, al que estoy muy agradecida, porque mi ni\u00f1a ha estudiado en este cole y de esta forma puedo devolver, aportando mi granito de arena, tanto cari\u00f1o y entrega aportada por las maestras\/os que la han acompa\u00f1ado en esta etapa escolar, con especial menci\u00f3n a la se\u00f1o Ana Mari, que ha sido un \u201c\u00e1ngel\u201d en nuestras vidas, y sin olvidar a los dem\u00e1s maestros (Bel\u00e9n, Josefina, Carmen, M\u00aa Carmen, Violeta, Francis, Fran, Paqui, Esther, etc\u2026) que con tanta paciencia han demostrado que lo suyo no es solo una profesi\u00f3n, sino una vocaci\u00f3n. Y por supuesto a todo el equipo de comedor (Vicki, Montse, Sonia,\u2026) que con tanto amor han desarrollado su labor cada d\u00eda. As\u00ed que me ha removido muchos sentimientos llegar al cole y encontrarme muchos de los maestros a los que debo tanto.<\/p>\n<p style=\"text-align: justify;\"><strong>2.- Y t\u00fa \u00bfDe qui\u00e9n eres? \u00bfC\u00f3mo podemos conocerte un poco mejor?<\/strong><\/p>\n<p style=\"text-align: justify;\">Todo el mundo me conoce por Ani, tengo 44 a\u00f1os, y <em>soy de Atarfe de toda la vida<\/em>, como aqu\u00ed decimos. He tenido la suerte de tener unos padres humildes, serviciales y muy trabajadores, que me han ense\u00f1ado desde muy peque\u00f1a, con su ejemplo, que en la vida nadie te regala nada, que hay que esforzarse, y que con paciencia y tes\u00f3n se consiguen las cosas.<\/p>\n<p style=\"text-align: justify;\">Mi madre se llama Ana, y la gente la conoce como Ana la del herbolario, y mi padre se llama Juan Francisco, pero mucha gente le llama Paco o Paquito, el ni\u00f1o de Dolorcicas la de Contreras, o Dolores de la calle la Mina, como tambi\u00e9n conoc\u00edan a mi abuela Dolores que en paz descanse y que tanto me ha hecho disfrutar con las historias de su infancia-adolescencia que me contaba, que ser\u00edan dignas de una serie de TV de las que se llevan ahora.<\/p>\n<p style=\"text-align: justify;\">Tengo dos hermanos, mi hermano mayor Juanjo, como la mayor\u00eda le conoce (aunque a mi madre le da mucho coraje que nos corten el nombre), y mi hermana peque\u00f1a Bea. Durante mi adolescencia, sobre todo, parece que no he tenido personalidad propia, porque siempre se han referido a m\u00ed como \u201cla hermana de Juanjo o Bea\u201d, as\u00ed que mucha gente cuando est\u00e9 leyendo \u00e9sto me recordar\u00e1 de esta forma. Cuando me cas\u00e9, pas\u00e9 a ser la mujer de Jos\u00e9 Carlos, el ni\u00f1o de Pepe el practicante, y posteriormente la madre de Marta, as\u00ed que esto es un no parar, jajaja.<\/p>\n<p style=\"text-align: justify;\">Siempre he sido una persona extrovertida, sociable, curiosa, perfeccionista y observadora. Me he considerado un poco ratona de biblioteca (mi lugar favorito) y \u00e1vida lectora. A\u00fan recuerdo la antigua biblioteca del pueblo, con Pilar, la bibliotecaria, mi amiga Sandra y yo pas\u00e1bamos muchas horas all\u00ed, era alucinante disponer de tantos libros. La verdad que antes est\u00e1bamos siempre en la calle jugando, imagino que no nos mandaban tantos deberes o nos organiz\u00e1bamos mejor. Nuestras actividades extraescolares eran coger el bocadillo que te preparaba tu madre de pan, aceite y az\u00facar o de at\u00fan con tomate y salir a la placeta a jugar. Luego mas adolescente todas las amigas nos apuntamos al baloncesto, la mayor\u00eda \u00e9ramos bastante malas jugando, todo hay que decirlo, pero nos lo pas\u00e1bamos genial. Nuestros primeros entrenadores fueron mi hermano Juanjo, Mari Nati y nuestra alcaldesa Yolanda, cargo que asum\u00edan de forma voluntaria y con una paciencia f\u00e9rrea. Consiguieron con mucho esfuerzo que pareci\u00e9ramos un equipo medio decente y hasta que gan\u00e1ramos alg\u00fan que otro partido, lo que fue todo un logro, o m\u00e1s bien un desaf\u00edo.<\/p>\n<p style=\"text-align: justify;\"><strong>3.-\u00bfQu\u00e9 estudios has realizado?<\/strong><\/p>\n<p style=\"text-align: justify;\">Mi etapa de infantil, aunque antes se llamaba parvulillos, la curs\u00e9 en el colegio Nuestra Se\u00f1ora del Rosario, \u201clas monjas\u201d de toda la vida y actual SAFA, y de aquella \u00e9poca recuerdo sobre todo a Sor Dolores, su sonrisa, el cari\u00f1o y paciencia con \u00a0la que nos trataba.<\/p>\n<p style=\"text-align: justify;\">Con orgullo afirmo: \u201cYo soy de la EGB\u201d que curs\u00e9 en el colegio Dr. Jim\u00e9nez Rueda, donde \u00edbamos la gran mayor\u00eda de los ni\u00f1os del pueblo, y donde aprend\u00ed tantas cosas, fue una \u00e9poca muy bonita. Admiraba a todos mis maestros, para m\u00ed eran una fuente de sabidur\u00eda, cada d\u00eda que iba a clase era una aventura porque siempre aprend\u00eda algo nuevo. Y mirando en retrospectiva tambi\u00e9n admiro como eran capaces de controlar una clase de m\u00e1s de cuarenta alumnos, jajaja.<\/p>\n<p style=\"text-align: justify;\">Posteriormente BUP y COU los curs\u00e9 en el Instituto Il\u00edberis, esta \u00e9poca fue una transici\u00f3n a todos los niveles hacia la universidad, ya empezaba a plantearme con m\u00e1s seriedad qu\u00e9 quiero ser de mayor, aunque creo que cambi\u00e9 de profesi\u00f3n unas cuantas veces. Me gustaban todas las asignaturas, y se me daban bien, as\u00ed que era dif\u00edcil elegir, aunque siempre sent\u00ed predilecci\u00f3n por la biolog\u00eda, sent\u00eda como la ciencia me iba llamando, aunque a\u00fan no sab\u00eda d\u00f3nde ubicarme.<\/p>\n<p style=\"text-align: justify;\">Finalmente descubr\u00ed para mi sorpresa y m\u00e1s a\u00fan la de mi familia que yo quer\u00eda trabajar en un hospital, quer\u00eda ser enfermera, quer\u00eda hacer algo por los dem\u00e1s, al igual que lo hab\u00eda visto hacer con mi padre cuando estuvo ingresado varios meses. \u00a1Yo que sent\u00eda p\u00e1nico con solo cruzar el umbral del hospital!<\/p>\n<p style=\"text-align: justify;\">Y entonces empec\u00e9 a estudiar enfermer\u00eda en la Escuela Universitaria Ciencias de la Salud (Universidad de Granada, Hospital Cl\u00ednico San Cecilio) y form\u00e9 parte de la primera promoci\u00f3n del siglo (1997-2000) como nos gustaba llamarnos de cachondeo entre los compa\u00f1eros. Aqu\u00ed viv\u00ed una \u00e9poca muy intensa: estudiar, clases, pr\u00e1cticas de hospital, etc. Estaba exhausta, aunque ahora recuerdo con cari\u00f1o las mil y una aventuras de mis a\u00f1os de pr\u00e1cticas en la universidad: si \u00edbamos a cardiolog\u00eda, pues a practicar con los compa\u00f1eros haci\u00e9ndonos un electrocardiograma; los dos meses que estuve sin probar la carne cuando hice las pr\u00e1cticas de quir\u00f3fano porque ten\u00eda metido en la nariz el olor a carne churrascada; los morados en los brazos cuando nos sac\u00e1bamos sangre entre compa\u00f1eros; como nos d\u00e1bamos de tortas por hacer cualquier cosa en la planta del hospital, aunque fuese poner un enema, jajaja. Que energ\u00edas ten\u00edamos!<\/p>\n<p style=\"text-align: justify;\">Cuando acab\u00e9 la carrera, trabaj\u00e9 en el servicio p\u00fablico, privado, y hasta me atrev\u00ed a trabajar en el extranjero (Italia y Reino Unido). Me toc\u00f3 una \u00e9poca complicada a nivel laboral, muchos compa\u00f1eros cambiaron de profesi\u00f3n, y otros resistimos porque amamos nuestra profesi\u00f3n, trabajando en lo que se pod\u00eda.<\/p>\n<p style=\"text-align: justify;\">Adem\u00e1s para no quedarte atr\u00e1s, pues a seguir estudiando, porque la ciencia no deja de avanzar: cursos, ponencias en congresos, m\u00e1steres universitarios, expertos universitarios, etc. Y finalmente descubr\u00ed que, de la multitud de opciones que te ofrece la enfermer\u00eda (especialidades de enfermer\u00eda, asistencial, investigaci\u00f3n, docencia,..), lo que m\u00e1s me ha gustado siempre ha sido el \u00e1rea de pediatr\u00eda, y entonces decid\u00ed que enfocar\u00eda toda mi formaci\u00f3n en ese campo, y desde 2015 tengo tambi\u00e9n el t\u00edtulo de Enfermera Especialista en Enfermer\u00eda Pedi\u00e1trica. Y desde 2018 desarrollo mi labor en el hospital Universitario Cl\u00ednico San Cecilio, conocido como el PTS, en el \u00e1rea de Pediatr\u00eda.<\/p>\n<p style=\"text-align: justify;\"><strong><a href=\"https:\/\/i0.wp.com\/miradordeatarfe.es\/wp-content\/uploads\/2024\/02\/Imagen-de-WhatsApp-2024-02-12-a-las-12.37.23_a4fd1689.jpg?ssl=1\"><img data-recalc-dims=\"1\" loading=\"lazy\" decoding=\"async\" class=\"alignnone wp-image-67282 size-full\" src=\"https:\/\/i0.wp.com\/miradordeatarfe.es\/wp-content\/uploads\/2024\/02\/Imagen-de-WhatsApp-2024-02-12-a-las-12.37.23_a4fd1689.jpg?resize=640%2C360&#038;ssl=1\" alt=\"\" width=\"640\" height=\"360\" srcset=\"https:\/\/i0.wp.com\/miradordeatarfe.es\/wp-content\/uploads\/2024\/02\/Imagen-de-WhatsApp-2024-02-12-a-las-12.37.23_a4fd1689.jpg?w=2048&amp;ssl=1 2048w, https:\/\/i0.wp.com\/miradordeatarfe.es\/wp-content\/uploads\/2024\/02\/Imagen-de-WhatsApp-2024-02-12-a-las-12.37.23_a4fd1689.jpg?resize=300%2C169&amp;ssl=1 300w, https:\/\/i0.wp.com\/miradordeatarfe.es\/wp-content\/uploads\/2024\/02\/Imagen-de-WhatsApp-2024-02-12-a-las-12.37.23_a4fd1689.jpg?resize=1024%2C577&amp;ssl=1 1024w, https:\/\/i0.wp.com\/miradordeatarfe.es\/wp-content\/uploads\/2024\/02\/Imagen-de-WhatsApp-2024-02-12-a-las-12.37.23_a4fd1689.jpg?resize=768%2C432&amp;ssl=1 768w, https:\/\/i0.wp.com\/miradordeatarfe.es\/wp-content\/uploads\/2024\/02\/Imagen-de-WhatsApp-2024-02-12-a-las-12.37.23_a4fd1689.jpg?resize=1536%2C865&amp;ssl=1 1536w, https:\/\/i0.wp.com\/miradordeatarfe.es\/wp-content\/uploads\/2024\/02\/Imagen-de-WhatsApp-2024-02-12-a-las-12.37.23_a4fd1689.jpg?resize=1320%2C743&amp;ssl=1 1320w, https:\/\/i0.wp.com\/miradordeatarfe.es\/wp-content\/uploads\/2024\/02\/Imagen-de-WhatsApp-2024-02-12-a-las-12.37.23_a4fd1689.jpg?w=1920&amp;ssl=1 1920w\" sizes=\"auto, (max-width: 640px) 100vw, 640px\" \/>4<\/a>.- Muchas mujeres tienen problemas para llegar a cumplir sus metas. \u00bfTe consideras Feminista?\u00a0 \u00bfCuales son los principales retos que la mujer debe superar para conseguir sus objetivos? \u00bf Es f\u00e1cil para una mujer meterse en el campo de la ciencia? \u00bf que dificultades has tenido que superar para llegar hasta donde hoy has llegado?<\/strong><\/p>\n<p style=\"text-align: justify;\">No se s\u00ed puede decirse que me considero o no feminista, lo que s\u00ed creo es que todos debemos de ser valorados de igual forma, por nuestros m\u00e9ritos y no por ser hombre o mujer. Sinceramente creo que para la mujer es m\u00e1s dif\u00edcil acceder a diferentes puestos de trabajo, simplemente por el hecho de ser mujer.Creo que la mujer tiene que demostrar m\u00e1s su val\u00eda, y yo he vivido situaciones muy incomodas e injustas en mi profesi\u00f3n. Recuerdo en una ocasi\u00f3n que en una entrevista de trabajo para una cl\u00ednica privada, la entrevistadora (porque era una mujer) me dijo que me contrataba si le promet\u00eda que no me iba a quedar embarazada en unos tres o cuatro a\u00f1os, sent\u00ed verg\u00fcenza ajena, sobre todo porque ella tambi\u00e9n era mujer, creo que ha sido la \u00fanica vez que me he levantado de una entrevista de trabajo y me he ido.<\/p>\n<p style=\"text-align: justify;\">Quiz\u00e1s en la enfermer\u00eda la mujer es m\u00e1s aceptada entre los pacientes o compa\u00f1eros, porque es una profesi\u00f3n m\u00e1s femenina, pero he visto como se ha respetado m\u00e1s el trabajo de un m\u00e9dico por ser hombre que el de una doctora, que ha sido cuestionado solo por el hecho de ser mujer, y eso es muy frustrante.Otras veces, muchas mujeres para progresar en su trabajo, sobre todo cuando tienen que dedicar muchas horas a trabajos de investigaci\u00f3n, les cuesta tener que renunciar o posponer cuestiones familiares como es la maternidad.<\/p>\n<p style=\"text-align: justify;\">Y como he dicho antes, esto est\u00e1 cambiando, pero muy despacio.<\/p>\n<p style=\"text-align: justify;\"><strong>5.- Solo el 19 % de las mujeres en Espa\u00f1a estudia una carrera cient\u00edfica, crees que hay cambiar los curr\u00edculos para favorecer la incorporaci\u00f3n de las mujeres a la ciencia? \u00bfQue le aconsejas a las chicas que hoy est\u00e1n prepar\u00e1ndose para estudiar una carrera y tienen dudas de que elegir?<\/strong><\/p>\n<p style=\"text-align: justify;\">Me ha sorprendido la cifra, pensaba que era bastante m\u00e1s alta. Yo les aconsejar\u00eda a las chicas que tienen dudas para elegir, que no se pongan l\u00edmites, que se paren a pensar que es aquello que les apasiona y que luchen por ello. Y sobre todo que no desaprovechen las oportunidades que les vaya ofreciendo la vida.<\/p>\n<p style=\"text-align: justify;\"><strong>6.- \u00bfQue sientes al amadrinar un centro en Atarfe? \u00bfC\u00f3mo te has sentido en esta experiencia?<\/strong><\/p>\n<p style=\"text-align: justify;\">Me ha parecido una iniciativa maravillosa y cercana. Ha sido una experiencia muy bonita con la que he aprendido muchas cosas y he recordado muchas otras. Al preparar la presentaci\u00f3n para el colegio, he vuelto a mis or\u00edgenes, he vuelto a experimentar esa ilusi\u00f3n de cuando estaba en el colegio, en el instituto, cuando acab\u00e9 la carrera y toda mi trayectoria profesional. Ha sido bonito compartirlo con los ni\u00f1os, y animarlos a que luchen por sus sue\u00f1os, y ojal\u00e1 haya removido el corazoncito de alguno para que se dedique a esta maravillosa profesi\u00f3n como es la enfermer\u00eda.<\/p>\n<p><a href=\"https:\/\/i0.wp.com\/miradordeatarfe.es\/wp-content\/uploads\/2024\/02\/Imagen2.png?ssl=1\"><img data-recalc-dims=\"1\" loading=\"lazy\" decoding=\"async\" class=\"alignnone wp-image-67284 size-full\" src=\"https:\/\/i0.wp.com\/miradordeatarfe.es\/wp-content\/uploads\/2024\/02\/Imagen2.png?resize=438%2C820&#038;ssl=1\" alt=\"\" width=\"438\" height=\"820\" srcset=\"https:\/\/i0.wp.com\/miradordeatarfe.es\/wp-content\/uploads\/2024\/02\/Imagen2.png?w=438&amp;ssl=1 438w, https:\/\/i0.wp.com\/miradordeatarfe.es\/wp-content\/uploads\/2024\/02\/Imagen2.png?resize=160%2C300&amp;ssl=1 160w\" sizes=\"auto, (max-width: 438px) 100vw, 438px\" \/>\u00a0\u00a0 <\/a><a href=\"https:\/\/i0.wp.com\/miradordeatarfe.es\/wp-content\/uploads\/2024\/02\/Imagen-de-WhatsApp-2024-02-12-a-las-12.37.23_4f5a4bff.jpg?ssl=1\"><img data-recalc-dims=\"1\" loading=\"lazy\" decoding=\"async\" class=\"alignnone wp-image-67286 size-full\" src=\"https:\/\/i0.wp.com\/miradordeatarfe.es\/wp-content\/uploads\/2024\/02\/Imagen-de-WhatsApp-2024-02-12-a-las-12.37.23_4f5a4bff.jpg?resize=640%2C360&#038;ssl=1\" alt=\"\" width=\"640\" height=\"360\" srcset=\"https:\/\/i0.wp.com\/miradordeatarfe.es\/wp-content\/uploads\/2024\/02\/Imagen-de-WhatsApp-2024-02-12-a-las-12.37.23_4f5a4bff.jpg?w=2048&amp;ssl=1 2048w, https:\/\/i0.wp.com\/miradordeatarfe.es\/wp-content\/uploads\/2024\/02\/Imagen-de-WhatsApp-2024-02-12-a-las-12.37.23_4f5a4bff.jpg?resize=300%2C169&amp;ssl=1 300w, https:\/\/i0.wp.com\/miradordeatarfe.es\/wp-content\/uploads\/2024\/02\/Imagen-de-WhatsApp-2024-02-12-a-las-12.37.23_4f5a4bff.jpg?resize=1024%2C577&amp;ssl=1 1024w, https:\/\/i0.wp.com\/miradordeatarfe.es\/wp-content\/uploads\/2024\/02\/Imagen-de-WhatsApp-2024-02-12-a-las-12.37.23_4f5a4bff.jpg?resize=768%2C432&amp;ssl=1 768w, https:\/\/i0.wp.com\/miradordeatarfe.es\/wp-content\/uploads\/2024\/02\/Imagen-de-WhatsApp-2024-02-12-a-las-12.37.23_4f5a4bff.jpg?resize=1536%2C865&amp;ssl=1 1536w, https:\/\/i0.wp.com\/miradordeatarfe.es\/wp-content\/uploads\/2024\/02\/Imagen-de-WhatsApp-2024-02-12-a-las-12.37.23_4f5a4bff.jpg?resize=1320%2C743&amp;ssl=1 1320w, https:\/\/i0.wp.com\/miradordeatarfe.es\/wp-content\/uploads\/2024\/02\/Imagen-de-WhatsApp-2024-02-12-a-las-12.37.23_4f5a4bff.jpg?w=1920&amp;ssl=1 1920w\" sizes=\"auto, (max-width: 640px) 100vw, 640px\" \/><\/a> <a href=\"https:\/\/i0.wp.com\/miradordeatarfe.es\/wp-content\/uploads\/2024\/02\/Imagen1.png?ssl=1\"><img data-recalc-dims=\"1\" loading=\"lazy\" decoding=\"async\" class=\"alignnone wp-image-67285 size-full\" src=\"https:\/\/i0.wp.com\/miradordeatarfe.es\/wp-content\/uploads\/2024\/02\/Imagen1.png?resize=640%2C704&#038;ssl=1\" alt=\"\" width=\"640\" height=\"704\" srcset=\"https:\/\/i0.wp.com\/miradordeatarfe.es\/wp-content\/uploads\/2024\/02\/Imagen1.png?w=1080&amp;ssl=1 1080w, https:\/\/i0.wp.com\/miradordeatarfe.es\/wp-content\/uploads\/2024\/02\/Imagen1.png?resize=273%2C300&amp;ssl=1 273w, https:\/\/i0.wp.com\/miradordeatarfe.es\/wp-content\/uploads\/2024\/02\/Imagen1.png?resize=931%2C1024&amp;ssl=1 931w, https:\/\/i0.wp.com\/miradordeatarfe.es\/wp-content\/uploads\/2024\/02\/Imagen1.png?resize=768%2C845&amp;ssl=1 768w, https:\/\/i0.wp.com\/miradordeatarfe.es\/wp-content\/uploads\/2024\/02\/Imagen1.png?resize=1024%2C1126&amp;ssl=1 1024w\" sizes=\"auto, (max-width: 640px) 100vw, 640px\" \/><\/a><\/p>\n<p>&nbsp;<\/p>\n<p>&nbsp;<\/p>\n<p>&nbsp;<\/p>\n<p>&nbsp;<\/p>\n","protected":false},"excerpt":{"rendered":"<p>ENTREVISTA ANI L\u00d3PEZ PARA EL MIRADOR DE\u00a0 ATARFE 1.- \u00bfQu\u00e9 centro has amadrinado? He amadrinado&#8230;<\/p>\n","protected":false},"author":1,"featured_media":67283,"comment_status":"closed","ping_status":"closed","sticky":false,"template":"","format":"standard","meta":{"_coblocks_attr":"","_coblocks_dimensions":"","_coblocks_responsive_height":"","_coblocks_accordion_ie_support":"","jetpack_post_was_ever_published":false,"_jetpack_newsletter_access":"","_jetpack_dont_email_post_to_subs":false,"_jetpack_newsletter_tier_id":0,"_jetpack_memberships_contains_paywalled_content":false,"_jetpack_memberships_contains_paid_content":false,"footnotes":"","jetpack_publicize_message":"","jetpack_publicize_feature_enabled":true,"jetpack_social_post_already_shared":false,"jetpack_social_options":{"image_generator_settings":{"template":"highway","default_image_id":0,"enabled":false},"version":2}},"categories":[10778,186,44,6539],"tags":[],"class_list":["post-67281","post","type-post","status-publish","format-standard","has-post-thumbnail","hentry","category-feria-de-la-ciencia-atarfe","category-instituciones","category-noticias-de-hoy","category-personajes-de-ataref"],"jetpack_publicize_connections":[],"jetpack_featured_media_url":"https:\/\/i0.wp.com\/miradordeatarfe.es\/wp-content\/uploads\/2024\/02\/Imagen-de-WhatsApp-2024-02-08-a-las-21.37.49_98e47bc2.jpg?fit=2048%2C1152&ssl=1","jetpack_likes_enabled":true,"jetpack_sharing_enabled":true,"_links":{"self":[{"href":"https:\/\/miradordeatarfe.es\/index.php?rest_route=\/wp\/v2\/posts\/67281","targetHints":{"allow":["GET"]}}],"collection":[{"href":"https:\/\/miradordeatarfe.es\/index.php?rest_route=\/wp\/v2\/posts"}],"about":[{"href":"https:\/\/miradordeatarfe.es\/index.php?rest_route=\/wp\/v2\/types\/post"}],"author":[{"embeddable":true,"href":"https:\/\/miradordeatarfe.es\/index.php?rest_route=\/wp\/v2\/users\/1"}],"replies":[{"embeddable":true,"href":"https:\/\/miradordeatarfe.es\/index.php?rest_route=%2Fwp%2Fv2%2Fcomments&post=67281"}],"version-history":[{"count":2,"href":"https:\/\/miradordeatarfe.es\/index.php?rest_route=\/wp\/v2\/posts\/67281\/revisions"}],"predecessor-version":[{"id":67378,"href":"https:\/\/miradordeatarfe.es\/index.php?rest_route=\/wp\/v2\/posts\/67281\/revisions\/67378"}],"wp:featuredmedia":[{"embeddable":true,"href":"https:\/\/miradordeatarfe.es\/index.php?rest_route=\/wp\/v2\/media\/67283"}],"wp:attachment":[{"href":"https:\/\/miradordeatarfe.es\/index.php?rest_route=%2Fwp%2Fv2%2Fmedia&parent=67281"}],"wp:term":[{"taxonomy":"category","embeddable":true,"href":"https:\/\/miradordeatarfe.es\/index.php?rest_route=%2Fwp%2Fv2%2Fcategories&post=67281"},{"taxonomy":"post_tag","embeddable":true,"href":"https:\/\/miradordeatarfe.es\/index.php?rest_route=%2Fwp%2Fv2%2Ftags&post=67281"}],"curies":[{"name":"wp","href":"https:\/\/api.w.org\/{rel}","templated":true}]}}