{"id":67298,"date":"2024-02-19T08:46:10","date_gmt":"2024-02-19T07:46:10","guid":{"rendered":"https:\/\/miradordeatarfe.es\/?p=67298"},"modified":"2024-02-18T12:49:47","modified_gmt":"2024-02-18T11:49:47","slug":"la-junta-tiene-que-rectificar-por-ignacio-henares","status":"publish","type":"post","link":"https:\/\/miradordeatarfe.es\/?p=67298","title":{"rendered":"\u00abLa Junta tiene que rectificar\u00bb por Ignacio Henares"},"content":{"rendered":"<div id=\"main\">\n<div class=\"item\">\n<div class=\"cols2-2\">\n<div class=\"colA\">\n<div class=\"cuerpo\">\n<h3 class=\"divdest\" style=\"text-align: justify;\"><em>Espero que tras las alegaciones se revierta la decisi\u00f3n inicial negativa de la Junta a la implantaci\u00f3n de los nuevos grados solicitados por la Universidad de Granada. Igual que el consejero demostr\u00f3 su flexibilidad al ser capaz de firmar como rector de la Universidad de C\u00f3rdoba contra la implantaci\u00f3n de las nuevas Universidades privadas \u201cpor su escasa calidad\u201d y, pocos meses despu\u00e9s, tras su entrada en el gobierno andaluz, convertirse en \u201csu gran avalista\u201d.<\/em><\/h3>\n<p style=\"text-align: justify;\">No creo que Moreno Bonilla haya hecho muchos (ni pocos) m\u00e9ritos, hasta la presente, para haber sido nombrado hijo adoptivo de Granada pero albergaba alguna esperanza en que la distinci\u00f3n recibida por parte de la Diputaci\u00f3n de Granada, a iniciativa del presidente del Partido Popular de Granada, sirviera al menos para que su compromiso con esta provincia subiera un poco y se colocara, es un poner, al mismo nivel que el que mantiene con M\u00e1laga o con Sevilla, siquiera fuera porque ello le permitiera venir por aqu\u00ed a pasearse con la cabeza alta y la soberbia que le caracteriza con alg\u00fan fundamento.<\/p>\n<p style=\"text-align: justify;\">Pero esta, exigua, esperanza se me difumin\u00f3 con el anuncio de que la Consejer\u00eda de Universidad, Investigaci\u00f3n e Innovaci\u00f3n de la Junta hab\u00eda denegado dos de los grados que la Universidad de Granada quiere incorporar a su oferta formativa: Ingenier\u00eda El\u00e9ctrica y Energ\u00e9tica y Grado en Ciencias de Datos e Inteligencia Artificial.<\/p>\n<p style=\"text-align: justify;\">El primero est\u00e1 promovido por la UGR como parte de su estrategia de fomento de la ciencia alrededor del acelerador de part\u00edculas. Tampoco ha recibido el pl\u00e1cet inicial del gobierno andaluz un m\u00e1ster en Ingenier\u00eda Industrial, tambi\u00e9n ligado al IFMIF Dones, en previsi\u00f3n de la necesidad de\u00a0 decenas de investigadores e ingenieros para su puesta en marcha y desarrollo. La Consejer\u00eda, supongo que tras un an\u00e1lisis riguroso y detallado, ha alegado \u2018falta de demanda\u2019 (vaya ojo) para rechazar que se impartan estos t\u00edtulos.<\/p>\n<p style=\"text-align: justify;\">El otro grado al que ha puesto reparos la Administraci\u00f3n es el de Ciencia de Datos e Inteligencia Artificial. Esta formaci\u00f3n resulta estrat\u00e9gica para Granada ya que con o AESIA o sin AESIA somos la capital de la Inteligencia Artificial y es muy importante seguir avanzando en iniciativas que alimenten el ecosistema acad\u00e9mico y empresarial de la IA y den respaldo a iniciativas como el AdiaLab, AI Research and Innovation o AIR Andalus\u00eda. En este caso la excusa puesta es que las universidades andaluzas deben apostar por grados conjuntos. Aqu\u00ed la Junta apuesta por un caf\u00e9 para todos injusto para nuestra Universidad que tiene acreditado su liderazgo en esta materia.<\/p>\n<p style=\"text-align: justify;\">De los otros m\u00e1steres rechazados a m\u00ed me ha dolido especialmente la negativa al M\u00e1ster en Desarrollo Sostenible y Gobernanza Ambiental. Conozco a los promotores y s\u00e9 que han hecho un buen trabajo y nadie puede dudar de la necesidad de estos estudios de posgrado y la de contar con profesionales formados en estos aspectos tan importantes para la Transici\u00f3n Ecol\u00f3gica y la llamada \u2018Revoluci\u00f3n Verde\u2019 de la que tanto alardea el gobierno andaluz pero que vuelve a convertirse en palabras huecas.<\/p>\n<p class=\"sumari\" style=\"text-align: justify;\">En mi opini\u00f3n la respuesta de la sociedad granadina ha sido \u2018t\u00edmida\u2019 por decirlo de manera suave<\/p>\n<p style=\"text-align: justify;\">En mi opini\u00f3n la respuesta de la sociedad granadina ha sido \u2018t\u00edmida\u2019 por decirlo de manera suave. Pendientes de otras \u2018follet\u00e1s\u2019, quiz\u00e1s no seamos conscientes de la importancia de contar con una puntera oferta formativa de grado y posgrado en materias como las que se est\u00e1n planteando por parte de nuestra Universidad despu\u00e9s de un trabajo serio y riguroso. Tan importantes como las necesarias inversiones en infraestructuras que se reclaman es la apuesta por estas \u201cautov\u00edas de la innovaci\u00f3n\u201d para avanzar en la transici\u00f3n hacia un nuevo modelo productivo.<\/p>\n<p style=\"text-align: justify;\">Es hora de estar con la Universidad de Granada. Afortunadamente nuestra Universidad, con el rector Pedro Mercado y su equipo a la cabeza, se est\u00e1 mostrando muy competente cumpliendo con sus obligaciones, preparando y documentando sus propuestas, si cabe, mejor para que las entiendan incluso los que probablemente no las hayan valorado correctamente o tuvieran prejuicios. En respuesta a la Consejer\u00eda, desde la UGR se ha aclarado que la oferta de nuevos t\u00edtulos hecha es coherente con la apuesta tecnol\u00f3gica que ha hecho nuestra Universidad, y que est\u00e1 m\u00e1s que justificada.<\/p>\n<p class=\"sumari\" style=\"text-align: justify;\">Puestos a albergar esperanzas yo espero que las alegaciones que plantear\u00e1 nuestra Universidad reviertan esta decisi\u00f3n inicial de la Junta. Al fin y al cabo, el consejero parece un hombre flexble, como demostr\u00f3 al ser capaz de firmar como rector de la UCO contra la implantaci\u00f3n de nuevas universidades privadas y, pocos meses despu\u00e9s, convertirse en su gran avalista<\/p>\n<p style=\"text-align: justify;\">La reacci\u00f3n de la Junta, capitaneada por el consejero de Universidad, Investigaci\u00f3n e Innovaci\u00f3n, ha sido penosa, e incluso un tanto chusca. Por un lado han argumentado que <em>\u201cnos han dado muchas titulaciones de las que hab\u00edamos pedido\u201d<\/em>, como si fuera un reparto de pasteles. A esta idea se ha sumado tambi\u00e9n nuestra alcaldesa que ha dicho que era una buena noticia lo que nos hab\u00edan \u2018dado\u2019, como si fuera gratuita y arbitraria la decisi\u00f3n y no ganada por la UGR en base a los criterios t\u00e9cnicos recogidos en el propio procedimiento. Me parece poco acad\u00e9mica esta respuesta, por utilizar un adjetivo suave y apropiado. Por otra parte han querido justificar la negativa en que la UGR no hab\u00eda preparado bien los papeles y no se adecuaba a lo establecido en la regulaci\u00f3n de las nuevas titulaciones. \u00a1Me imagino la cara que se les habr\u00e1 quedado a las numerosas personas que han trabajado denodadamente para preparar el expediente y se les haya tratado como si hubieran echado una quiniela!\u00a0<\/p>\n<p style=\"text-align: justify;\">Pero puestos a albergar esperanzas yo espero que las alegaciones que plantear\u00e1 nuestra Universidad reviertan esta decisi\u00f3n inicial de la Junta. Al fin y al cabo, el consejero Jos\u00e9 Carlos G\u00f3mez Villamandos, parece un hombre flexible, como demostr\u00f3 al ser capaz de firmar como rector de la Universidad de C\u00f3rdoba contra la implantaci\u00f3n de las nuevas Universidades privadas, \u201cpor su escasa calidad\u201d y, pocos meses despu\u00e9s, tras su entrada en el gobierno andaluz, verlo de manera muy diferente y convertirse en su gran avalista. Esperemos que ahora sea tambi\u00e9n igual de voluble y donde ha dicho que no hay demanda lo reconsidere y donde ha dicho que no estamos preparados que rectifique.<\/p>\n<p class=\"sumari\" style=\"text-align: justify;\">Me ha resultado curiosa la reacci\u00f3n de la alcaldesa Mar\u00eda La Anunciadora,\u00a0 que ha dicho que va a influir en la decisi\u00f3n y seg\u00fan su portavoz ya est\u00e1 mediando<\/p>\n<p style=\"text-align: justify;\">Me ha resultado curiosa la reacci\u00f3n de la alcaldesa Mar\u00eda La Anunciadora,\u00a0 que ha dicho que va a influir en la decisi\u00f3n y seg\u00fan su portavoz ya est\u00e1 mediando. Me parece bien que se preocupe del asunto, que se interese por el estado de la cuesti\u00f3n pero que medie, que quiera influir de esta manera en el gobierno andaluz me parece que es o un brindis al sol o una puya al gobierno andaluz. Porque, \u00bfno estamos ante una cuesti\u00f3n de criterios acad\u00e9micos? \u00bfEs que las decisiones se toman en el gobierno andaluz en funci\u00f3n de las mayores o menores influencias y no basadas en informes y en baremos establecidos en la normativa?<\/p>\n<p style=\"text-align: justify;\">Estamos ante dos supuestos: si rectifica la Consejer\u00eda habr\u00e1 demostrado que su trabajo no hab\u00eda sido serio, que no hab\u00edan analizado correctamente y que la influencer Carazo le ha torcido el brazo. Si no rectifican habr\u00e1n dejado a la alcaldesa como que pinta menos que follatabiques.<\/p>\n<p style=\"text-align: justify;\">En cualquiera de los casos se han metido en un fregado y est\u00e1n mostrando que la toma de decisiones en cuestiones tan importantes no se realiza de manera seria ni adecuada como requiere el propio decreto de ordenaci\u00f3n de ense\u00f1anzas de Andaluc\u00eda, en el que se indica que la decisi\u00f3n estar\u00e1 basada en <em>\u201cla idoneidad y viabilidad de las ense\u00f1anzas y en la evaluaci\u00f3n de la demanda social, empresarial y del alumnado, velando porque existan complementariedad y equilibrio territorial en la oferta con el objetivo de garantizar su sostenibilidad y evitar duplicidades y carencias significativas\u201d. <\/em>Est\u00e1n tratando este p\u00e1rrafo como si fuera un texto para rellenar una decisi\u00f3n arbitraria, tomada fuera del \u00e1mbito de la ordenaci\u00f3n acad\u00e9mica.<\/p>\n<p class=\"sumari\" style=\"text-align: justify;\">Si la alcaldesa es tan influyente con el gobierno andaluz como pregona y si el presidente Bonilla quiere de verdad que lo adoptemos todos los granadinos, les sugiero que aprovechen la ocasi\u00f3n para ir eliminando agravios<\/p>\n<p style=\"text-align: justify;\">Si la alcaldesa es tan influyente con el gobierno andaluz como pregona y si el presidente Bonilla quiere de verdad que lo adoptemos todos los granadinos, les sugiero que aprovechen la ocasi\u00f3n para ir eliminando agravios.\u00a0 Pueden empezar con un par de cuestiones: que se equipare la aportaci\u00f3n\u00a0 de la Junta a la Orquesta Sinf\u00f3nica de Sevilla y a la Orquesta Ciudad de Granada; que se dote al Teatro Isabel la Cat\u00f3lica con una subvenci\u00f3n nominativa igual a la que M\u00e1laga recibe para el Teatro Cervantes. Eso s\u00ed que ser\u00eda una demostraci\u00f3n de influencia y de m\u00e9ritos por Granada y un gran y verdadero impulso a la capitalidad cultural de 2031. Y cuando cumplan con estas les voy dando m\u00e1s ideas.<\/p>\n<p>FOTO: El consejero de Universidades y la de Fomento, en una visita a las obras de UGR-DONES en Esc\u00fazar.<\/p>\n<\/div>\n<\/div>\n<\/div>\n<\/div>\n<\/div>\n","protected":false},"excerpt":{"rendered":"<p>Espero que tras las alegaciones se revierta la decisi\u00f3n inicial negativa de la Junta a&#8230;<\/p>\n","protected":false},"author":1,"featured_media":67299,"comment_status":"closed","ping_status":"closed","sticky":false,"template":"","format":"standard","meta":{"_coblocks_attr":"","_coblocks_dimensions":"","_coblocks_responsive_height":"","_coblocks_accordion_ie_support":"","jetpack_post_was_ever_published":false,"_jetpack_newsletter_access":"","_jetpack_dont_email_post_to_subs":false,"_jetpack_newsletter_tier_id":0,"_jetpack_memberships_contains_paywalled_content":false,"_jetpack_memberships_contains_paid_content":false,"footnotes":"","jetpack_publicize_message":"","jetpack_publicize_feature_enabled":true,"jetpack_social_post_already_shared":true,"jetpack_social_options":{"image_generator_settings":{"template":"highway","default_image_id":0,"enabled":false},"version":2}},"categories":[10791,1161,10781,44],"tags":[],"class_list":["post-67298","post","type-post","status-publish","format-standard","has-post-thumbnail","hentry","category-andalucia","category-ciudadania","category-granada","category-noticias-de-hoy"],"jetpack_publicize_connections":[],"jetpack_featured_media_url":"https:\/\/i0.wp.com\/miradordeatarfe.es\/wp-content\/uploads\/2024\/02\/consejeros.jpg?fit=650%2C383&ssl=1","jetpack_likes_enabled":true,"jetpack_sharing_enabled":true,"_links":{"self":[{"href":"https:\/\/miradordeatarfe.es\/index.php?rest_route=\/wp\/v2\/posts\/67298","targetHints":{"allow":["GET"]}}],"collection":[{"href":"https:\/\/miradordeatarfe.es\/index.php?rest_route=\/wp\/v2\/posts"}],"about":[{"href":"https:\/\/miradordeatarfe.es\/index.php?rest_route=\/wp\/v2\/types\/post"}],"author":[{"embeddable":true,"href":"https:\/\/miradordeatarfe.es\/index.php?rest_route=\/wp\/v2\/users\/1"}],"replies":[{"embeddable":true,"href":"https:\/\/miradordeatarfe.es\/index.php?rest_route=%2Fwp%2Fv2%2Fcomments&post=67298"}],"version-history":[{"count":1,"href":"https:\/\/miradordeatarfe.es\/index.php?rest_route=\/wp\/v2\/posts\/67298\/revisions"}],"predecessor-version":[{"id":67300,"href":"https:\/\/miradordeatarfe.es\/index.php?rest_route=\/wp\/v2\/posts\/67298\/revisions\/67300"}],"wp:featuredmedia":[{"embeddable":true,"href":"https:\/\/miradordeatarfe.es\/index.php?rest_route=\/wp\/v2\/media\/67299"}],"wp:attachment":[{"href":"https:\/\/miradordeatarfe.es\/index.php?rest_route=%2Fwp%2Fv2%2Fmedia&parent=67298"}],"wp:term":[{"taxonomy":"category","embeddable":true,"href":"https:\/\/miradordeatarfe.es\/index.php?rest_route=%2Fwp%2Fv2%2Fcategories&post=67298"},{"taxonomy":"post_tag","embeddable":true,"href":"https:\/\/miradordeatarfe.es\/index.php?rest_route=%2Fwp%2Fv2%2Ftags&post=67298"}],"curies":[{"name":"wp","href":"https:\/\/api.w.org\/{rel}","templated":true}]}}