{"id":67305,"date":"2024-02-20T08:41:57","date_gmt":"2024-02-20T07:41:57","guid":{"rendered":"https:\/\/miradordeatarfe.es\/?p=67305"},"modified":"2024-02-20T11:12:59","modified_gmt":"2024-02-20T10:12:59","slug":"ya-se-puede-acceder-al-borrador-de-la-renta-2023-2024-como-y-quien-puede-hacerlo","status":"publish","type":"post","link":"https:\/\/miradordeatarfe.es\/?p=67305","title":{"rendered":"Ya se puede acceder al borrador de la Renta 2023-2024: c\u00f3mo y qui\u00e9n puede hacerlo"},"content":{"rendered":"<h3 class=\"article-main__description\" style=\"text-align: justify;\">El primer paso para acceder a este documento ser\u00e1 identificarse a trav\u00e9s de Cl@ve PIN, certificado o DNI electr\u00f3nico o n\u00famero de referencia<\/h3>\n<div class=\"article-main\" style=\"text-align: justify;\">\n<div id=\"intext\" class=\"article-main__content\">\n<p><b>La <\/b><a title=\"campa\u00f1a de la Renta\" href=\"https:\/\/www.larazon.es\/economia\/sorpresa-declaracion-renta-gana-menos-35200-euros-tendra-que-devolver-dinero-hacienda_2024021365cb717c82085c0001673c83.html\" target=\"_blank\" rel=\"noopener\"><b>campa\u00f1a de la Renta<\/b><\/a><b> 2023-2024 comenzar\u00e1 el pr\u00f3ximo 3 de abril.<\/b> Y es que a partir de ese d\u00eda y hasta el 1 de julio, los contribuyentes deber\u00e1n acudir a su cita anual con la Agencia Tributaria y presentar sus declaraciones del IRPF y Patrimonio. No obstante, aunque todav\u00eda no se haya iniciado el plazo para rendir cuentas con Hacienda, todos aquellos contribuyentes que quieran podr\u00e1n solicitar el borrador de la Renta.<\/p>\n<p><b>El borrador de <\/b><a title=\"la declaraci\u00f3n de la Renta\" href=\"https:\/\/www.larazon.es\/economia\/autonomo-esto-que-debe-hacer-antes-final-ano-que-declaracion-renta-salga-mejor_202311146553411332499c0001b45723.html\" target=\"_blank\" rel=\"noopener\"><b>la declaraci\u00f3n de la Renta<\/b><\/a><b> podr\u00e1 obtenerse en la sede electr\u00f3nica de la Agencia Tributaria<\/b>. El primer paso ser\u00e1 indicar la opci\u00f3n \u00abTramitaci\u00f3n del borrador\/declaraci\u00f3n\u00bb e identificarse bien a trav\u00e9s de Cl@ve PIN, certificado o DNI electr\u00f3nico o n\u00famero de referencia. Asimismo, \u00ablos contribuyentes <b>tambi\u00e9n podr\u00e1n consultar el borrador a trav\u00e9s de la aplicaci\u00f3n \u00abAgencia Tributaria\u00bb<\/b>, utilizando el sistema Cl@ve PIN o el mencionado n\u00famero de referencia\u00bb, tal y como explican desde la p\u00e1gina web de La Moncloa.<\/p>\n<p>Tras escoger el m\u00e9todo de identificaci\u00f3n, el contribuyente deber\u00e1 seleccionar si desea actuar en nombre propio o como representante y <b>acceder a los servicios disponibles de su expediente, seleccionando \u00abBorrador\/Declaraci\u00f3n (Renta WEB)\u00bb<\/b>.<\/p>\n<p>Despu\u00e9s se deber\u00e1 hacer clic en la opci\u00f3n \u00abNueva declaraci\u00f3n\u00bb e incorporar los datos fiscales, de familiares, c\u00f3nyuges o hijos que sean necesarios. \u00ab<b>Revisa los datos y realiza las modificaciones necesarias antes de continuar<\/b>\u00ab, aseguran desde la web de la Agencia Tributaria.<\/p>\n<p>En el caso de que no sea necesario incorporar informaci\u00f3n adicional, como deducciones auton\u00f3micas para generar la declaraci\u00f3n, <b>se deber\u00e1 acceder directamente al resumen de declaraciones<\/b>. Aqu\u00ed se podr\u00e1 comprobar cu\u00e1l es el resultado de la declaraci\u00f3n para cada modalidad, es decir, si es a pagar o a devolver.<\/p>\n<p>\u00abSi <b>existe alg\u00fan dato no incorporado a la declaraci\u00f3n, se mostrar\u00e1 previamente una ventana informando de forma individualizada<\/b> para cada contribuyente sobre cu\u00e1les son los datos no incorporados en concreto, para que los cumplimentes en el apartado correspondiente de la declaraci\u00f3n. Puedes consultar las notas de incorporaci\u00f3n, con informaci\u00f3n m\u00e1s detallada, a trav\u00e9s del bot\u00f3n \u00abVer datos fiscales\u00bb, situado en la parte superior, y cumplimentar los datos posteriormente en el apartado correspondiente\u00bb, asevera la AEAT.<\/p>\n<h3>Plazos para presentar la declaraci\u00f3n de la Renta<\/h3>\n<p><img data-recalc-dims=\"1\" decoding=\"async\" src=\"https:\/\/i0.wp.com\/fotografias.larazon.es\/clipping\/cmsimages02\/2024\/02\/15\/E5388E17-4FF5-4149-8B8B-1327F90BC6C8.png?w=640&#038;ssl=1\" \/><\/p>\n<p><b>El d\u00eda 3 de abril ya se podr\u00e1 presentar <\/b><b><a title=\"la declaraci\u00f3n de la Renta\" href=\"https:\/\/www.larazon.es\/economia\/modificar-anular-declaracion-renta-presentada-asi-como-cuando-puede-hacerlo_20230513645f366321596b000118fda5.html\" target=\"_blank\" rel=\"noopener\">la declaraci\u00f3n de la Renta<\/a><\/b><b>a trav\u00e9s de la web de la Agencia Tributaria<\/b>. Aunque no ser\u00e1 hasta el 7 de mayo cuando se abra el plazo para presentar por tel\u00e9fono la declaraci\u00f3n (con solicitud de cita previa desde el 29 de abril hasta el 28 de junio).<\/p>\n<p>A partir del <b>3 de junio se abre el plazo para acudir a las oficinas de la Agencia Tributaria<\/b> y presentar la declaraci\u00f3n de la Renta de forma presencial (tambi\u00e9n se precisa cita previa y se puede solicitar desde el 29 de abril hasta el 28 de junio).<\/p>\n<\/div>\n<\/div>\n<p style=\"text-align: justify;\"><a href=\"https:\/\/www.larazon.es\/autor\/andrea-garrote\/\"><strong>Andrea Garrote<\/strong><\/a><\/p>\n<p style=\"text-align: justify;\"><b>FOTO: Una contribuyente procede a realizar la declaraci\u00f3n de la Renta<\/b>PEXELSPEXELS<\/p>\n<div class=\"article-main__footer\">\n<div class=\"article-tools\">\n<div class=\"article-author\">\n<div class=\"article-author__info\">\n<p>https:\/\/www.larazon.es\/economia\/puede-acceder-borrador-renta-20232024-como-quien-puede-hacerlo_2024021565cde3d74129260001bac837.html?utm_source=pocket-newtab-es-es<\/p>\n<\/div>\n<\/div>\n<\/div>\n<\/div>\n","protected":false},"excerpt":{"rendered":"<p>El primer paso para acceder a este documento ser\u00e1 identificarse a trav\u00e9s de Cl@ve PIN,&#8230;<\/p>\n","protected":false},"author":1,"featured_media":67306,"comment_status":"closed","ping_status":"closed","sticky":false,"template":"","format":"standard","meta":{"_coblocks_attr":"","_coblocks_dimensions":"","_coblocks_responsive_height":"","_coblocks_accordion_ie_support":"","jetpack_post_was_ever_published":false,"_jetpack_newsletter_access":"","_jetpack_dont_email_post_to_subs":false,"_jetpack_newsletter_tier_id":0,"_jetpack_memberships_contains_paywalled_content":false,"_jetpack_memberships_contains_paid_content":false,"footnotes":"","jetpack_publicize_message":"","jetpack_publicize_feature_enabled":true,"jetpack_social_post_already_shared":true,"jetpack_social_options":{"image_generator_settings":{"template":"highway","default_image_id":0,"enabled":false},"version":2}},"categories":[1161,44,7671,1],"tags":[],"class_list":["post-67305","post","type-post","status-publish","format-standard","has-post-thumbnail","hentry","category-ciudadania","category-noticias-de-hoy","category-politica","category-uncategorized"],"jetpack_publicize_connections":[],"jetpack_featured_media_url":"https:\/\/i0.wp.com\/miradordeatarfe.es\/wp-content\/uploads\/2024\/02\/97.webp?fit=1600%2C900&ssl=1","jetpack_likes_enabled":true,"jetpack_sharing_enabled":true,"_links":{"self":[{"href":"https:\/\/miradordeatarfe.es\/index.php?rest_route=\/wp\/v2\/posts\/67305","targetHints":{"allow":["GET"]}}],"collection":[{"href":"https:\/\/miradordeatarfe.es\/index.php?rest_route=\/wp\/v2\/posts"}],"about":[{"href":"https:\/\/miradordeatarfe.es\/index.php?rest_route=\/wp\/v2\/types\/post"}],"author":[{"embeddable":true,"href":"https:\/\/miradordeatarfe.es\/index.php?rest_route=\/wp\/v2\/users\/1"}],"replies":[{"embeddable":true,"href":"https:\/\/miradordeatarfe.es\/index.php?rest_route=%2Fwp%2Fv2%2Fcomments&post=67305"}],"version-history":[{"count":1,"href":"https:\/\/miradordeatarfe.es\/index.php?rest_route=\/wp\/v2\/posts\/67305\/revisions"}],"predecessor-version":[{"id":67307,"href":"https:\/\/miradordeatarfe.es\/index.php?rest_route=\/wp\/v2\/posts\/67305\/revisions\/67307"}],"wp:featuredmedia":[{"embeddable":true,"href":"https:\/\/miradordeatarfe.es\/index.php?rest_route=\/wp\/v2\/media\/67306"}],"wp:attachment":[{"href":"https:\/\/miradordeatarfe.es\/index.php?rest_route=%2Fwp%2Fv2%2Fmedia&parent=67305"}],"wp:term":[{"taxonomy":"category","embeddable":true,"href":"https:\/\/miradordeatarfe.es\/index.php?rest_route=%2Fwp%2Fv2%2Fcategories&post=67305"},{"taxonomy":"post_tag","embeddable":true,"href":"https:\/\/miradordeatarfe.es\/index.php?rest_route=%2Fwp%2Fv2%2Ftags&post=67305"}],"curies":[{"name":"wp","href":"https:\/\/api.w.org\/{rel}","templated":true}]}}