{"id":67316,"date":"2024-02-21T11:00:04","date_gmt":"2024-02-21T10:00:04","guid":{"rendered":"https:\/\/miradordeatarfe.es\/?p=67316"},"modified":"2024-02-21T14:45:05","modified_gmt":"2024-02-21T13:45:05","slug":"esas-pequenas-cosas-por-carmen-morente-3","status":"publish","type":"post","link":"https:\/\/miradordeatarfe.es\/?p=67316","title":{"rendered":"\u00abESAS PEQUE\u00d1AS COSAS\u2026\u00bb por Carmen Morente"},"content":{"rendered":"<h3 style=\"text-align: justify;\"><strong><em>El olvido est\u00e1 lleno de memoria<\/em><\/strong><\/h3>\n<p style=\"text-align: justify;\">Me pongo a escribir esta ma\u00f1ana sobre una idea que me ronda la cabeza desde hace semanas y que tiene que ver con la fragilidad de la memoria y su desconsoladora uni\u00f3n con la necesidad. Recordamos situaciones, experiencias o personas cuando son de nuestro inter\u00e9s y cuando dejan de serlo son despedidas al descampado del olvido donde quedan aisladas, y, es posible, hu\u00e9rfanas para siempre.<\/p>\n<p style=\"text-align: justify;\">Desde hace muchos a\u00f1os estoy acompa\u00f1ando, primero a mi sobrina nieta y, ahora, a mi sobrino nieto, al aula matinal en el CEIP Medina Elvira. En cualquier mes del calendario escolar es de noche o apenas est\u00e1 amaneciendo. He observado c\u00f3mo los m\u00e1s peque\u00f1os, las ni\u00f1as y los ni\u00f1os de 3 a\u00f1os que acuden al aula matinal, llegan temerosos durante las primeras semanas, agarrados fuertemente a las manos de sus padre o madres, de sus abuelos o abuelas, algunos lloran. El miedo a lo desconocido, la ruptura abrupta, de un d\u00eda para otro, con el medio familiar los vuelve muy vulnerables.<\/p>\n<p style=\"text-align: justify;\">A la primera persona que conocen es a Carlos, el cuidador del cole, que a esas horas ya est\u00e1 haciendo sus tareas de limpieza. Carlos los recibe con cari\u00f1o y su \u201cHola, peque\u201d es el primer v\u00ednculo que establecen en su nuevo recorrido vital. Pronto Carlos aprende sus nombres y ese primer saludo se convierte en un \u201cHola, Andr\u00e9s\u201d o en un \u201cHola, Manuela\u201d. Por su parte, los diminutos seres humanos de 3 a\u00f1os, generaci\u00f3n tras generaci\u00f3n, comienzan a saludarlo como \u201cCarlitos\u201d; este hecho siempre me ha producido una gran sorpresa y ternura. Atraviesan seguros los dos patios que separan la verja exterior del aula matinal porque saben que \u201cCarlitos\u201d siempre estar\u00e1 cubri\u00e9ndoles las espaldas. Pero cuando ya se sienten seguros comienzan a olvidarse de su protector, de su \u00e1ngel de la guarda, de su amigo entra\u00f1able, y cruzan el patio \u201ccomo una bala\u201d, sin saludarlo: \u201cCarlitos\u201d se ha vuelto innecesario y se convierte en invisible.<\/p>\n<p style=\"text-align: justify;\">Yo me he propuesto que mi sobrino nieto no deje de saludarlo cada ma\u00f1ana. Cuando me despido de \u00e9l en la verja de entrada, todas las ma\u00f1anas sin excepci\u00f3n le digo: \u201cJoel, juega mucho, aprende media cosa y no dejes de decirle buenos d\u00edas a Carlos\u201d. \u00a0Pretendo as\u00ed que, al menos, <em>El olvido est\u00e9 lleno de memoria.<\/em><\/p>\n<p style=\"text-align: justify;\">Esas peque\u00f1as cosas\u2026<\/p>\n<p><strong>Carmen Morente<\/strong><\/p>\n<p>&nbsp;<\/p>\n","protected":false},"excerpt":{"rendered":"<p>El olvido est\u00e1 lleno de memoria Me pongo a escribir esta ma\u00f1ana sobre una idea&#8230;<\/p>\n","protected":false},"author":1,"featured_media":67380,"comment_status":"closed","ping_status":"closed","sticky":false,"template":"","format":"standard","meta":{"_coblocks_attr":"","_coblocks_dimensions":"","_coblocks_responsive_height":"","_coblocks_accordion_ie_support":"","jetpack_post_was_ever_published":false,"_jetpack_newsletter_access":"","_jetpack_dont_email_post_to_subs":false,"_jetpack_newsletter_tier_id":0,"_jetpack_memberships_contains_paywalled_content":false,"_jetpack_memberships_contains_paid_content":false,"footnotes":"","jetpack_publicize_message":"","jetpack_publicize_feature_enabled":true,"jetpack_social_post_already_shared":true,"jetpack_social_options":{"image_generator_settings":{"template":"highway","default_image_id":0,"enabled":false},"version":2}},"categories":[10707,187,186,44,10],"tags":[],"class_list":["post-67316","post","type-post","status-publish","format-standard","has-post-thumbnail","hentry","category-la-opinion-de-carmen-morente","category-centros-educativos","category-instituciones","category-noticias-de-hoy","category-salud"],"jetpack_publicize_connections":[],"jetpack_featured_media_url":"https:\/\/i0.wp.com\/miradordeatarfe.es\/wp-content\/uploads\/2024\/02\/9CAF4306-2EF6-487C-BC6D-D1404559D06B.png?fit=1427%2C1266&ssl=1","jetpack_likes_enabled":true,"jetpack_sharing_enabled":true,"_links":{"self":[{"href":"https:\/\/miradordeatarfe.es\/index.php?rest_route=\/wp\/v2\/posts\/67316","targetHints":{"allow":["GET"]}}],"collection":[{"href":"https:\/\/miradordeatarfe.es\/index.php?rest_route=\/wp\/v2\/posts"}],"about":[{"href":"https:\/\/miradordeatarfe.es\/index.php?rest_route=\/wp\/v2\/types\/post"}],"author":[{"embeddable":true,"href":"https:\/\/miradordeatarfe.es\/index.php?rest_route=\/wp\/v2\/users\/1"}],"replies":[{"embeddable":true,"href":"https:\/\/miradordeatarfe.es\/index.php?rest_route=%2Fwp%2Fv2%2Fcomments&post=67316"}],"version-history":[{"count":2,"href":"https:\/\/miradordeatarfe.es\/index.php?rest_route=\/wp\/v2\/posts\/67316\/revisions"}],"predecessor-version":[{"id":67318,"href":"https:\/\/miradordeatarfe.es\/index.php?rest_route=\/wp\/v2\/posts\/67316\/revisions\/67318"}],"wp:featuredmedia":[{"embeddable":true,"href":"https:\/\/miradordeatarfe.es\/index.php?rest_route=\/wp\/v2\/media\/67380"}],"wp:attachment":[{"href":"https:\/\/miradordeatarfe.es\/index.php?rest_route=%2Fwp%2Fv2%2Fmedia&parent=67316"}],"wp:term":[{"taxonomy":"category","embeddable":true,"href":"https:\/\/miradordeatarfe.es\/index.php?rest_route=%2Fwp%2Fv2%2Fcategories&post=67316"},{"taxonomy":"post_tag","embeddable":true,"href":"https:\/\/miradordeatarfe.es\/index.php?rest_route=%2Fwp%2Fv2%2Ftags&post=67316"}],"curies":[{"name":"wp","href":"https:\/\/api.w.org\/{rel}","templated":true}]}}