{"id":67319,"date":"2024-02-26T11:03:43","date_gmt":"2024-02-26T10:03:43","guid":{"rendered":"https:\/\/miradordeatarfe.es\/?p=67319"},"modified":"2024-02-23T17:07:45","modified_gmt":"2024-02-23T16:07:45","slug":"atarfe-cortijo-de-marugan","status":"publish","type":"post","link":"https:\/\/miradordeatarfe.es\/?p=67319","title":{"rendered":"ATARFE: Cortijo de MARUG\u00c1N"},"content":{"rendered":"<h3 style=\"text-align: justify;\">Est\u00e1 situado\u00a0 en el Camino de la Moleona, a casi un kil\u00f3metro del inicio del camino.<\/h3>\n<p style=\"text-align: justify;\">Edificaci\u00f3n con planta en &#8216;L&#8217; y patio de aperos en su interior. La vivienda tiene dos plantas de altura, dos cruj\u00edas y cubiertas de teja \u00e1rabe a dos aguas; la de poniente son dos m\u00f3dulos adosados, el \u00faltimo de ellos es un almac\u00e9n de una planta, tambi\u00e9n cubierta a dos aguas. Muros de tapial y ladrillo, y pilaronas de ladrillo en el centro. Forjados de rollizo y cubierto de par y nudillo.<\/p>\n<p style=\"text-align: justify;\">En las proximidades del cortijo se encuentra una alberca isl\u00e1mica (construcci\u00f3n hidr\u00e1ulica para almacenar agua) y un acueducto que conduc\u00eda el agua desde las inmediaciones de este cortijo hasta el pago de los Tejoletes perteneciente al Cortijo de las Monjas de la Encarnaci\u00f3n. Fue construido en el s.XIX siendo propietario Don Gonzalo Enrique de Luna.<\/p>\n<h3 style=\"text-align: justify;\"><strong>Rese\u00f1a Hist\u00f3rica<\/strong><\/h3>\n<p style=\"text-align: justify;\">En los terrenos pertenecientes a este cortijo, se han encontrado yacimientos arqueol\u00f3gicos bastantes importantes. En 1842 se localiz\u00f3 y se excav\u00f3 una gran necr\u00f3polis gracias al inter\u00e9s demostrado por el Liceo Art\u00edstico y Literario, acci\u00f3n en la que se implic\u00f3 G\u00f3mez-Moreno Gonz\u00e1lez. Estas exploraciones fueron continuadas en la d\u00e9cada de 1870 a instancia de la Comisi\u00f3n de Monumentos.<\/p>\n<p style=\"text-align: justify;\">Fueron apareciendo una sucesi\u00f3n de sepulturas con una serie de ajuares los cuales han indicado una cronolog\u00eda desde el siglo VI hasta el VIII, y por sus caracter\u00edsticas en general se relaciona con un asentamiento de mayores dimensiones.\u00a0 Desgraciadamente no se tiene mucha documentaci\u00f3n de esta necr\u00f3polis, y la inmensa mayor\u00eda del material que se recuper\u00f3 de Marug\u00e1n se perdi\u00f3 entre colecciones y acaparado por los propios obreros de la excavaci\u00f3n.<\/p>\n<p style=\"text-align: justify;\">En la actualidad hay elementos de este yacimiento\u00a0 en el Museo Arqueol\u00f3gico y Etnol\u00f3gico de Granada (jarras de arcilla).<\/p>\n<p><a href=\"https:\/\/i0.wp.com\/miradordeatarfe.es\/wp-content\/uploads\/2024\/02\/cortijo-marugan.png?ssl=1\"><img data-recalc-dims=\"1\" loading=\"lazy\" decoding=\"async\" class=\"alignnone wp-image-67320 size-full\" src=\"https:\/\/i0.wp.com\/miradordeatarfe.es\/wp-content\/uploads\/2024\/02\/cortijo-marugan.png?resize=339%2C224&#038;ssl=1\" alt=\"\" width=\"339\" height=\"224\" srcset=\"https:\/\/i0.wp.com\/miradordeatarfe.es\/wp-content\/uploads\/2024\/02\/cortijo-marugan.png?w=339&amp;ssl=1 339w, https:\/\/i0.wp.com\/miradordeatarfe.es\/wp-content\/uploads\/2024\/02\/cortijo-marugan.png?resize=300%2C198&amp;ssl=1 300w\" sizes=\"auto, (max-width: 339px) 100vw, 339px\" \/><\/a><\/p>\n<p><strong>Bibliograf\u00eda y documentaci\u00f3n<\/strong><\/p>\n<p>&#8211; GRANADOS TORRES, Jos\u00e9 Enrique (coord.). Atarfe en papel. Ayuntamiento de Atarfe y Corporaci\u00f3n de Medios de Andaluc\u00eda (IDEAL). 2007<\/p>\n<p>&#8211; LAFUENTE ALC\u00c1NTARA, Miguel. Historia de Granada.<\/p>\n<p>&#8211; \u00abArqueolog\u00eda\u00bb Peri\u00f3dico La Alhambra 1842 p. 20 &#8211; 129<\/p>\n<p>&#8211; GARC\u00cdA DE LOS REYES (2005). Plan General de Ordenaci\u00f3n Urban\u00edstica. Ayuntamiento de Atarfe<\/p>\n<p>&nbsp;<\/p>\n<h3>PUBLICADO EN EL LIBRO \u00bb ATARFE PATRIMONIO CULTURAL Y NATURAL\u00bb (2015) FRANCISCA L\u00d3PEZ, I\u00d1AKI NIEVA Y MANUEL GUERRERO<\/h3>\n<p>&nbsp;<\/p>\n","protected":false},"excerpt":{"rendered":"<p>Est\u00e1 situado\u00a0 en el Camino de la Moleona, a casi un kil\u00f3metro del inicio del&#8230;<\/p>\n","protected":false},"author":1,"featured_media":67321,"comment_status":"closed","ping_status":"closed","sticky":false,"template":"","format":"standard","meta":{"_coblocks_attr":"","_coblocks_dimensions":"","_coblocks_responsive_height":"","_coblocks_accordion_ie_support":"","jetpack_post_was_ever_published":false,"_jetpack_newsletter_access":"","_jetpack_dont_email_post_to_subs":false,"_jetpack_newsletter_tier_id":0,"_jetpack_memberships_contains_paywalled_content":false,"_jetpack_memberships_contains_paid_content":false,"footnotes":"","jetpack_publicize_message":"","jetpack_publicize_feature_enabled":true,"jetpack_social_post_already_shared":true,"jetpack_social_options":{"image_generator_settings":{"template":"highway","default_image_id":0,"enabled":false},"version":2}},"categories":[1225,186,44],"tags":[],"class_list":["post-67319","post","type-post","status-publish","format-standard","has-post-thumbnail","hentry","category-ha-de-atarfe","category-instituciones","category-noticias-de-hoy"],"jetpack_publicize_connections":[],"jetpack_featured_media_url":"https:\/\/i0.wp.com\/miradordeatarfe.es\/wp-content\/uploads\/2024\/02\/cortijo-marugan-1.png?fit=359%2C323&ssl=1","jetpack_likes_enabled":true,"jetpack_sharing_enabled":true,"_links":{"self":[{"href":"https:\/\/miradordeatarfe.es\/index.php?rest_route=\/wp\/v2\/posts\/67319","targetHints":{"allow":["GET"]}}],"collection":[{"href":"https:\/\/miradordeatarfe.es\/index.php?rest_route=\/wp\/v2\/posts"}],"about":[{"href":"https:\/\/miradordeatarfe.es\/index.php?rest_route=\/wp\/v2\/types\/post"}],"author":[{"embeddable":true,"href":"https:\/\/miradordeatarfe.es\/index.php?rest_route=\/wp\/v2\/users\/1"}],"replies":[{"embeddable":true,"href":"https:\/\/miradordeatarfe.es\/index.php?rest_route=%2Fwp%2Fv2%2Fcomments&post=67319"}],"version-history":[{"count":1,"href":"https:\/\/miradordeatarfe.es\/index.php?rest_route=\/wp\/v2\/posts\/67319\/revisions"}],"predecessor-version":[{"id":67322,"href":"https:\/\/miradordeatarfe.es\/index.php?rest_route=\/wp\/v2\/posts\/67319\/revisions\/67322"}],"wp:featuredmedia":[{"embeddable":true,"href":"https:\/\/miradordeatarfe.es\/index.php?rest_route=\/wp\/v2\/media\/67321"}],"wp:attachment":[{"href":"https:\/\/miradordeatarfe.es\/index.php?rest_route=%2Fwp%2Fv2%2Fmedia&parent=67319"}],"wp:term":[{"taxonomy":"category","embeddable":true,"href":"https:\/\/miradordeatarfe.es\/index.php?rest_route=%2Fwp%2Fv2%2Fcategories&post=67319"},{"taxonomy":"post_tag","embeddable":true,"href":"https:\/\/miradordeatarfe.es\/index.php?rest_route=%2Fwp%2Fv2%2Ftags&post=67319"}],"curies":[{"name":"wp","href":"https:\/\/api.w.org\/{rel}","templated":true}]}}