{"id":67332,"date":"2024-02-23T09:45:06","date_gmt":"2024-02-23T08:45:06","guid":{"rendered":"https:\/\/miradordeatarfe.es\/?p=67332"},"modified":"2024-02-20T09:43:12","modified_gmt":"2024-02-20T08:43:12","slug":"asperger-del-estereotipo-a-la-realidad","status":"publish","type":"post","link":"https:\/\/miradordeatarfe.es\/?p=67332","title":{"rendered":"Asperger: del estereotipo a la realidad"},"content":{"rendered":"<div class=\"container advertising\">\n<h3 id=\"top\" class=\"henneoHB top\" style=\"text-align: justify;\">EL PASADO 18 de febrero fue el\u00a0 D\u00eda Internacional del S\u00edndrome de Asperger, <\/h3>\n<\/div>\n<div class=\"container\" style=\"text-align: justify;\">\n<section class=\"row\">\n<div class=\"col-md-8\">\n<div class=\"article-main margin-none\">\n<header class=\"article-main__header\">\n<div class=\"multimedia\">\u00a0<\/div>\n<\/header>\n<\/div>\n<div class=\"article-main__footer\">\n<div class=\"article-tools\">\n<div class=\"article-author\">\n<div class=\"article-author__body\">\n<div class=\"article-author__name\">\u00a0<\/div>\n<\/div>\n<\/div>\n<\/div>\n<\/div>\n<\/div>\n<\/section>\n<\/div>\n<div class=\"article-main\" style=\"text-align: justify;\">\n<div id=\"intext\" class=\"article-main__content\">\n<p>Es probable que si le pregunt\u00e1ramos si conoce <a href=\"https:\/\/www.larazon.es\/familia\/sabes-que-es-una-persona-con-sindrome-de-asperger-BN17926557\/\">en qu\u00e9 consiste el s\u00edndrome de Asperger<\/a> no sepa muy bien qu\u00e9 contestar. En cambio, si le decimos que es el trastorno que padece el personaje de ficci\u00f3n la serie \u00abThe Big Bang Theory\u00bb, Sheldon Cooper, es probable que se haga una idea m\u00e1s clara de qu\u00e9 estamos hablando. Y es que el 18 de febrero, se celebra su D\u00eda internacional.<\/p>\n<p>Incluido dentro de los llamados trastornos del espectro autista (TEA), la principal caracter\u00edstica que presentan las personas afectadas es su<b> dificultad a la hora de relacionarse, empatizar y comunicar o, dicho de otro modo, para entender el mundo como lo entiende la mayor\u00eda de la gente<\/b>. Como explica la doctora Alexandra Pardos, directora de la Unidad de Educaci\u00f3n y Neuropsicolog\u00eda del Hospital Vithas Internacional de Madrid, \u00abes un trastorno neurobiol\u00f3gico, es decir, una disfunci\u00f3n de las \u00e1reas cerebrales implicadas en las habilidades sociales y la comunicaci\u00f3n que solemos detectar en edades tempranas y afecta a la capacidad de relaci\u00f3n, con causa neruobiol\u00f3gica a\u00fan poco conocida\u00bb.<\/p>\n<p>Como cuenta a Antonio Peral Parrado, responsable, t\u00e9cnico de la Confederaci\u00f3n Asperger Espa\u00f1a, respecto a la supuesta mayor inteligencia de las personas con Asperger, <b>menos del 10% tiene una inteligencia superior a la media<\/b>, pero ocurre que, \u00aben muchas ocasiones <b>desarrollan habilidades relacionadas con un inter\u00e9s concreto sobre el que acumulan gran cantidad de informaci\u00f3n<\/b>. Sin embargo, se trata habitualmente de intereses muy restringidos, centrados en \u00e1reas poco relevantes\u00bb. Peral Parrado afirma, adem\u00e1s, que el 100% tiene problemas para entender y relacionarse con su entorno.<\/p>\n<p>Aunque el Asperger no tiene cura como tal, los s\u00edntomas pueden mejorar de manera significativa con la intervenci\u00f3n adecuada: \u00abGeneralmente realizamos un abordaje cognitivo-conductual cuyo principal objetivo es el aprendizaje de estrategias, t\u00e9cnicas y conductas que compensen la dificultad de comunicaci\u00f3n y relaci\u00f3n, disminuyendo la frustraci\u00f3n\u00bb, apunta Pardos.<\/p>\n<p>En muchos ni\u00f1os se producen <b>cuadros de ansiedad, depresi\u00f3n, problemas de conducta y aislamiento<\/b>. Por ello, para evitar que se perpet\u00faen, la intervenci\u00f3n temprana resulta fundamental. \u00abTrabajar en terapia individual es muy importante para la comprensi\u00f3n, aceptaci\u00f3n y rehabilitaci\u00f3n de sus dificultades, pero tambi\u00e9n la terapia grupal, con el fin de promover las habilidades sociales, pr\u00e1ctica que podemos llevar a cabo mediante talleres adaptados a esta problem\u00e1tica\u00bb, se\u00f1ala la doctora Pardos, que incide tambi\u00e9n en la necesidad de establecer \u00abun an\u00e1lisis y seguimiento totalmente individualizados de cada caso, ya que ning\u00fan paciente con Asperger es igual a otro y cada individuo evoluciona de modo diferente\u00bb.<\/p>\n<h3><b>\u00bfQu\u00e9 s\u00edntomas pueden alertar a los padres?<\/b><\/h3>\n<p><b>Falta de empat\u00eda, uso de un lenguaje enciclop\u00e9dico o pedante -denominado \u00abprosodia rob\u00f3tica\u00bb- una mirada anal\u00edtica y distante y ciertas atipicidades<\/b> (como intereses extra\u00f1os, comportamientos repetitivos, ciertos tics, torpeza motora) son algunas de las se\u00f1ales a las que los padres deben prestar atenci\u00f3n y consultar con un especialista. Estos s\u00edntomas provocan aislamiento social en el ni\u00f1o y grandes frustraciones emocionales.<\/p>\n<p>En consulta, como indica la especialista de Vithas Internacional, se llevar\u00e1 a cabo un diagn\u00f3stico diferencial para discriminar si se trata de este trastorno, de otra problem\u00e1tica o de un mero rasgo de personalidad. \u00abEs importante tambi\u00e9n concienciar a los padres sobre la importancia de su propio bienestar para la buena evoluci\u00f3n de sus hijos, por ello tambi\u00e9n tenemos que trabajar con las familias e incluso con los colegios, ya que a menudo aparecen dificultades de aprendizaje\u00bb, afirma la doctora Pardos. Porque las evidencias de los beneficios de la intervenci\u00f3n temprana son m\u00faltiples, pero incluso si se detecta o diagnostica tarde, con el tratamiento apropiado se consiguen grandes mejor\u00edas.<\/p>\n<\/div>\n<\/div>\n<p style=\"text-align: justify;\"><a href=\"https:\/\/i0.wp.com\/miradordeatarfe.es\/wp-content\/uploads\/2024\/02\/facebook_1708269798662_7165002849608715174.jpg?ssl=1\"><img data-recalc-dims=\"1\" loading=\"lazy\" decoding=\"async\" class=\"alignnone wp-image-67333 \" src=\"https:\/\/i0.wp.com\/miradordeatarfe.es\/wp-content\/uploads\/2024\/02\/facebook_1708269798662_7165002849608715174.jpg?resize=640%2C721&#038;ssl=1\" alt=\"\" width=\"640\" height=\"721\" srcset=\"https:\/\/i0.wp.com\/miradordeatarfe.es\/wp-content\/uploads\/2024\/02\/facebook_1708269798662_7165002849608715174.jpg?w=720&amp;ssl=1 720w, https:\/\/i0.wp.com\/miradordeatarfe.es\/wp-content\/uploads\/2024\/02\/facebook_1708269798662_7165002849608715174.jpg?resize=266%2C300&amp;ssl=1 266w\" sizes=\"auto, (max-width: 640px) 100vw, 640px\" \/><\/a><\/p>\n<div class=\"article-main\">\n<div id=\"intext\" class=\"article-main__content\">\n<ul>\n<li><strong><a href=\"https:\/\/www.larazon.es\/autor\/ecorada\/\">Eva S. Corada<\/a><\/strong><a href=\"https:\/\/twitter.com\/evacorada\" target=\"_blank\" rel=\"noopener noreferrer\"><strong>@evacorada<\/strong><\/a><\/li>\n<\/ul>\n<\/div>\n<\/div>\n<aside class=\"article-aside-bottom\">\n<div class=\"article-aside-content\">\n<div class=\"article-main margin-none\">\n<header class=\"article-main__header\">\n<div class=\"multimedia\">\n<figure><figcaption><b>FOTO: Sheldon Cooper, de la serie \u00abThe Big Bang Theory\u00bb tiene muchas caracter\u00edsticas que encajan en un diagn\u00f3stico de s\u00edndrome de Asperger<\/b>larazon<\/figcaption><div class=\"article-author\">\n<div class=\"article-author__body\">\n<div class=\"article-author__name\">\n<p>https:\/\/www.larazon.es\/atusalud\/salud\/asperger-del-estereotipo-a-la-realidad-BA22008180\/<\/p>\n<\/div>\n<\/div>\n<\/div>\n<\/figure>\n<\/div>\n<\/header>\n<\/div>\n<\/div>\n<\/aside>\n","protected":false},"excerpt":{"rendered":"<p>EL PASADO 18 de febrero fue el\u00a0 D\u00eda Internacional del S\u00edndrome de Asperger, \u00a0 \u00a0&#8230;<\/p>\n","protected":false},"author":1,"featured_media":67334,"comment_status":"closed","ping_status":"closed","sticky":false,"template":"","format":"standard","meta":{"_coblocks_attr":"","_coblocks_dimensions":"","_coblocks_responsive_height":"","_coblocks_accordion_ie_support":"","jetpack_post_was_ever_published":false,"_jetpack_newsletter_access":"","_jetpack_dont_email_post_to_subs":false,"_jetpack_newsletter_tier_id":0,"_jetpack_memberships_contains_paywalled_content":false,"_jetpack_memberships_contains_paid_content":false,"footnotes":"","jetpack_publicize_message":"","jetpack_publicize_feature_enabled":true,"jetpack_social_post_already_shared":true,"jetpack_social_options":{"image_generator_settings":{"template":"highway","default_image_id":0,"enabled":false},"version":2}},"categories":[187,1161,44,10],"tags":[],"class_list":["post-67332","post","type-post","status-publish","format-standard","has-post-thumbnail","hentry","category-centros-educativos","category-ciudadania","category-noticias-de-hoy","category-salud"],"jetpack_publicize_connections":[],"jetpack_featured_media_url":"https:\/\/i0.wp.com\/miradordeatarfe.es\/wp-content\/uploads\/2024\/02\/98.webp?fit=1900%2C1069&ssl=1","jetpack_likes_enabled":true,"jetpack_sharing_enabled":true,"_links":{"self":[{"href":"https:\/\/miradordeatarfe.es\/index.php?rest_route=\/wp\/v2\/posts\/67332","targetHints":{"allow":["GET"]}}],"collection":[{"href":"https:\/\/miradordeatarfe.es\/index.php?rest_route=\/wp\/v2\/posts"}],"about":[{"href":"https:\/\/miradordeatarfe.es\/index.php?rest_route=\/wp\/v2\/types\/post"}],"author":[{"embeddable":true,"href":"https:\/\/miradordeatarfe.es\/index.php?rest_route=\/wp\/v2\/users\/1"}],"replies":[{"embeddable":true,"href":"https:\/\/miradordeatarfe.es\/index.php?rest_route=%2Fwp%2Fv2%2Fcomments&post=67332"}],"version-history":[{"count":1,"href":"https:\/\/miradordeatarfe.es\/index.php?rest_route=\/wp\/v2\/posts\/67332\/revisions"}],"predecessor-version":[{"id":67335,"href":"https:\/\/miradordeatarfe.es\/index.php?rest_route=\/wp\/v2\/posts\/67332\/revisions\/67335"}],"wp:featuredmedia":[{"embeddable":true,"href":"https:\/\/miradordeatarfe.es\/index.php?rest_route=\/wp\/v2\/media\/67334"}],"wp:attachment":[{"href":"https:\/\/miradordeatarfe.es\/index.php?rest_route=%2Fwp%2Fv2%2Fmedia&parent=67332"}],"wp:term":[{"taxonomy":"category","embeddable":true,"href":"https:\/\/miradordeatarfe.es\/index.php?rest_route=%2Fwp%2Fv2%2Fcategories&post=67332"},{"taxonomy":"post_tag","embeddable":true,"href":"https:\/\/miradordeatarfe.es\/index.php?rest_route=%2Fwp%2Fv2%2Ftags&post=67332"}],"curies":[{"name":"wp","href":"https:\/\/api.w.org\/{rel}","templated":true}]}}