{"id":67339,"date":"2024-02-23T08:38:17","date_gmt":"2024-02-23T07:38:17","guid":{"rendered":"https:\/\/miradordeatarfe.es\/?p=67339"},"modified":"2024-02-19T13:04:05","modified_gmt":"2024-02-19T12:04:05","slug":"carta-de-una-zorra-al-juez-juan-del-olmo","status":"publish","type":"post","link":"https:\/\/miradordeatarfe.es\/?p=67339","title":{"rendered":"CARTA DE UNA ZORRA al juez Juan del Olmo"},"content":{"rendered":"<h3 dir=\"auto\" style=\"text-align: justify;\"><span id=\"principal\">Los continuos actos de violencia machista que tienen lugar en la sociedad nos hacen rememorar este escrito que tiene lugar a ra\u00edz de la sentencia del juez Juan del Olmo que consideraba que \u00abllamar zorra a una mujer no es delito, ni falta, ni nada, porque quien usa ese adjetivo en realidad lo que quiere decir es que dicha mujer es astuta y sagaz\u00bb. En base a ello, una ciudadana le envi\u00f3 esta carta.<\/span><\/h3>\n<div dir=\"auto\" style=\"text-align: justify;\"><em>\u00abEstimado juez Del Olmo: Espero que al recibo de la presente est\u00e9 usted bien de salud y con las neuronas en perfecto estado de alerta como es habitual en Su Se\u00f1or\u00eda.<\/em><\/div>\n<div dir=\"auto\">\u00a0<\/div>\n<div dir=\"auto\" style=\"text-align: justify;\"><em>El motivo de esta misiva no es otro que el de solicitarle amparo judicial ante una injusticia cometida en la persona de mi t\u00eda abuela Felicitas y que me tiene un tanto preocupada. Paso a exponerle los hechos:<\/em><\/div>\n<div dir=\"auto\" style=\"text-align: justify;\">\u00a0<\/div>\n<div dir=\"auto\" style=\"text-align: justify;\"><em>Esta ma\u00f1ana mi t\u00eda abuela Felicitas y servidora nos hemos cruzado en el garaje con un sujeto bastante cafre que goza de una merecida impopularidad entre la comunidad de vecinos. Animada por la \u00faltima sentencia de su cosecha, que le ha hecho comprender la utilidad de la palabra como veh\u00edculo para limar asperezas, y echando mano a la riqueza sem\u00e1ntica de nuestra querida lengua espa\u00f1ola, mi querida t\u00eda abuela, mujer locuaz donde las haya, le ha saludado con un jovial \u00abque te den, cabrito\u00bb.<\/em><\/div>\n<div dir=\"auto\" style=\"text-align: justify;\">\u00a0<\/div>\n<div dir=\"auto\" style=\"text-align: justify;\"><em>Se ha puesto como una energ\u00fameno, oiga. De poco me ha servido explicarle que la buena de mi t\u00eda abuela lo dec\u00eda en el sentido de alabar sus grandes dotes como trepador de riscos, y que en estas \u00e9pocas de recortes a espuertas, desear a alguien que le den algo es la expresi\u00f3n de un deseo de buena voluntad.<\/em><\/div>\n<div dir=\"auto\" style=\"text-align: justify;\">\u00a0<\/div>\n<div dir=\"auto\" style=\"text-align: justify;\"><em>El sujeto, entre espumarajos, nos ha soltado unos cuantos vocablos, que no s\u00e9 si eran insultos o piropos porque no ha especificado a cu\u00e1l de sus m\u00faltiples acepciones se refer\u00eda, y ha enfilado hacia la comisar\u00eda m\u00e1s cercana haciendo o\u00eddos sordos a mis razonamientos, que no son otros que los suyos de usted, y a los de mi t\u00eda abuela, que le desped\u00eda se\u00f1alando hacia arriba con el dedo coraz\u00f3n de su mano derecha con la evidente intenci\u00f3n de saber hacia d\u00f3nde soplaba el viento.<\/em><\/div>\n<div dir=\"auto\" style=\"text-align: justify;\">\u00a0<\/div>\n<div dir=\"auto\" style=\"text-align: justify;\"><em>Como tengo la esperanza de que la denuncia que sin duda est\u00e1 intentando colocar esa hiena -en el sentido de que es un hombre de sonrisa f\u00e1cil- llegue en alg\u00fan momento a sus manos, le ruego, por favor, que intente mediar en este asunto explic\u00e1ndole al asno -expresado con la intenci\u00f3n de destacar que es hombre tozudo, a la par que trabajador- de mi vecino lo de que las palabras no siempre significan lo que significan, y le muestre de primera mano esa magn\u00edfica sentencia suya en la que determina que llamar zorra a una mujer es asumible siempre y cuando se diga en su acepci\u00f3n de mujer astuta.<\/em><\/div>\n<div dir=\"auto\" style=\"text-align: justify;\">\u00a0<\/div>\n<div dir=\"auto\" style=\"text-align: justify;\"><em>S\u00e9 que es usted un porcino -dicho con el \u00e1nimo de remarcar que todo en su se\u00f1or\u00eda son recursos aprovechables- y que como tal, pondr\u00e1 todo lo que est\u00e9 de su mano para que mi vecino y otros carro\u00f1eros como \u00e9l -dicho en el sentido de que son personas que se comen los filetes una vez muerta la vaca &#8211; entren por el aro y comprendan que basta un poco de buena voluntad, como la de mi t\u00eda abuela Felicitas, para transformar las agrias discusiones a gritos en educados intercambios de descripciones, tal y como determina usted en su sentencia, convirtiendo as\u00ed el mundo en un lugar mucho m\u00e1s agradable.<\/em><\/div>\n<div dir=\"auto\" style=\"text-align: justify;\">\u00a0<\/div>\n<div dir=\"auto\" style=\"text-align: justify;\"><em>Sin m\u00e1s, y agradeci\u00e9ndole de antemano su atenci\u00f3n, se despide atentamente, una v\u00edbora (evidentemente, en el sentido de ponerme a sus pies), envi\u00e1ndole mis m\u00e1s respetuosos saludos a las zorras de su esposa y madre\u00bb<\/em><\/div>\n<div dir=\"auto\" style=\"text-align: justify;\">\u00a0<\/div>\n<div dir=\"auto\" style=\"text-align: justify;\">\u00a0<\/div>\n<div dir=\"auto\" style=\"text-align: justify;\">https:\/\/www.hosteleriasalamanca.es\/noticias-hosteleria\/enero-2019\/carta-juez-olmo.php<\/div>\n<div dir=\"auto\" style=\"text-align: justify;\">\u00a0<\/div>\n<div dir=\"auto\" style=\"text-align: justify;\">FOTO: https:\/\/medium.com\/psicolog%C3%ADa-del-lenguaje-ugr\/la-teor%C3%ADa-de-los-marcos-relacionales-y-la-carta-de-una-zorra-al-juez-juan-del-olmo-cfcf8b697d6e<\/div>\n<div dir=\"auto\" style=\"text-align: justify;\">\u00a0<\/div>\n","protected":false},"excerpt":{"rendered":"<p>Los continuos actos de violencia machista que tienen lugar en la sociedad nos hacen rememorar&#8230;<\/p>\n","protected":false},"author":1,"featured_media":67340,"comment_status":"closed","ping_status":"closed","sticky":false,"template":"","format":"standard","meta":{"_coblocks_attr":"","_coblocks_dimensions":"","_coblocks_responsive_height":"","_coblocks_accordion_ie_support":"","jetpack_post_was_ever_published":false,"_jetpack_newsletter_access":"","_jetpack_dont_email_post_to_subs":false,"_jetpack_newsletter_tier_id":0,"_jetpack_memberships_contains_paywalled_content":false,"_jetpack_memberships_contains_paid_content":false,"footnotes":"","jetpack_publicize_message":"","jetpack_publicize_feature_enabled":true,"jetpack_social_post_already_shared":true,"jetpack_social_options":{"image_generator_settings":{"template":"highway","default_image_id":0,"enabled":false},"version":2}},"categories":[1161,14,44,6937],"tags":[],"class_list":["post-67339","post","type-post","status-publish","format-standard","has-post-thumbnail","hentry","category-ciudadania","category-feminismo","category-noticias-de-hoy","category-sociedad"],"jetpack_publicize_connections":[],"jetpack_featured_media_url":"https:\/\/i0.wp.com\/miradordeatarfe.es\/wp-content\/uploads\/2024\/02\/0-Eh3vAKj27N32xQRT.webp?fit=700%2C474&ssl=1","jetpack_likes_enabled":true,"jetpack_sharing_enabled":true,"_links":{"self":[{"href":"https:\/\/miradordeatarfe.es\/index.php?rest_route=\/wp\/v2\/posts\/67339","targetHints":{"allow":["GET"]}}],"collection":[{"href":"https:\/\/miradordeatarfe.es\/index.php?rest_route=\/wp\/v2\/posts"}],"about":[{"href":"https:\/\/miradordeatarfe.es\/index.php?rest_route=\/wp\/v2\/types\/post"}],"author":[{"embeddable":true,"href":"https:\/\/miradordeatarfe.es\/index.php?rest_route=\/wp\/v2\/users\/1"}],"replies":[{"embeddable":true,"href":"https:\/\/miradordeatarfe.es\/index.php?rest_route=%2Fwp%2Fv2%2Fcomments&post=67339"}],"version-history":[{"count":3,"href":"https:\/\/miradordeatarfe.es\/index.php?rest_route=\/wp\/v2\/posts\/67339\/revisions"}],"predecessor-version":[{"id":67343,"href":"https:\/\/miradordeatarfe.es\/index.php?rest_route=\/wp\/v2\/posts\/67339\/revisions\/67343"}],"wp:featuredmedia":[{"embeddable":true,"href":"https:\/\/miradordeatarfe.es\/index.php?rest_route=\/wp\/v2\/media\/67340"}],"wp:attachment":[{"href":"https:\/\/miradordeatarfe.es\/index.php?rest_route=%2Fwp%2Fv2%2Fmedia&parent=67339"}],"wp:term":[{"taxonomy":"category","embeddable":true,"href":"https:\/\/miradordeatarfe.es\/index.php?rest_route=%2Fwp%2Fv2%2Fcategories&post=67339"},{"taxonomy":"post_tag","embeddable":true,"href":"https:\/\/miradordeatarfe.es\/index.php?rest_route=%2Fwp%2Fv2%2Ftags&post=67339"}],"curies":[{"name":"wp","href":"https:\/\/api.w.org\/{rel}","templated":true}]}}