{"id":67354,"date":"2024-02-20T09:42:22","date_gmt":"2024-02-20T08:42:22","guid":{"rendered":"https:\/\/miradordeatarfe.es\/?p=67354"},"modified":"2024-02-20T09:42:22","modified_gmt":"2024-02-20T08:42:22","slug":"autocritica-para-la-izquierda","status":"publish","type":"post","link":"https:\/\/miradordeatarfe.es\/?p=67354","title":{"rendered":"Autocr\u00edtica para la izquierda"},"content":{"rendered":"<h3 style=\"text-align: justify;\">Los dos partidos del Gobierno de coalici\u00f3n deben afrontar un cambio de estrategia tras el evidente fracaso en Galicia.<\/h3>\n<p style=\"text-align: justify;\">El PSOE y los partidos nacionales a su izquierda (Sumar y Podemos) <a href=\"https:\/\/t.newsletter.elpais.com\/r\/?id=h8216e801,c579888,4ca9c8a&amp;p1=adelantodeopinion_2024.02.19\" target=\"_blank\" rel=\"noopener\" data-saferedirecturl=\"https:\/\/www.google.com\/url?q=https:\/\/t.newsletter.elpais.com\/r\/?id%3Dh8216e801,c579888,4ca9c8a%26p1%3Dadelantodeopinion_2024.02.19&amp;source=gmail&amp;ust=1708504122732000&amp;usg=AOvVaw3KTRf2quW1ovOxBnm2SD6j\">fueron los grandes derrotados en las elecciones gallegas del domingo<\/a>, un fracaso rotundo que obliga a sus m\u00e1ximos dirigentes a la reflexi\u00f3n sobre su despliegue y su discurso territoriales. Los datos son incontestables: los socialistas firman su peor resultado hist\u00f3rico con nueve diputados y poco m\u00e1s del 14% del voto; Sumar y Podemos ni siquiera entran en el Parlamento dado su \u00ednfimo porcentaje de apoyo: 1,9% y 0,26%, respectivamente. La concentraci\u00f3n del voto de izquierdas en el BNG \u2014considerado esta vez la opci\u00f3n \u00fatil\u2014 y la tendencia al voto dual respecto a las generales \u2014donde la utilidad cae del lado de los partidos estatales\u2014 los han perjudicado, pero las tres formaciones se equivocar\u00edan si no llevaran su an\u00e1lisis m\u00e1s all\u00e1, m\u00e1xime con otras tres elecciones en el horizonte: vascas, europeas y catalanas.<\/p>\n<p style=\"text-align: justify;\">\u200cEl PSOE <a href=\"https:\/\/t.newsletter.elpais.com\/r\/?id=h8216e801,c579888,4ca9c8b&amp;p1=adelantodeopinion_2024.02.19\" target=\"_blank\" rel=\"noopener\" data-saferedirecturl=\"https:\/\/www.google.com\/url?q=https:\/\/t.newsletter.elpais.com\/r\/?id%3Dh8216e801,c579888,4ca9c8b%26p1%3Dadelantodeopinion_2024.02.19&amp;source=gmail&amp;ust=1708504122732000&amp;usg=AOvVaw1ni65-Wmz1Lff5JicGYSr5\">vuelve a mostrar su dificultad para consolidar liderazgos auton\u00f3micos<\/a> de larga duraci\u00f3n cuando pierde el poder incluso en comunidades donde logra buenos resultados en los comicios nacionales: el 23-J obtuvo en Galicia el 30,2%, m\u00e1s del doble que este domingo. Leer en clave estatal las citas auton\u00f3micas se traduce en una excesiva tendencia a intervenir desde Ferraz en las candidaturas territoriales. Y a hacerlo tarde. Algo que ya es tradicional en la Comunidad de Madrid y que en esta ocasi\u00f3n sucedi\u00f3 tambi\u00e9n en Galicia. Jos\u00e9 Ram\u00f3n G\u00f3mez Besteiro, que en la campa\u00f1a se revel\u00f3 como un buen candidato, fue ungido hace cuatro meses como el quinto aspirante socialista a la Xunta en otras tantas convocatorias. Parte de sus posibles votantes se decantaron por Ana Pont\u00f3n (BNG), que, tras una labor de a\u00f1os, supo compensar la apuesta por la identidad con algo dif\u00edcil de improvisar: cercan\u00eda.<\/p>\n<p style=\"text-align: justify;\">\u200cEl Partido Socialista se enfrenta desde el Gobierno central a la paradoja de adentrarse en una legislatura marcada por el debate sobre el modelo territorial en el momento en que tiene menos peso auton\u00f3mico. Solo encabeza el Ejecutivo de tres comunidades: Asturias, Castilla-La Mancha y Navarra. Un escenario, adem\u00e1s, en el que la izquierda nacionalista ampl\u00eda su espacio, especialmente entre los m\u00e1s j\u00f3venes, menos fieles a unas siglas concretas. Su condici\u00f3n de partido estatal con esp\u00edritu federal obliga al PSOE a conciliar su discurso para las autonom\u00edas hist\u00f3ricas con un proyecto v\u00e1lido para toda Espa\u00f1a. Este es el desaf\u00edo para el que necesita una estrategia que no se ve. La p\u00e9rdida de poder institucional \u2014aunque no de votos\u2014 del 28-M y ahora el fracaso en las gallegas demuestra que le perjudica nacionalizar en exceso las campa\u00f1as. Pedro S\u00e1nchez, que se volc\u00f3 en ambas, sale tocado del 18-F por aceptar los t\u00e9rminos en que plante\u00f3 la disputa Alberto N\u00fa\u00f1ez Feij\u00f3o.<\/p>\n<p style=\"text-align: justify;\">A la izquierda del PSOE el panorama es a\u00fan m\u00e1s desolador en una regi\u00f3n en la que ese espacio lleg\u00f3 a tener 14 diputados en 2016. A\u00f1os de batallas internas le han pasado factura hasta dejar a Podemos con unos raqu\u00edticos 3.900 votos. Sumar, presente en el Gobierno de Espa\u00f1a, es a estas alturas un proyecto por definir. <a href=\"https:\/\/t.newsletter.elpais.com\/r\/?id=h8216e801,c579888,4ca9c8c&amp;p1=adelantodeopinion_2024.02.19\" target=\"_blank\" rel=\"noopener\" data-saferedirecturl=\"https:\/\/www.google.com\/url?q=https:\/\/t.newsletter.elpais.com\/r\/?id%3Dh8216e801,c579888,4ca9c8c%26p1%3Dadelantodeopinion_2024.02.19&amp;source=gmail&amp;ust=1708504122732000&amp;usg=AOvVaw3t_-jMhNCcetzJ9sLBvOto\">Y su desplome resulta m\u00e1s estridente en la comunidad en que se forj\u00f3 Yolanda D\u00edaz.<\/a> Su capacidad como referente para la izquierda queda en cuesti\u00f3n a un mes de su primera conferencia pol\u00edtica. Las dos formaciones coaligadas en el Gobierno central sellaron en octubre una agenda social cuyo despliegue puede verse afectado por la debilidad territorial de ambas frente a un PP decidido a usar su enorme poder auton\u00f3mico para torpedear las decisiones del Ejecutivo. Otro reto para la izquierda.<\/p>\n<p style=\"text-align: justify;\">EDITORIAL DEL PAIS<\/p>\n","protected":false},"excerpt":{"rendered":"<p>Los dos partidos del Gobierno de coalici\u00f3n deben afrontar un cambio de estrategia tras el&#8230;<\/p>\n","protected":false},"author":1,"featured_media":67355,"comment_status":"closed","ping_status":"closed","sticky":false,"template":"","format":"standard","meta":{"_coblocks_attr":"","_coblocks_dimensions":"","_coblocks_responsive_height":"","_coblocks_accordion_ie_support":"","jetpack_post_was_ever_published":false,"_jetpack_newsletter_access":"","_jetpack_dont_email_post_to_subs":false,"_jetpack_newsletter_tier_id":0,"_jetpack_memberships_contains_paywalled_content":false,"_jetpack_memberships_contains_paid_content":false,"footnotes":"","jetpack_publicize_message":"","jetpack_publicize_feature_enabled":true,"jetpack_social_post_already_shared":true,"jetpack_social_options":{"image_generator_settings":{"template":"highway","default_image_id":0,"enabled":false},"version":2}},"categories":[1161,44,7671],"tags":[],"class_list":["post-67354","post","type-post","status-publish","format-standard","has-post-thumbnail","hentry","category-ciudadania","category-noticias-de-hoy","category-politica"],"jetpack_publicize_connections":[],"jetpack_featured_media_url":"https:\/\/i0.wp.com\/miradordeatarfe.es\/wp-content\/uploads\/2024\/02\/th-4.jpeg?fit=474%2C158&ssl=1","jetpack_likes_enabled":true,"jetpack_sharing_enabled":true,"_links":{"self":[{"href":"https:\/\/miradordeatarfe.es\/index.php?rest_route=\/wp\/v2\/posts\/67354","targetHints":{"allow":["GET"]}}],"collection":[{"href":"https:\/\/miradordeatarfe.es\/index.php?rest_route=\/wp\/v2\/posts"}],"about":[{"href":"https:\/\/miradordeatarfe.es\/index.php?rest_route=\/wp\/v2\/types\/post"}],"author":[{"embeddable":true,"href":"https:\/\/miradordeatarfe.es\/index.php?rest_route=\/wp\/v2\/users\/1"}],"replies":[{"embeddable":true,"href":"https:\/\/miradordeatarfe.es\/index.php?rest_route=%2Fwp%2Fv2%2Fcomments&post=67354"}],"version-history":[{"count":1,"href":"https:\/\/miradordeatarfe.es\/index.php?rest_route=\/wp\/v2\/posts\/67354\/revisions"}],"predecessor-version":[{"id":67356,"href":"https:\/\/miradordeatarfe.es\/index.php?rest_route=\/wp\/v2\/posts\/67354\/revisions\/67356"}],"wp:featuredmedia":[{"embeddable":true,"href":"https:\/\/miradordeatarfe.es\/index.php?rest_route=\/wp\/v2\/media\/67355"}],"wp:attachment":[{"href":"https:\/\/miradordeatarfe.es\/index.php?rest_route=%2Fwp%2Fv2%2Fmedia&parent=67354"}],"wp:term":[{"taxonomy":"category","embeddable":true,"href":"https:\/\/miradordeatarfe.es\/index.php?rest_route=%2Fwp%2Fv2%2Fcategories&post=67354"},{"taxonomy":"post_tag","embeddable":true,"href":"https:\/\/miradordeatarfe.es\/index.php?rest_route=%2Fwp%2Fv2%2Ftags&post=67354"}],"curies":[{"name":"wp","href":"https:\/\/api.w.org\/{rel}","templated":true}]}}