{"id":67361,"date":"2024-02-21T11:17:00","date_gmt":"2024-02-21T10:17:00","guid":{"rendered":"https:\/\/miradordeatarfe.es\/?p=67361"},"modified":"2024-02-20T10:38:45","modified_gmt":"2024-02-20T09:38:45","slug":"67361","status":"publish","type":"post","link":"https:\/\/miradordeatarfe.es\/?p=67361","title":{"rendered":"LA ASOCIACI\u00d3N LA CORA DE ILBIRA GENERA DEBATE SOBRE EL YACIMIENTO DE MEDINA ELVIRA"},"content":{"rendered":"<p style=\"text-align: justify;\"><strong>El pasado mi\u00e9rcoles 14-2-24 se celebr\u00f3 la conferencia \u201cMEDINA ELVIRA : BAJO EL PRISMA DE REPRESENTACIONES GRE\u00c1FICAS\u00bb con la asistencia de autoridades, investigadores, responsables de la asociaci\u00f3n, vecinas y vecinos de Atarfe.<\/strong><\/p>\n<p style=\"text-align: justify;\"><strong>\u00a0<\/strong>Con la asistencia \u00a0de unas 60 personas, el arquitecto Saul Meral inici\u00f3 su conferencia sobre posibles representaciones gr\u00e1ficas de Medina Elvira a la luz de las investigaciones arqueol\u00f3gicas. Previamente la Alcaldesa Yolanda Fern\u00e1ndez y Jennifer Garc\u00eda saludaron a los asistentes, junto a la presidenta de la asociaci\u00f3n Francisca Fuillerat, que aclar\u00f3 el contexto de la charla dentro del Proyecto financiado por la Diputaci\u00f3n de Granada \u201c CONOCE MADINAT ILBIRA\u201d. Igualmente se cont\u00f3 con la presencia del responsable de la C\u00e1tedra G\u00f3mez Moreno, Guillermo Garc\u00eda Contreras.<\/p>\n<p>&nbsp;<\/p>\n<p><a href=\"https:\/\/i0.wp.com\/miradordeatarfe.es\/wp-content\/uploads\/2024\/02\/SAUL.jpg?ssl=1\"><img data-recalc-dims=\"1\" loading=\"lazy\" decoding=\"async\" class=\"alignleft wp-image-67367 \" src=\"https:\/\/i0.wp.com\/miradordeatarfe.es\/wp-content\/uploads\/2024\/02\/SAUL.jpg?resize=504%2C442&#038;ssl=1\" alt=\"\" width=\"504\" height=\"442\" srcset=\"https:\/\/i0.wp.com\/miradordeatarfe.es\/wp-content\/uploads\/2024\/02\/SAUL.jpg?resize=1024%2C897&amp;ssl=1 1024w, https:\/\/i0.wp.com\/miradordeatarfe.es\/wp-content\/uploads\/2024\/02\/SAUL.jpg?resize=300%2C263&amp;ssl=1 300w, https:\/\/i0.wp.com\/miradordeatarfe.es\/wp-content\/uploads\/2024\/02\/SAUL.jpg?resize=768%2C672&amp;ssl=1 768w, https:\/\/i0.wp.com\/miradordeatarfe.es\/wp-content\/uploads\/2024\/02\/SAUL.jpg?resize=1536%2C1345&amp;ssl=1 1536w, https:\/\/i0.wp.com\/miradordeatarfe.es\/wp-content\/uploads\/2024\/02\/SAUL.jpg?resize=1320%2C1156&amp;ssl=1 1320w, https:\/\/i0.wp.com\/miradordeatarfe.es\/wp-content\/uploads\/2024\/02\/SAUL.jpg?w=1600&amp;ssl=1 1600w\" sizes=\"auto, (max-width: 504px) 100vw, 504px\" \/><\/a><\/p>\n<p style=\"text-align: justify;\">La recreaci\u00f3n digital de Medina Elvira, incluida la ayuda de la inteligencia artificial, es un recurso que de entrada tiene sus limitaciones por la necesidad de m\u00e1s datos sobre la ubicaci\u00f3n de las estructuras urban\u00edsticas, modos de vida de la \u00c9poca Andalus\u00ed\u2026 as\u00ed lo reconoc\u00eda<strong> Saul Meral<\/strong> afirmando que futuras investigaciones arqueol\u00f3gicas acabar\u00e1n ofreciendo m\u00e1s pistas sobre la ciudad altomedieval, mientras tanto la poblaci\u00f3n atarfe\u00f1a, \u00a0los escolares sienten la necesidad de visualizar como pudo ser la alcazaba del Cerro del Sombrerete, la Mezquita, los barrios artesanales, etc.<\/p>\n<p style=\"text-align: justify;\">Muy esclarecedoras fueron las explicaciones del Profesor y Director de la C\u00e1tedra G\u00f3mez Moreno, <strong>Guillermo Garc\u00eda Contreras<\/strong> que reconoci\u00f3 la buena fe de esas recreaciones, si bien, ser\u00e1n las investigaciones las que ir\u00e1n arrojando luz que permitan hacer aproximaciones gr\u00e1ficas m\u00e1s pr\u00f3ximas a lo que pudo ser Medina Elvira. Agradeci\u00f3 el gran inter\u00e9s de los asistentes y de la Asociaci\u00f3n de La Cora de Ilbira, explic\u00f3 los pasos pendientes para una nueva campa\u00f1a de excavaciones, que pasa por poner una cubierta que proteja la parte del yacimiento que se quiere dejar al descubierto, que a su vez debe garantizarse el control de las aguas de lluvia para evitar inundaciones, est\u00e1 pendiente la finalizaci\u00f3n de la obra. Al final del acto se abri\u00f3 un interesante debate en el que la ciudadan\u00eda reclamaba poder \u201cver algo\u201d de este importante yacimiento, a ello se comprometieron todas las partes implicadas.<\/p>\n<p style=\"text-align: justify;\">\u00a1Ojal\u00e1 se haga realidad pronto!<\/p>\n<p>&nbsp;<\/p>\n<p>&nbsp;<\/p>\n<p><a href=\"https:\/\/i0.wp.com\/miradordeatarfe.es\/wp-content\/uploads\/2024\/02\/medina3_rec.jpg?ssl=1\"><img data-recalc-dims=\"1\" loading=\"lazy\" decoding=\"async\" class=\"alignnone wp-image-67365 size-full\" src=\"https:\/\/i0.wp.com\/miradordeatarfe.es\/wp-content\/uploads\/2024\/02\/medina3_rec.jpg?resize=640%2C440&#038;ssl=1\" alt=\"\" width=\"640\" height=\"440\" srcset=\"https:\/\/i0.wp.com\/miradordeatarfe.es\/wp-content\/uploads\/2024\/02\/medina3_rec.jpg?w=672&amp;ssl=1 672w, https:\/\/i0.wp.com\/miradordeatarfe.es\/wp-content\/uploads\/2024\/02\/medina3_rec.jpg?resize=300%2C206&amp;ssl=1 300w\" sizes=\"auto, (max-width: 640px) 100vw, 640px\" \/> <\/a><a href=\"https:\/\/i0.wp.com\/miradordeatarfe.es\/wp-content\/uploads\/2024\/02\/IMG20240214191059-scaled.jpg?ssl=1\"><img data-recalc-dims=\"1\" loading=\"lazy\" decoding=\"async\" class=\"alignnone wp-image-67370 size-large\" src=\"https:\/\/i0.wp.com\/miradordeatarfe.es\/wp-content\/uploads\/2024\/02\/IMG20240214191059.jpg?resize=640%2C482&#038;ssl=1\" alt=\"\" width=\"640\" height=\"482\" srcset=\"https:\/\/i0.wp.com\/miradordeatarfe.es\/wp-content\/uploads\/2024\/02\/IMG20240214191059-scaled.jpg?resize=1024%2C771&amp;ssl=1 1024w, https:\/\/i0.wp.com\/miradordeatarfe.es\/wp-content\/uploads\/2024\/02\/IMG20240214191059-scaled.jpg?resize=300%2C226&amp;ssl=1 300w, https:\/\/i0.wp.com\/miradordeatarfe.es\/wp-content\/uploads\/2024\/02\/IMG20240214191059-scaled.jpg?resize=768%2C578&amp;ssl=1 768w, https:\/\/i0.wp.com\/miradordeatarfe.es\/wp-content\/uploads\/2024\/02\/IMG20240214191059-scaled.jpg?resize=1536%2C1157&amp;ssl=1 1536w, https:\/\/i0.wp.com\/miradordeatarfe.es\/wp-content\/uploads\/2024\/02\/IMG20240214191059-scaled.jpg?resize=2048%2C1542&amp;ssl=1 2048w, https:\/\/i0.wp.com\/miradordeatarfe.es\/wp-content\/uploads\/2024\/02\/IMG20240214191059-scaled.jpg?resize=1320%2C994&amp;ssl=1 1320w, https:\/\/i0.wp.com\/miradordeatarfe.es\/wp-content\/uploads\/2024\/02\/IMG20240214191059-scaled.jpg?w=1920&amp;ssl=1 1920w\" sizes=\"auto, (max-width: 640px) 100vw, 640px\" \/><\/a><a href=\"https:\/\/i0.wp.com\/miradordeatarfe.es\/wp-content\/uploads\/2024\/02\/medina2_rec.jpg?ssl=1\"><img data-recalc-dims=\"1\" loading=\"lazy\" decoding=\"async\" class=\"alignnone wp-image-67366 size-full\" src=\"https:\/\/i0.wp.com\/miradordeatarfe.es\/wp-content\/uploads\/2024\/02\/medina2_rec.jpg?resize=640%2C487&#038;ssl=1\" alt=\"\" width=\"640\" height=\"487\" srcset=\"https:\/\/i0.wp.com\/miradordeatarfe.es\/wp-content\/uploads\/2024\/02\/medina2_rec.jpg?w=672&amp;ssl=1 672w, https:\/\/i0.wp.com\/miradordeatarfe.es\/wp-content\/uploads\/2024\/02\/medina2_rec.jpg?resize=300%2C228&amp;ssl=1 300w\" sizes=\"auto, (max-width: 640px) 100vw, 640px\" \/><\/a> <a href=\"https:\/\/i0.wp.com\/miradordeatarfe.es\/wp-content\/uploads\/2024\/02\/IMG20240214193503-scaled.jpg?ssl=1\"><img data-recalc-dims=\"1\" loading=\"lazy\" decoding=\"async\" class=\"alignnone wp-image-67371 size-large\" src=\"https:\/\/i0.wp.com\/miradordeatarfe.es\/wp-content\/uploads\/2024\/02\/IMG20240214193503.jpg?resize=640%2C482&#038;ssl=1\" alt=\"\" width=\"640\" height=\"482\" srcset=\"https:\/\/i0.wp.com\/miradordeatarfe.es\/wp-content\/uploads\/2024\/02\/IMG20240214193503-scaled.jpg?resize=1024%2C771&amp;ssl=1 1024w, https:\/\/i0.wp.com\/miradordeatarfe.es\/wp-content\/uploads\/2024\/02\/IMG20240214193503-scaled.jpg?resize=300%2C226&amp;ssl=1 300w, https:\/\/i0.wp.com\/miradordeatarfe.es\/wp-content\/uploads\/2024\/02\/IMG20240214193503-scaled.jpg?resize=768%2C578&amp;ssl=1 768w, https:\/\/i0.wp.com\/miradordeatarfe.es\/wp-content\/uploads\/2024\/02\/IMG20240214193503-scaled.jpg?resize=1536%2C1157&amp;ssl=1 1536w, https:\/\/i0.wp.com\/miradordeatarfe.es\/wp-content\/uploads\/2024\/02\/IMG20240214193503-scaled.jpg?resize=2048%2C1542&amp;ssl=1 2048w, https:\/\/i0.wp.com\/miradordeatarfe.es\/wp-content\/uploads\/2024\/02\/IMG20240214193503-scaled.jpg?resize=1320%2C994&amp;ssl=1 1320w, https:\/\/i0.wp.com\/miradordeatarfe.es\/wp-content\/uploads\/2024\/02\/IMG20240214193503-scaled.jpg?w=1920&amp;ssl=1 1920w\" sizes=\"auto, (max-width: 640px) 100vw, 640px\" \/><\/a><\/p>\n<p><a href=\"https:\/\/miradordeatarfe.es\/wp-content\/uploads\/2024\/02\/medina3_rec.jpg\">\u00a0<\/a><\/p>\n","protected":false},"excerpt":{"rendered":"<p>El pasado mi\u00e9rcoles 14-2-24 se celebr\u00f3 la conferencia \u201cMEDINA ELVIRA : BAJO EL PRISMA DE&#8230;<\/p>\n","protected":false},"author":1,"featured_media":67363,"comment_status":"closed","ping_status":"closed","sticky":false,"template":"","format":"standard","meta":{"_coblocks_attr":"","_coblocks_dimensions":"","_coblocks_responsive_height":"","_coblocks_accordion_ie_support":"","jetpack_post_was_ever_published":false,"_jetpack_newsletter_access":"","_jetpack_dont_email_post_to_subs":false,"_jetpack_newsletter_tier_id":0,"_jetpack_memberships_contains_paywalled_content":false,"_jetpack_memberships_contains_paid_content":false,"footnotes":"","jetpack_publicize_message":"","jetpack_publicize_feature_enabled":true,"jetpack_social_post_already_shared":true,"jetpack_social_options":{"image_generator_settings":{"template":"highway","default_image_id":0,"enabled":false},"version":2}},"categories":[12,9029,5359,10431,44],"tags":[],"class_list":["post-67361","post","type-post","status-publish","format-standard","has-post-thumbnail","hentry","category-cultura","category-la-cora-de-ilbira","category-madinat-ilbira","category-medina-elvira-2","category-noticias-de-hoy"],"jetpack_publicize_connections":[],"jetpack_featured_media_url":"https:\/\/i0.wp.com\/miradordeatarfe.es\/wp-content\/uploads\/2024\/02\/IMG-20240215-WA0032.jpg?fit=1600%2C720&ssl=1","jetpack_likes_enabled":true,"jetpack_sharing_enabled":true,"_links":{"self":[{"href":"https:\/\/miradordeatarfe.es\/index.php?rest_route=\/wp\/v2\/posts\/67361","targetHints":{"allow":["GET"]}}],"collection":[{"href":"https:\/\/miradordeatarfe.es\/index.php?rest_route=\/wp\/v2\/posts"}],"about":[{"href":"https:\/\/miradordeatarfe.es\/index.php?rest_route=\/wp\/v2\/types\/post"}],"author":[{"embeddable":true,"href":"https:\/\/miradordeatarfe.es\/index.php?rest_route=\/wp\/v2\/users\/1"}],"replies":[{"embeddable":true,"href":"https:\/\/miradordeatarfe.es\/index.php?rest_route=%2Fwp%2Fv2%2Fcomments&post=67361"}],"version-history":[{"count":3,"href":"https:\/\/miradordeatarfe.es\/index.php?rest_route=\/wp\/v2\/posts\/67361\/revisions"}],"predecessor-version":[{"id":67369,"href":"https:\/\/miradordeatarfe.es\/index.php?rest_route=\/wp\/v2\/posts\/67361\/revisions\/67369"}],"wp:featuredmedia":[{"embeddable":true,"href":"https:\/\/miradordeatarfe.es\/index.php?rest_route=\/wp\/v2\/media\/67363"}],"wp:attachment":[{"href":"https:\/\/miradordeatarfe.es\/index.php?rest_route=%2Fwp%2Fv2%2Fmedia&parent=67361"}],"wp:term":[{"taxonomy":"category","embeddable":true,"href":"https:\/\/miradordeatarfe.es\/index.php?rest_route=%2Fwp%2Fv2%2Fcategories&post=67361"},{"taxonomy":"post_tag","embeddable":true,"href":"https:\/\/miradordeatarfe.es\/index.php?rest_route=%2Fwp%2Fv2%2Ftags&post=67361"}],"curies":[{"name":"wp","href":"https:\/\/api.w.org\/{rel}","templated":true}]}}