{"id":67387,"date":"2024-02-25T08:24:41","date_gmt":"2024-02-25T07:24:41","guid":{"rendered":"https:\/\/miradordeatarfe.es\/?p=67387"},"modified":"2024-02-21T19:43:21","modified_gmt":"2024-02-21T18:43:21","slug":"los-nacimientos-cayeron-en-2023-hasta-alcanzar-un-nuevo-minimo-historico","status":"publish","type":"post","link":"https:\/\/miradordeatarfe.es\/?p=67387","title":{"rendered":"Los nacimientos cayeron en 2023 hasta alcanzar un nuevo m\u00ednimo hist\u00f3rico"},"content":{"rendered":"<h3 class=\"a_st\" style=\"text-align: justify;\">Los 322.075 reci\u00e9n nacidos del a\u00f1o pasado, una cifra a\u00fan provisional, suponen una bajada del 24% en los \u00faltimos 10 a\u00f1os<\/h3>\n<p style=\"text-align: justify;\">Cada vez <a href=\"https:\/\/elpais.com\/sociedad\/2022-08-17\/la-natalidad-en-espana-cae-en-el-primer-semestre-a-los-niveles-mas-bajos-de-la-serie-historica.html\" target=\"_blank\" rel=\"noopener\" data-link-track-dtm=\"\" data-mrf-link=\"https:\/\/elpais.com\/sociedad\/2022-08-17\/la-natalidad-en-espana-cae-en-el-primer-semestre-a-los-niveles-mas-bajos-de-la-serie-historica.html\">nacen menos ni\u00f1os en Espa\u00f1a<\/a>. Los 322.075 nacimientos de 2023 confirman una tendencia que se aprecia ya desde hace a\u00f1os. Los datos, publicados este mi\u00e9rcoles por el Instituto Nacional de Estad\u00edstica (INE), son a\u00fan provisionales, pero de confirmarse, supondr\u00edan el n\u00famero m\u00e1s bajo de nacimientos desde que comenz\u00f3 la serie hist\u00f3rica del INE, en 1941. Y ya ser\u00eda el quinto a\u00f1o consecutivo en el que se registra un m\u00ednimo. Las cifras de 2023 se pueden comparar plenamente con datos de la \u00faltima d\u00e9cada. La ca\u00edda es del 24,4% respecto a 2014, hace 10 a\u00f1os. Los dem\u00f3grafos apuntan a dos factores. El primero, pura inercia demogr\u00e1fica: hay generaciones menos numerosas en edad f\u00e9rtil. El segundo, la decisi\u00f3n de tener descendencia cada vez se retrasa m\u00e1s, y cada vez se tienen menos hijos.<\/p>\n<p style=\"text-align: justify;\"><a href=\"https:\/\/i0.wp.com\/miradordeatarfe.es\/wp-content\/uploads\/2024\/02\/Screenshot-2024-02-21-at-19-27-26-Los-nacimientos-cayeron-en-2023-hasta-alcanzar-un-nuevo-minimo-historico.png?ssl=1\"><img data-recalc-dims=\"1\" loading=\"lazy\" decoding=\"async\" class=\"alignnone wp-image-67388 size-full\" src=\"https:\/\/i0.wp.com\/miradordeatarfe.es\/wp-content\/uploads\/2024\/02\/Screenshot-2024-02-21-at-19-27-26-Los-nacimientos-cayeron-en-2023-hasta-alcanzar-un-nuevo-minimo-historico.png?resize=640%2C404&#038;ssl=1\" alt=\"\" width=\"640\" height=\"404\" srcset=\"https:\/\/i0.wp.com\/miradordeatarfe.es\/wp-content\/uploads\/2024\/02\/Screenshot-2024-02-21-at-19-27-26-Los-nacimientos-cayeron-en-2023-hasta-alcanzar-un-nuevo-minimo-historico.png?w=891&amp;ssl=1 891w, https:\/\/i0.wp.com\/miradordeatarfe.es\/wp-content\/uploads\/2024\/02\/Screenshot-2024-02-21-at-19-27-26-Los-nacimientos-cayeron-en-2023-hasta-alcanzar-un-nuevo-minimo-historico.png?resize=300%2C189&amp;ssl=1 300w, https:\/\/i0.wp.com\/miradordeatarfe.es\/wp-content\/uploads\/2024\/02\/Screenshot-2024-02-21-at-19-27-26-Los-nacimientos-cayeron-en-2023-hasta-alcanzar-un-nuevo-minimo-historico.png?resize=768%2C484&amp;ssl=1 768w, https:\/\/i0.wp.com\/miradordeatarfe.es\/wp-content\/uploads\/2024\/02\/Screenshot-2024-02-21-at-19-27-26-Los-nacimientos-cayeron-en-2023-hasta-alcanzar-un-nuevo-minimo-historico.png?resize=540%2C340&amp;ssl=1 540w\" sizes=\"auto, (max-width: 640px) 100vw, 640px\" \/><\/a><\/p>\n<p style=\"text-align: justify;\">Pero en 2023 no cay\u00f3 solo el n\u00famero de reci\u00e9n nacidos, tambi\u00e9n el de fallecimientos, hasta 435.331. Lo hizo en un 5,8% en comparaci\u00f3n con 2022. A pesar de este descenso de las muertes, el a\u00f1o pasado fue el s\u00e9ptimo consecutivo en el que en Espa\u00f1a se registraron m\u00e1s defunciones que nacimientos, una diferencia de 113.256 personas. Es lo que se conoce como saldo vegetativo negativo. Para el c\u00e1lculo de esa cifra se cruzan los datos provenientes de dos estad\u00edsticas, la Estimaci\u00f3n Mensual de Nacimientos y la Estimaci\u00f3n del N\u00famero de Defunciones Semanales. Ambas arrojan datos provisionales, pero permiten trazar la primera radiograf\u00eda de nacimientos y defunciones de 2023. Es decir, que el crecimiento que registra Espa\u00f1a en los \u00faltimos a\u00f1os se debe a la inmigraci\u00f3n: el a\u00f1o pasado, <a href=\"https:\/\/elpais.com\/sociedad\/2024-02-15\/el-28-de-los-hogares-en-espana-son-de-alguien-que-vive-solo.html\" target=\"_blank\" rel=\"noopener\" data-link-track-dtm=\"\" data-mrf-link=\"https:\/\/elpais.com\/sociedad\/2024-02-15\/el-28-de-los-hogares-en-espana-son-de-alguien-que-vive-solo.html\">la poblaci\u00f3n aument\u00f3 en m\u00e1s de medio mill\u00f3n de personas, <\/a>hasta rozar el m\u00e1ximo de 48,6 millones de habitantes.<\/p>\n<p style=\"text-align: justify;\"><a href=\"https:\/\/i0.wp.com\/miradordeatarfe.es\/wp-content\/uploads\/2024\/02\/Screenshot-2024-02-21-at-19-29-24-Los-nacimientos-cayeron-en-2023-hasta-alcanzar-un-nuevo-minimo-historico.png?ssl=1\"><img data-recalc-dims=\"1\" loading=\"lazy\" decoding=\"async\" class=\"alignnone wp-image-67389 size-full\" src=\"https:\/\/i0.wp.com\/miradordeatarfe.es\/wp-content\/uploads\/2024\/02\/Screenshot-2024-02-21-at-19-29-24-Los-nacimientos-cayeron-en-2023-hasta-alcanzar-un-nuevo-minimo-historico.png?resize=640%2C381&#038;ssl=1\" alt=\"\" width=\"640\" height=\"381\" srcset=\"https:\/\/i0.wp.com\/miradordeatarfe.es\/wp-content\/uploads\/2024\/02\/Screenshot-2024-02-21-at-19-29-24-Los-nacimientos-cayeron-en-2023-hasta-alcanzar-un-nuevo-minimo-historico.png?w=866&amp;ssl=1 866w, https:\/\/i0.wp.com\/miradordeatarfe.es\/wp-content\/uploads\/2024\/02\/Screenshot-2024-02-21-at-19-29-24-Los-nacimientos-cayeron-en-2023-hasta-alcanzar-un-nuevo-minimo-historico.png?resize=300%2C178&amp;ssl=1 300w, https:\/\/i0.wp.com\/miradordeatarfe.es\/wp-content\/uploads\/2024\/02\/Screenshot-2024-02-21-at-19-29-24-Los-nacimientos-cayeron-en-2023-hasta-alcanzar-un-nuevo-minimo-historico.png?resize=768%2C457&amp;ssl=1 768w\" sizes=\"auto, (max-width: 640px) 100vw, 640px\" \/><\/a><\/p>\n<p class=\"\" style=\"text-align: justify;\">El INE explica que las cifras publicadas este mi\u00e9rcoles tienen un car\u00e1cter provisional, beben de las inscripciones en los Registros Civiles informatizados y a\u00fan falta incluir en ellos a los nacidos de madres espa\u00f1olas en el extranjero. As\u00ed que es posible que experimenten alguna variaci\u00f3n en los pr\u00f3ximos meses. Pero la tendencia es clara. Los expertos aluden a una cuesti\u00f3n num\u00e9rica. \u201cEl hecho de tener una fecundidad muy bajita sostenida en el tiempo implica que las cohortes [de poblaci\u00f3n] son cada vez m\u00e1s peque\u00f1as, hay cada vez menos mujeres en edad reproductiva que puedan tener hijos\u201d, explica Teresa Mart\u00edn, investigadora del Consejo Superior de Investigaciones Cient\u00edficas (CSIC). \u201cAdem\u00e1s, tenemos una tasa de fecundidad [n\u00famero de hijos por mujer] entre las m\u00e1s bajas y las m\u00e1s tard\u00edas del mundo. Somos de los pa\u00edses con menos n\u00famero de hijos, y adem\u00e1s donde los tenemos m\u00e1s tarde. No es algo coyuntural y seguramente no es algo transitorio\u201d, apunta.<\/p>\n<h3 class=\"\" style=\"text-align: justify;\">Madres m\u00e1s mayores y con menos hijos<\/h3>\n<p class=\"\" style=\"text-align: justify;\">En Espa\u00f1a, en 1975 se ten\u00edan 2,77 hijos por mujer y, de media, el primer beb\u00e9 llegaba a los 25,25 a\u00f1os. En 2022, \u00faltimo a\u00f1o para el que existen estos datos, se tuvieron 1,16 hijos por mujer y el primero, de media, lleg\u00f3 a los 31,6. Resulta muy esclarecedor atender espec\u00edficamente a los datos de madres que ya han cumplido los 40. Seg\u00fan los datos del INE, uno de cada 10 reci\u00e9n nacidos el a\u00f1o pasado en Espa\u00f1a ten\u00eda una madre en esta franja de edad. Una cifra que ha crecido un 19,3% desde 2013. Y, si en 1994 los nacimientos de madres menores de 25 multiplicaban por m\u00e1s de nueve a los de mujeres que hab\u00edan cumplido ya los 40, ahora las cifras se han invertido. Es m\u00e1s numeroso el grupo de madres a\u00f1osas que el de menores de 25.<\/p>\n<p class=\"\" style=\"text-align: justify;\">\u201cLlevamos m\u00e1s de tres d\u00e9cadas con menos de 1,5 hijos por mujer\u201d, expone Mart\u00edn, que ve probable que, si se cumplen las expectativas, la cifra siga bajando. Pero ella, como todos los expertos consultados para este art\u00edculo, recalcan que la fecundidad no solo cae en Espa\u00f1a. \u201cNo somos una excepci\u00f3n. La mitad de los pa\u00edses del mundo est\u00e1n por debajo de lo que llamamos el nivel de reemplazo generacional, que ser\u00edan 2,1 hijos por mujer, y en 2050 ser\u00e1n dos tercios\u201d, sigue. \u201cLo que s\u00ed es an\u00f3malo en el caso espa\u00f1ol es que esa fecundidad sea especialmente baja, y esto lo diferencia de otros Estados del continente europeo, donde hay pa\u00edses en el centro, oeste o norte con una fecundidad moderadamente baja, y otros, en el este o el sur, donde es muy baja\u201d, prosigue.<\/p>\n<p class=\"\" style=\"text-align: justify;\">As\u00ed que cabe preguntarse por qu\u00e9 el pa\u00eds est\u00e1 a la cola de la Uni\u00f3n, donde el promedio en 2021 fue de 1,53 hijos por mujer. Dado que el n\u00famero de hijos deseados en Europa est\u00e1 en torno a dos, seg\u00fan Mart\u00edn, \u201cEspa\u00f1a es uno de los lugares en los que la brecha entre la fecundidad deseada y alcanzada es m\u00e1s grande\u201d y \u201cesto quiere decir que aqu\u00ed existen mayores obst\u00e1culos que dificultan los proyectos familiares\u201d.<\/p>\n<p class=\"\" style=\"text-align: justify;\">Albert Esteve, director del Centro de Estudios Demogr\u00e1ficos y profesor del departamento de Sociolog\u00eda en la Universidad Aut\u00f3noma de Barcelona, apunta al retraso en la edad a la que se tienen los hijos: \u201cViene por la necesidad que tienen las personas de formarse, de insertarse en el mercado laboral, de formar una pareja, de tener una vivienda estable. Las condiciones para ser madres y padres van variando en el tiempo, les ponemos nuestro nivel de exigencia. Muchas certezas para ser madres y padres se cosechan en edades m\u00e1s avanzadas\u201d.<\/p>\n<article class=\"a _g _g-lg _g-o\">\n<header class=\"a_e _g _g-xs\">\n<div class=\"a_e_txt _df\">\u00a0<\/div>\n<div class=\"a_e_m\">\u00a0<\/div>\n<\/header>\n<div class=\"a_md _g _g-xs \">\n<div class=\"a_md_txt\">\n<div class=\"w_rs\" data-dtm-region=\"articulo_botonera-social\">\n<div class=\"w_rs_i\" style=\"text-align: justify;\"><a id=\"btn_share_comments_2\" class=\"_btn rs_c\" href=\"https:\/\/elpais.com\/sociedad\/2024-02-21\/nueva-caida-de-los-nacimientos-en-2023-que-han-bajado-un-24-en-10-anos.html#comentarios\" data-share-track-dtm=\"eskup\" data-mrf-link=\"https:\/\/elpais.com\/sociedad\/2024-02-21\/nueva-caida-de-los-nacimientos-en-2023-que-han-bajado-un-24-en-10-anos.html\"> <\/a>Cada vez <a href=\"https:\/\/elpais.com\/sociedad\/2022-08-17\/la-natalidad-en-espana-cae-en-el-primer-semestre-a-los-niveles-mas-bajos-de-la-serie-historica.html\" target=\"_blank\" rel=\"noopener\" data-link-track-dtm=\"\" data-mrf-link=\"https:\/\/elpais.com\/sociedad\/2022-08-17\/la-natalidad-en-espana-cae-en-el-primer-semestre-a-los-niveles-mas-bajos-de-la-serie-historica.html\">nacen menos ni\u00f1os en Espa\u00f1a<\/a>. Los 322.075 nacimientos de 2023 confirman una tendencia que se aprecia ya desde hace a\u00f1os. Los datos, publicados este mi\u00e9rcoles por el Instituto Nacional de Estad\u00edstica (INE), son a\u00fan provisionales, pero de confirmarse, supondr\u00edan el n\u00famero m\u00e1s bajo de nacimientos desde que comenz\u00f3 la serie hist\u00f3rica del INE, en 1941. Y ya ser\u00eda el quinto a\u00f1o consecutivo en el que se registra un m\u00ednimo. Las cifras de 2023 se pueden comparar plenamente con datos de la \u00faltima d\u00e9cada. La ca\u00edda es del 24,4% respecto a 2014, hace 10 a\u00f1os. Los dem\u00f3grafos apuntan a dos factores. El primero, pura inercia demogr\u00e1fica: hay generaciones menos numerosas en edad f\u00e9rtil. El segundo, la decisi\u00f3n de tener descendencia cada vez se retrasa m\u00e1s, y cada vez se tienen menos hijos.<\/div>\n<\/div>\n<\/div>\n<\/div>\n<div class=\"a_c clearfix\" style=\"text-align: justify;\" data-dtm-region=\"articulo_cuerpo\">\n<div class=\"raw_html\">\n<div>\n<div class=\"width\">\n<div>\n<div id=\"datawrapper-vis-FAtKS\" class=\"datawrapper-script-embed vis-height-fit vis-d3-lines\">\u00a0<\/div>\n<\/div>\n<\/div>\n<\/div>\n<\/div>\n<p class=\"\">Pero en 2023 no cay\u00f3 solo el n\u00famero de reci\u00e9n nacidos, tambi\u00e9n el de fallecimientos, hasta 435.331. Lo hizo en un 5,8% en comparaci\u00f3n con 2022. A pesar de este descenso de las muertes, el a\u00f1o pasado fue el s\u00e9ptimo consecutivo en el que en Espa\u00f1a se registraron m\u00e1s defunciones que nacimientos, una diferencia de 113.256 personas. Es lo que se conoce como saldo vegetativo negativo. Para el c\u00e1lculo de esa cifra se cruzan los datos provenientes de dos estad\u00edsticas, la Estimaci\u00f3n Mensual de Nacimientos y la Estimaci\u00f3n del N\u00famero de Defunciones Semanales. Ambas arrojan datos provisionales, pero permiten trazar la primera radiograf\u00eda de nacimientos y defunciones de 2023. Es decir, que el crecimiento que registra Espa\u00f1a en los \u00faltimos a\u00f1os se debe a la inmigraci\u00f3n: el a\u00f1o pasado, <a href=\"https:\/\/elpais.com\/sociedad\/2024-02-15\/el-28-de-los-hogares-en-espana-son-de-alguien-que-vive-solo.html\" target=\"_blank\" rel=\"noopener\" data-link-track-dtm=\"\" data-mrf-link=\"https:\/\/elpais.com\/sociedad\/2024-02-15\/el-28-de-los-hogares-en-espana-son-de-alguien-que-vive-solo.html\">la poblaci\u00f3n aument\u00f3 en m\u00e1s de medio mill\u00f3n de personas, <\/a>hasta rozar el m\u00e1ximo de 48,6 millones de habitantes.<\/p>\n<p class=\"\">El INE explica que las cifras publicadas este mi\u00e9rcoles tienen un car\u00e1cter provisional, beben de las inscripciones en los Registros Civiles informatizados y a\u00fan falta incluir en ellos a los nacidos de madres espa\u00f1olas en el extranjero. As\u00ed que es posible que experimenten alguna variaci\u00f3n en los pr\u00f3ximos meses. Pero la tendencia es clara. Los expertos aluden a una cuesti\u00f3n num\u00e9rica. \u201cEl hecho de tener una fecundidad muy bajita sostenida en el tiempo implica que las cohortes [de poblaci\u00f3n] son cada vez m\u00e1s peque\u00f1as, hay cada vez menos mujeres en edad reproductiva que puedan tener hijos\u201d, explica Teresa Mart\u00edn, investigadora del Consejo Superior de Investigaciones Cient\u00edficas (CSIC). \u201cAdem\u00e1s, tenemos una tasa de fecundidad [n\u00famero de hijos por mujer] entre las m\u00e1s bajas y las m\u00e1s tard\u00edas del mundo. Somos de los pa\u00edses con menos n\u00famero de hijos, y adem\u00e1s donde los tenemos m\u00e1s tarde. No es algo coyuntural y seguramente no es algo transitorio\u201d, apunta.<\/p>\n<h3 class=\"\">Madres m\u00e1s mayores y con menos hijos<\/h3>\n<p class=\"\">En Espa\u00f1a, en 1975 se ten\u00edan 2,77 hijos por mujer y, de media, el primer beb\u00e9 llegaba a los 25,25 a\u00f1os. En 2022, \u00faltimo a\u00f1o para el que existen estos datos, se tuvieron 1,16 hijos por mujer y el primero, de media, lleg\u00f3 a los 31,6. Resulta muy esclarecedor atender espec\u00edficamente a los datos de madres que ya han cumplido los 40. Seg\u00fan los datos del INE, uno de cada 10 reci\u00e9n nacidos el a\u00f1o pasado en Espa\u00f1a ten\u00eda una madre en esta franja de edad. Una cifra que ha crecido un 19,3% desde 2013. Y, si en 1994 los nacimientos de madres menores de 25 multiplicaban por m\u00e1s de nueve a los de mujeres que hab\u00edan cumplido ya los 40, ahora las cifras se han invertido. Es m\u00e1s numeroso el grupo de madres a\u00f1osas que el de menores de 25.<\/p>\n<p class=\"\">\u201cLlevamos m\u00e1s de tres d\u00e9cadas con menos de 1,5 hijos por mujer\u201d, expone Mart\u00edn, que ve probable que, si se cumplen las expectativas, la cifra siga bajando. Pero ella, como todos los expertos consultados para este art\u00edculo, recalcan que la fecundidad no solo cae en Espa\u00f1a. \u201cNo somos una excepci\u00f3n. La mitad de los pa\u00edses del mundo est\u00e1n por debajo de lo que llamamos el nivel de reemplazo generacional, que ser\u00edan 2,1 hijos por mujer, y en 2050 ser\u00e1n dos tercios\u201d, sigue. \u201cLo que s\u00ed es an\u00f3malo en el caso espa\u00f1ol es que esa fecundidad sea especialmente baja, y esto lo diferencia de otros Estados del continente europeo, donde hay pa\u00edses en el centro, oeste o norte con una fecundidad moderadamente baja, y otros, en el este o el sur, donde es muy baja\u201d, prosigue.<\/p>\n<p class=\"\">As\u00ed que cabe preguntarse por qu\u00e9 el pa\u00eds est\u00e1 a la cola de la Uni\u00f3n, donde el promedio en 2021 fue de 1,53 hijos por mujer. Dado que el n\u00famero de hijos deseados en Europa est\u00e1 en torno a dos, seg\u00fan Mart\u00edn, \u201cEspa\u00f1a es uno de los lugares en los que la brecha entre la fecundidad deseada y alcanzada es m\u00e1s grande\u201d y \u201cesto quiere decir que aqu\u00ed existen mayores obst\u00e1culos que dificultan los proyectos familiares\u201d.<\/p>\n<p class=\"\">Albert Esteve, director del Centro de Estudios Demogr\u00e1ficos y profesor del departamento de Sociolog\u00eda en la Universidad Aut\u00f3noma de Barcelona, apunta al retraso en la edad a la que se tienen los hijos: \u201cViene por la necesidad que tienen las personas de formarse, de insertarse en el mercado laboral, de formar una pareja, de tener una vivienda estable. Las condiciones para ser madres y padres van variando en el tiempo, les ponemos nuestro nivel de exigencia. Muchas certezas para ser madres y padres se cosechan en edades m\u00e1s avanzadas\u201d.<\/p>\n<p class=\"\">As\u00ed que, seg\u00fan detalla Esteve, \u201chay factores que juegan en varias direcciones\u201d. \u201cUno, m\u00e1s cultural: el de cambio de expectativas, que hace que una persona a los 25 ya no se plantee ser padre ni madre. Pero a partir de una cierta edad los problemas suelen ser de otro orden: o no tienen pareja, o no se dan las condiciones econ\u00f3micas para llevar este proyecto a cabo, ni seguridad en el empleo, ni acceso a la vivienda. Y a partir de una cierta edad, sobre todo en las mujeres, ya es dif\u00edcil concebir\u201d. En 2022, los j\u00f3venes europeos abandonaron el hogar familiar, de media, a los 26,4 a\u00f1os. En Finlandia fueron los m\u00e1s adelantados, con 21,3 a\u00f1os; Espa\u00f1a es uno de los pa\u00edses a la cola, aqu\u00ed fue 10 a\u00f1os m\u00e1s tarde, a los 30,3.<\/p>\n<p class=\"\">\u201cLlevamos 30 a\u00f1os con una fecundidad muy baja, pero no se ha notado hasta ahora en el n\u00famero de nacimientos porque antes hab\u00eda generaciones m\u00e1s numerosas teniendo hijos\u201d, se\u00f1ala Esteve. Por ello, este experto cree probable que en los pr\u00f3ximos a\u00f1os sigan registr\u00e1ndose m\u00ednimos de nacimientos en la serie hist\u00f3rica del INE. El dem\u00f3grafo indica, adem\u00e1s, que a los factores ya citados se a\u00f1ade que se est\u00e1 alargando la juventud, la gente quiere realizarse de otras maneras antes de tener hijos. \u201cAl final, las decisiones reproductivas cada vez se concentran en una ventana de edad mucho m\u00e1s breve\u201d. Y el \u201cgran obst\u00e1culo\u201d es el primer hijo. Se va retrasando, a veces, hasta el punto en que biol\u00f3gicamente resulta imposible tenerlo. O, si se tiene, es muy dif\u00edcil llegar al segundo.<\/p>\n<\/div>\n<\/article>\n<p class=\"\" style=\"text-align: justify;\"><em>As\u00ed que Esteve reclama que en cuanto se tome la decisi\u00f3n de buscar el embarazo, se den las condiciones para que sea posible. Pide que se \u201cconcentren pol\u00edticas entre los 30 y los 40 a\u00f1os\u201d, edades a las que \u201cel Estado del bienestar\u201d considera que \u201cno hay que ayudar, pero que [las condiciones] son mucho m\u00e1s precarias de lo que se piensa, sobre todo a efectos de poder desarrollar un plan reproductivo\u201d. La clave es no desaprovechar \u201cel potencial reproductivo\u201d. El 45% de las mujeres de 50 o m\u00e1s a\u00f1os que no han tenido hijos habr\u00eda deseado tenerlos, seg\u00fan la Encuesta de Fecundidad de 2018.<\/em><\/p>\n<p class=\"\" style=\"text-align: justify;\">Diederik Boerdien, investigador del Centro de Estudios Demogr\u00e1ficos, a\u00f1ade adem\u00e1s otros factores que explican estas cifras. \u00c9l destaca la velocidad a la que ha cambiado la sociedad espa\u00f1ola en las \u00faltimas d\u00e9cadas si se compara con otros pa\u00edses. \u201cEn los a\u00f1os ochenta la fecundidad era todav\u00eda m\u00e1s alta que el promedio de la UE\u201d, se\u00f1ala. \u201cLas mujeres han ido ganando derechos, incorpor\u00e1ndose al mercado laboral, teniendo carreras\u201d, afirma. Se han ido formando cada vez m\u00e1s y esta ha sido una gran revoluci\u00f3n. Mientras, no ha habido suficientes avances en pol\u00edticas de conciliaci\u00f3n. A lo que se a\u00f1ade que los cuidados siguen siendo, sobre todo, responsabilidad de las mujeres. En Espa\u00f1a, la tasa de escolarizaci\u00f3n de cero a dos a\u00f1os es del 45,6% (incluyendo la p\u00fablica y la privada) y se sit\u00faa en una zona intermedia de pa\u00edses de la UE. Lejos a\u00fan de Pa\u00edses Bajos (69,4%), aunque tambi\u00e9n de Italia (26,4%). \u201cEn otros pa\u00edses no hay listas de espera, hay ayudas\u201d, prosigue Boerdien. Y menciona estudios cualitativos que apuntan a que ahora se decide de manera m\u00e1s consciente si tener hijos y cu\u00e1ndo tenerlos. \u201cSe da en todos los pa\u00edses [europeos], pero en Espa\u00f1a los sacrificios son mayores porque hay menos ayudas a la conciliaci\u00f3n, a la maternidad y a la paternidad y porque las condiciones econ\u00f3micas son peores\u201d.<\/p>\n<p style=\"text-align: justify;\"><a class=\"a_md_a_n\" title=\"Ver todas las noticias de Mar\u00eda Sosa Troya\" href=\"https:\/\/elpais.com\/autor\/maria-sosa-troya\/#?rel=author_top\" data-mrf-link=\"https:\/\/elpais.com\/autor\/maria-sosa-troya\/\"><strong>Mar\u00eda Sosa Troya<\/strong><\/a><\/p>\n<p style=\"text-align: justify;\">FOTO: Una mujer pasea con su beb\u00e9, en una foto de archivo tomada en Madrid.<span class=\"a_m_m\">Emilio Naranjo (EFE)<\/span><\/p>\n<p style=\"text-align: justify;\">https:\/\/elpais.com\/sociedad\/2024-02-21\/nueva-caida-de-los-nacimientos-en-2023-que-han-bajado-un-24-en-10-anos.html<\/p>\n<div class=\"a_md _g _g-xs \">\n<figure class=\"a_md_i a_m-h c_m--nf\" style=\"text-align: justify;\"><span class=\"a_m_w _db\">\u00a0<\/span><\/figure>\n<div class=\"a_md_txt\">\n<div class=\"a_md_a\" style=\"text-align: justify;\" data-dtm-region=\"articulo_firma\">\u00a0<\/div>\n<\/div>\n<\/div>\n","protected":false},"excerpt":{"rendered":"<p>Los 322.075 reci\u00e9n nacidos del a\u00f1o pasado, una cifra a\u00fan provisional, suponen una bajada del&#8230;<\/p>\n","protected":false},"author":1,"featured_media":67391,"comment_status":"closed","ping_status":"closed","sticky":false,"template":"","format":"standard","meta":{"_coblocks_attr":"","_coblocks_dimensions":"","_coblocks_responsive_height":"","_coblocks_accordion_ie_support":"","jetpack_post_was_ever_published":false,"_jetpack_newsletter_access":"","_jetpack_dont_email_post_to_subs":false,"_jetpack_newsletter_tier_id":0,"_jetpack_memberships_contains_paywalled_content":false,"_jetpack_memberships_contains_paid_content":false,"footnotes":"","jetpack_publicize_message":"","jetpack_publicize_feature_enabled":true,"jetpack_social_post_already_shared":true,"jetpack_social_options":{"image_generator_settings":{"template":"highway","default_image_id":0,"enabled":false},"version":2}},"categories":[1161,14,44],"tags":[],"class_list":["post-67387","post","type-post","status-publish","format-standard","has-post-thumbnail","hentry","category-ciudadania","category-feminismo","category-noticias-de-hoy"],"jetpack_publicize_connections":[],"jetpack_featured_media_url":"https:\/\/i0.wp.com\/miradordeatarfe.es\/wp-content\/uploads\/2024\/02\/Screenshot-2024-02-21-at-19-25-18-Los-nacimientos-cayeron-en-2023-hasta-alcanzar-un-nuevo-minimo-historico.png?fit=828%2C683&ssl=1","jetpack_likes_enabled":true,"jetpack_sharing_enabled":true,"_links":{"self":[{"href":"https:\/\/miradordeatarfe.es\/index.php?rest_route=\/wp\/v2\/posts\/67387","targetHints":{"allow":["GET"]}}],"collection":[{"href":"https:\/\/miradordeatarfe.es\/index.php?rest_route=\/wp\/v2\/posts"}],"about":[{"href":"https:\/\/miradordeatarfe.es\/index.php?rest_route=\/wp\/v2\/types\/post"}],"author":[{"embeddable":true,"href":"https:\/\/miradordeatarfe.es\/index.php?rest_route=\/wp\/v2\/users\/1"}],"replies":[{"embeddable":true,"href":"https:\/\/miradordeatarfe.es\/index.php?rest_route=%2Fwp%2Fv2%2Fcomments&post=67387"}],"version-history":[{"count":2,"href":"https:\/\/miradordeatarfe.es\/index.php?rest_route=\/wp\/v2\/posts\/67387\/revisions"}],"predecessor-version":[{"id":67393,"href":"https:\/\/miradordeatarfe.es\/index.php?rest_route=\/wp\/v2\/posts\/67387\/revisions\/67393"}],"wp:featuredmedia":[{"embeddable":true,"href":"https:\/\/miradordeatarfe.es\/index.php?rest_route=\/wp\/v2\/media\/67391"}],"wp:attachment":[{"href":"https:\/\/miradordeatarfe.es\/index.php?rest_route=%2Fwp%2Fv2%2Fmedia&parent=67387"}],"wp:term":[{"taxonomy":"category","embeddable":true,"href":"https:\/\/miradordeatarfe.es\/index.php?rest_route=%2Fwp%2Fv2%2Fcategories&post=67387"},{"taxonomy":"post_tag","embeddable":true,"href":"https:\/\/miradordeatarfe.es\/index.php?rest_route=%2Fwp%2Fv2%2Ftags&post=67387"}],"curies":[{"name":"wp","href":"https:\/\/api.w.org\/{rel}","templated":true}]}}