{"id":67404,"date":"2024-02-26T10:41:15","date_gmt":"2024-02-26T09:41:15","guid":{"rendered":"https:\/\/miradordeatarfe.es\/?p=67404"},"modified":"2024-02-26T13:02:10","modified_gmt":"2024-02-26T12:02:10","slug":"granada-margina-a-los-marginados-por-agustin-martinez","status":"publish","type":"post","link":"https:\/\/miradordeatarfe.es\/?p=67404","title":{"rendered":"\u00abGranada margina a los marginados\u00bb por Agust\u00edn Mart\u00ednez"},"content":{"rendered":"<div class=\"entry-body\">\n<h3 style=\"text-align: justify;\">Primero convertimos el barrio en una especie de ghetto, que para quien no lo sepa es un lugar donde es separado y aislado un grupo de personas que forma parte de alguna minor\u00eda, sea esta \u00e9tnica, social, racial o religiosa; despu\u00e9s le fabricamos su propia leyenda negra; m\u00e1s tarde le negamos el pan y la sal, en forma de empleos dignos; y siempre, siempre, hemos fingido buscarle soluciones desde mesas interinstitucionales y otras \u201cherramientas\u201d perfectamente in\u00fatiles.<\/h3>\n<p style=\"text-align: justify;\">Los granadinos y granadinas de la zona norte contin\u00faan asistiendo, entre resignados e impotentes, a toda una retah\u00edla de humillaciones y ninguneos, que si se estuvieran produciendo en cualquier otra zona de Granada, tendr\u00edan al personal en pie de guerra y a las instituciones temblando. No es el caso. Estamos hablando del \u201cm\u00e1s all\u00e1\u201d, como alguien bautiz\u00f3 a este barrio, definiendo con esas dos palabras, la forma con que las instituciones, pero tambi\u00e9n buena parte de la sociedad granadina, se relacionan con una zona de su ciudad. Porque no debemos ser hip\u00f3critas, el abandono de que es v\u00edctima Almanj\u00e1yar, solo es posible desde la indiferencia, cuando no la complicidad, de un buen porcentaje de la ciudadan\u00eda.<\/p>\n<p style=\"text-align: justify;\">Si la pen\u00faltima infamia de que est\u00e1 siendo v\u00edctima la zona norte, es la de vivir en la permanente zozobra de no saber cuando van, o no van a tener luz, con todo lo que ello supone para destrozar la normalidad cotidiana de centenares de familias, la \u00faltima, es la de dejar a parte del barrio sin transporte urbano, con el argumento de la comisi\u00f3n de \u201cactos vand\u00e1licos\u201d contra los autobuses, en el trayecto comprendido entre Joaquina Eguaras y Fray Juan S\u00e1nchez Cot\u00e1n, m\u00e1s exactamente en la calle Caser\u00eda del Cerro.<\/p>\n<p style=\"text-align: justify;\">El Ayuntamiento ya explic\u00f3 la semana pasada, la que calific\u00f3 de \u201csituaci\u00f3n l\u00edmite\u201d que se estaba viviendo y por consiguiente, el riesgo para usuarios y conductores. Tambi\u00e9n se inform\u00f3 de la decisi\u00f3n del comit\u00e9 de empresa de Rober, que hab\u00eda solicitado el corte del servicio de los autobuses que pasan por la zona Norte, desde las siete de la tarde, mientras no se solucione la situaci\u00f3n.<\/p>\n<p style=\"text-align: justify;\">Y este martes en comisi\u00f3n de Movilidad la concejal Ana Agudo confirmaba esa interrupci\u00f3n, que ser\u00e1 \u00abindefinida\u00bb mientras persista la situaci\u00f3n de inseguridad, por lo que ya se buscan soluciones y se ha convocado para el lunes la Junta Local de Seguridad, para reclamar un mayor apoyo a la Polic\u00eda Nacional y que se eviten estas situaciones, generadas por lanzamientos de piedras, entre otros, a los autobuses.<\/p>\n<p style=\"text-align: justify;\">El pleno extraordinario de trabajadores celebrado la pasada semana, acordaba la interrupci\u00f3n del servicio en las l\u00edneas 5, N5 y N6, ante la \u00abinaplicaci\u00f3n e ineficiencia del Protocolo de Vandalismo suscrito entre Transportes Rober y los trabajadores el 31 de octubre de 2018\u00bb.<\/p>\n<p style=\"text-align: justify;\">Es entendible que los trabajadores de ROBER hayan adoptado esta decisi\u00f3n para garantizar su seguridad, aunque lo hacen por el incumplimiento del Protocolo de Vandalismo en vigor, lo que saca los colores al Ayuntamiento y probablemente a la subdelegaci\u00f3n del Gobierno, instituciones de las que dependen las fuerzas policiales Lo que es de todo punto incomprensible, es que el Ayuntamiento de todos los granadinos, en lugar de garantizar la seguridad de sus autobuses urbanos y de sus conductores, baje los brazos como un boxeador noqueado y acepte que parte de sus ciudadanos se queden sin un derecho fundamental, como es el de la movilidad urbana.<\/p>\n<p style=\"text-align: justify;\">La incomprensible \u201cresignaci\u00f3n\u201d del Ayuntamiento de Granada, adem\u00e1s de que pueda ser ilegal, lanza un mensaje peligros\u00edsimo al personal, que no es otro que la Plaza del Carmen se rinde ante la ley del m\u00e1s fuerte y que si alguien convierte una parte de nuestra ciudad, en una especie de Chicago a\u00f1os 20, en lugar de combatir el delito, nuestro Ayuntamiento incurrir\u00e1 en una vergonzosa dejaci\u00f3n de funciones, abandonando a su suerte a buena parte de su ciudadan\u00eda.<\/p>\n<p style=\"text-align: justify;\">400 polic\u00edas operativos tiene el Ayuntamiento a su disposici\u00f3n para garantizar la seguridad, tambi\u00e9n en la zona norte. M\u00e1s que suficientes para escoltar a esos autobuses. Por cierto, esta ciudad se gasta m\u00e1s de tres millones de euros anuales en horas extras, de las cuales el noventa por ciento van destinadas a polic\u00eda local y bomberos, que a lo que parece solo son \u201cnecesarias\u201d para la Semana Santa y procesiones varias y no tanto para garantizar el derecho de la ciudadan\u00eda a poder moverse en sus autobuses urbanos por la ciudad.<\/p>\n<p style=\"text-align: justify;\">Las buenas gentes de Almanj\u00e1yar llevan d\u00e9cadas demostrando una paciencia que para s\u00ed la quisiera el santo Job, pero tengo para mi que m\u00e1s pronto que tarde, van a decir: \u00a1Basta ya! y cuando llegue ese d\u00eda, puede que estalle toda la indignaci\u00f3n acumulada en tantos a\u00f1os de agravios y desprecios. Cr\u00e9anme que no me gustar\u00eda asistir a ese tsunami.<\/p>\n<p>FOTO: Cableado el\u00e9ctrico en la zona Norte de Granada <wbr \/> \/ <span class=\"source\">P. H.<\/span><\/p>\n<p>https:\/\/www.lavozdegranada.info\/es-25-granada-margina-a-los-marginados\/<\/p>\n<\/div>\n","protected":false},"excerpt":{"rendered":"<p>Primero convertimos el barrio en una especie de ghetto, que para quien no lo sepa&#8230;<\/p>\n","protected":false},"author":1,"featured_media":67405,"comment_status":"closed","ping_status":"closed","sticky":false,"template":"","format":"standard","meta":{"_coblocks_attr":"","_coblocks_dimensions":"","_coblocks_responsive_height":"","_coblocks_accordion_ie_support":"","jetpack_post_was_ever_published":false,"_jetpack_newsletter_access":"","_jetpack_dont_email_post_to_subs":false,"_jetpack_newsletter_tier_id":0,"_jetpack_memberships_contains_paywalled_content":false,"_jetpack_memberships_contains_paid_content":false,"footnotes":"","jetpack_publicize_message":"","jetpack_publicize_feature_enabled":true,"jetpack_social_post_already_shared":false,"jetpack_social_options":{"image_generator_settings":{"template":"highway","default_image_id":0,"enabled":false},"version":2}},"categories":[10791,10781,44,7671],"tags":[],"class_list":["post-67404","post","type-post","status-publish","format-standard","has-post-thumbnail","hentry","category-andalucia","category-granada","category-noticias-de-hoy","category-politica"],"jetpack_publicize_connections":[],"jetpack_featured_media_url":"https:\/\/i0.wp.com\/miradordeatarfe.es\/wp-content\/uploads\/2024\/02\/Cableado-electrico-zona-Norte-Granada_1682841935_158103939_667x375.jpg?fit=667%2C375&ssl=1","jetpack_likes_enabled":true,"jetpack_sharing_enabled":true,"_links":{"self":[{"href":"https:\/\/miradordeatarfe.es\/index.php?rest_route=\/wp\/v2\/posts\/67404","targetHints":{"allow":["GET"]}}],"collection":[{"href":"https:\/\/miradordeatarfe.es\/index.php?rest_route=\/wp\/v2\/posts"}],"about":[{"href":"https:\/\/miradordeatarfe.es\/index.php?rest_route=\/wp\/v2\/types\/post"}],"author":[{"embeddable":true,"href":"https:\/\/miradordeatarfe.es\/index.php?rest_route=\/wp\/v2\/users\/1"}],"replies":[{"embeddable":true,"href":"https:\/\/miradordeatarfe.es\/index.php?rest_route=%2Fwp%2Fv2%2Fcomments&post=67404"}],"version-history":[{"count":1,"href":"https:\/\/miradordeatarfe.es\/index.php?rest_route=\/wp\/v2\/posts\/67404\/revisions"}],"predecessor-version":[{"id":67406,"href":"https:\/\/miradordeatarfe.es\/index.php?rest_route=\/wp\/v2\/posts\/67404\/revisions\/67406"}],"wp:featuredmedia":[{"embeddable":true,"href":"https:\/\/miradordeatarfe.es\/index.php?rest_route=\/wp\/v2\/media\/67405"}],"wp:attachment":[{"href":"https:\/\/miradordeatarfe.es\/index.php?rest_route=%2Fwp%2Fv2%2Fmedia&parent=67404"}],"wp:term":[{"taxonomy":"category","embeddable":true,"href":"https:\/\/miradordeatarfe.es\/index.php?rest_route=%2Fwp%2Fv2%2Fcategories&post=67404"},{"taxonomy":"post_tag","embeddable":true,"href":"https:\/\/miradordeatarfe.es\/index.php?rest_route=%2Fwp%2Fv2%2Ftags&post=67404"}],"curies":[{"name":"wp","href":"https:\/\/api.w.org\/{rel}","templated":true}]}}