{"id":67407,"date":"2024-02-23T11:32:24","date_gmt":"2024-02-23T10:32:24","guid":{"rendered":"https:\/\/miradordeatarfe.es\/?p=67407"},"modified":"2024-02-22T16:47:11","modified_gmt":"2024-02-22T15:47:11","slug":"atarfe-67-parcelas-pueden-ser-expropiadas-para-una-planta-fotovoltaica","status":"publish","type":"post","link":"https:\/\/miradordeatarfe.es\/?p=67407","title":{"rendered":"ATARFE: 67 PARCELAS PUEDEN SER EXPROPIADAS PARA UNA PLANTA FOTOVOLT\u00c1ICA"},"content":{"rendered":"<header class=\"pg-head\">\n<h1 class=\"pg-bkn-headline\" style=\"text-align: justify;\">Primeros pasos para expropiar los terrenos de la gran planta fotovoltaica de la Vega de Granada, con una extensi\u00f3n de 200 campos de f\u00fatbol<\/h1>\n<ul class=\"summary\" style=\"text-align: justify;\" data-mrf-recirculation=\"Art\u00edculo - Entradilla\">\n<li class=\"summary-entry fa-i\">\n<p>El proyecto, obra de la empresa Ence Energ\u00eda,\u00a0ocupar\u00e1 una superficie de 155 hect\u00e1reas,\u00a0generar\u00eda un total de 345.400 MW de electricidad cada a\u00f1o y tendr\u00eda una vida \u00fatil de 30 a\u00f1os<\/p>\n<\/li>\n<\/ul>\n<\/header>\n<div class=\"gd\">\n<div class=\"gdu u16 u-first\">\n<div class=\"pg-body\">\n<div class=\"mce-body \">\n<p class=\"mce\" style=\"text-align: justify;\">La gran planta fotovoltaica del \u00c1rea Metropolitana de Granada est\u00e1 cada vez m\u00e1s cerca de comenzar a construirse.\u00a0La<strong class=\"mce\">\u00a0Junta de Andaluc\u00eda<\/strong>\u00a0ha iniciado ya el proceso para\u00a0la\u00a0<strong class=\"mce\">declaraci\u00f3n de utilidad p\u00fablica<\/strong>\u00a0de los proyectos de<strong class=\"mce\">\u00a0planta Fotovoltaica Ence Atarfe I, II y III,<\/strong> que es el paso previo necesario para expropiar las parcelas\u00a0ubicadas en los t\u00e9rminos municipales de<strong class=\"mce\"> Las Gabias, Vegas del Genil, Santa Fe, Pinos Puente y ATARFE <\/strong>para crear la mayor planta generadora de energ\u00eda renovable y limpia cercana a la capital hasta la fecha.<\/p>\n<p class=\"mce\" style=\"text-align: justify;\">El proceso se encuentra actualmente en\u00a0<strong class=\"mce\">informaci\u00f3n p\u00fablica de sus tres fases<\/strong>, por lo cual los propietarios de los terrenos afectados, as\u00ed como otros interesados, pueden recurrir esta declaraci\u00f3n. Si las alegaciones finalmente son desestimadas, <strong class=\"mce\">se iniciar\u00e1 la expropiaci\u00f3n<\/strong> para la instalaci\u00f3n de los m\u00f3dulos solares. En total, ambos procesos afectan a 243 parcelas,\u00a0de las cuales<strong class=\"mce\"> 140 pertenecen al t\u00e9rmino municipal de Santa Fe<\/strong>, <strong>67 a ATARFE<\/strong>,\u00a0<strong>26 a Pinos Puente, 6 a Vegas del Genil y 4 a Las Gabias.<\/strong> Entre los propietarios hay empresas y particulares, e incluso carreteras o v\u00edas de comunicaci\u00f3n de titularidad p\u00fablica de los ayuntamientos o de la propia Junta.<\/p>\n<div class=\"adv-intext\" style=\"text-align: justify;\">\n<div id=\"sm-it-main-container-1708615957286\" class=\"sm-it-main-container\" data-it=\"ab31bd4b-8504-478f-9cb5-f24e2f71b994\" data-device=\"desktop\" data-index=\"0\">\n<div id=\"sm-reference-1708615957286\" class=\"sm-reference\">\u00a0<\/div>\n<\/div>\n<\/div>\n<div class=\"inset inset-L inset-L-w7\" style=\"text-align: justify;\">\n<figure class=\"image-holder\"><span class=\"obj-img hmedia\"> <a class=\"fn\" href=\"https:\/\/www.granadahoy.com\/2022\/08\/06\/provincia\/Ubicacion-fotovoltaica-Vega-Granada-diferenciadas_1708639542_163821014_1200x675.jpg\" rel=\"enclosure\" type=\"image\/jpeg\">Ubicaci\u00f3n de la megaplanta fotovoltaica en la Vega de Granada, con sus fases diferenciadas<\/a><\/span><\/p>\n<div id=\"standard_2\" class=\"st-placement standard_2 inImageRestricted\">\n<div class=\"st-adunit st-adunit-tagged st-reset st-show\">\n<div class=\"st-adunit-ad st-reset\">\u00a0<\/div>\n<\/div>\n<\/div>\n<p><span class=\"obj-img hmedia\"><img data-recalc-dims=\"1\" loading=\"lazy\" decoding=\"async\" class=\"photo lazy\" src=\"https:\/\/i0.wp.com\/www.granadahoy.com\/2022\/08\/06\/provincia\/Ubicacion-fotovoltaica-Vega-Granada-diferenciadas_1708639542_163821014_1200x675.jpg?resize=640%2C360&#038;ssl=1\" alt=\"Ubicaci\u00f3n de la megaplanta fotovoltaica en la Vega de Granada, con sus fases diferenciadas\" width=\"640\" height=\"360\" data-src=\"\/2022\/08\/06\/provincia\/Ubicacion-fotovoltaica-Vega-Granada-diferenciadas_1708639542_163821014_1200x675.jpg\" \/><\/span><figcaption>\n<div class=\"footnote\">\n<p class=\"text\">Ubicaci\u00f3n de la megaplanta fotovoltaica en la Vega de Granada, con sus fases diferenciadas <wbr \/> \/ <span class=\"source\">G. H.<\/span> <span class=\"author\">(Granada)<\/span><\/p>\n<\/div>\n<\/figcaption><\/figure>\n<\/div>\n<p class=\"mce\" style=\"text-align: justify;\">La declaraci\u00f3n de utilidad p\u00fablica har\u00e1 que los terrenos sean expropiados y que la empresa que va a construir los campos solares fotovoltaicos,\u00a0<strong class=\"mce\">Ence Energ\u00eda y Celulosa SA<\/strong>, los obtenga en concepto de beneficiaria.<\/p>\n<p class=\"mce\" style=\"text-align: justify;\">Esta zona de placas solares ocupar\u00e1 en total, sumando las tres fases en las que se divide,\u00a0una superficie de\u00a0<strong class=\"mce\">155 hect\u00e1reas, el equivalente a 200 campos de f\u00fatbol aproximadamente.<\/strong>\u00a0En esta extensi\u00f3n se podr\u00edan instalar alrededor de\u00a0<strong class=\"mce\">201.000 m\u00f3dulos de recepci\u00f3n de rayos solares<\/strong>. Supondr\u00e1 para la empresa una inversi\u00f3n de unos\u00a0<strong class=\"mce\">56 millones de euros<\/strong>\u00a0aproximadamente.<\/p>\n<p class=\"mce\" style=\"text-align: justify;\">La ubicaci\u00f3n en la que se instalar\u00e1n las placas solares <strong class=\"mce\">ser\u00e1 en el margen izquierdo de la carretera auton\u00f3mica A-385<\/strong>, que une Santa Fe con Otura, entre el Cortijo El \u00c1nima y la localidad de La Malah\u00e1, cercano a la Dehesa de Santa Fe. Esta zona es en su mayor\u00eda de cultivos, principalmente olivos. La v\u00eda es muy usada para acceder hasta Esc\u00fazar y su parque tecnol\u00f3gico por su conexi\u00f3n con la A-338.<\/p>\n<h2 class=\"mce\" style=\"text-align: justify;\">As\u00ed es el proyecto<\/h2>\n<p class=\"mce\" style=\"text-align: justify;\">Una vez las parcelas est\u00e9n en manos de la empresa y se pueda comenzar la construcci\u00f3n del parque, seg\u00fan los\u00a0<strong class=\"mce\">proyectos t\u00e9cnicos adaptados<\/strong>\u00a0de cada semi proyecto consultados por\u00a0<em class=\"mce\"><strong class=\"mce\">Granada Hoy,<\/strong><\/em>\u00a0se espera que la\u00a0<strong class=\"mce\">construcci\u00f3n de cada parcela<\/strong>\u00a0se prolongue durante\u00a0<strong class=\"mce\">aproximadamente ocho meses<\/strong>, con trabajos autorizados para su levantamiento solo en horario diurno, es decir, se trabajar\u00eda en periodos de 08:00 a 22:00 horas. Adem\u00e1s, se espera que el\u00a0<strong class=\"mce\">grado de contaminaci\u00f3n sea \u00abnulo o de nivel m\u00ednimo\u00bb<\/strong>\u00a0durante la construcci\u00f3n.<\/p>\n<p class=\"mce\" style=\"text-align: justify;\"><strong class=\"mce\">Cada uno de estos tres \u00absemi proyectos\u00bb no supera los 50 MW<\/strong>, acogi\u00e9ndose el plan de construcci\u00f3n a la tramitaci\u00f3n a trav\u00e9s de la Junta de Andaluc\u00eda y no a trav\u00e9s del Ministerio de Transici\u00f3n Ecol\u00f3gica.<\/p>\n<h3 class=\"mce\" style=\"text-align: justify;\">El nombre de \u00abAtarfe\u00bb lo recibe porque, aunque esta localidad se ve s\u00f3lo ligeramente afectada por la instalaci\u00f3n de las placas solares, la evacuaci\u00f3n de la electricidad generada se har\u00e1 por la<strong class=\"mce\">\u00a0subestaci\u00f3n de Red El\u00e9ctrica Espa\u00f1ola de 220 KW<\/strong>\u00a0que se situar\u00e1 en \u00e9l.<\/h3>\n<div class=\"inset inset-R inset-R-w7\" style=\"text-align: justify;\">\n<figure class=\"image-holder\"><span class=\"obj-img hmedia\"><img data-recalc-dims=\"1\" loading=\"lazy\" decoding=\"async\" class=\"photo lazy\" src=\"https:\/\/i0.wp.com\/www.granadahoy.com\/2024\/02\/21\/area_metropolitana\/personas-montan-bicicleta-planta-fotovoltaica_1877822496_204721497_1200x675.jpg?resize=640%2C360&#038;ssl=1\" alt=\"Dos personas montan en bicicleta junto a una planta fotovoltaica\" width=\"640\" height=\"360\" data-src=\"\/2024\/02\/21\/area_metropolitana\/personas-montan-bicicleta-planta-fotovoltaica_1877822496_204721497_1200x675.jpg\" \/><\/span><figcaption>\n<div class=\"footnote\">\n<p class=\"text\">Dos personas montan en bicicleta junto a una planta fotovoltaica <wbr \/> \/ <span class=\"source\">G. H.<\/span><\/p>\n<\/div>\n<\/figcaption><\/figure>\n<\/div>\n<p class=\"mce\" style=\"text-align: justify;\">Las tres plantas solares\u00a0<strong class=\"mce\">generar\u00edan un total de 345.400 MW de electricidad cada a\u00f1o<\/strong>, que pasar\u00edan a la red espa\u00f1ola de energ\u00eda y ser\u00eda distribuida por todas las subestaciones del pa\u00eds, lo que har\u00eda <strong class=\"mce\">reducir la dependencia de los combustibles f\u00f3siles<\/strong>\u00a0para la creaci\u00f3n de corriente. El proyecto tendr\u00e1 una\u00a0<strong class=\"mce\">vida \u00fatil primaria de 30 a\u00f1os<\/strong>, pudiendo ampliarse este tiempo si se considera que la instalaci\u00f3n todav\u00eda ofrece las garant\u00edas para seguir generando electricidad.<\/p>\n<p class=\"mce\" style=\"text-align: justify;\">Dos de las tres plantas de Ence tienen en total 49,9 MW cada una, mientras que la tercera llega hasta los 33 MW.\u00a0<strong class=\"mce\">Pese a estar divididas, estar\u00e1n unidas en el mismo terrero y suman pr\u00e1cticamente 133 MW de potencia instalada en conjunto.<\/strong><\/p>\n<h2 class=\"mce\" style=\"text-align: justify;\">Cercan\u00eda a espacios protegidos<\/h2>\n<p class=\"mce\" style=\"text-align: justify;\">Estas plantas fotovoltaicas se han dise\u00f1ado, seg\u00fan la documentaci\u00f3n consultada por\u00a0este peri\u00f3dico, de tal forma que\u00a0<strong class=\"mce\">no afecta a las zonas marcadas como zonas lugar de importancia comunitaria<\/strong>\u00a0\u00abencontr\u00e1ndose todas las infraestructuras proyectadas m\u00e1s all\u00e1 de los l\u00edmites de la misma\u00bb. Por lo tanto, l<strong class=\"mce\">as zonas ambientales<\/strong> protegidas de la<strong class=\"mce\"> Dehesa de Santa Fe<\/strong> (Rempa) y de la <strong class=\"mce\">Zona Especial de Conservaci\u00f3n de La Malah\u00e1<\/strong>\u00a0(Red Natura 2000), muy cercanas a la zona en la que se construir\u00e1 todo el valle solar, no se ver\u00edan afectadas seg\u00fan el proyecto.<\/p>\n<p class=\"mce\" style=\"text-align: justify;\">La ubicaci\u00f3n de la planta fotovoltaica\u00a0<a class=\"mce\" href=\"https:\/\/www.granadahoy.com\/provincia\/Asociaciones-medioambientales-alegaciones-construccion-planta-fotovoltaica-Vega-Granada_0_1708029389.html\" rel=\"dofollow\"><strong class=\"mce\">levant\u00f3 las cr\u00edticas de varias asociaciones de conservaci\u00f3n y medio ambiente<\/strong><\/a>, que incluso anunciaron que presentar\u00edan alegaciones al proyecto de construcci\u00f3n. Estas impugnaciones y las diferentes subsanaciones o desestimaciones que se han tenido que ir haciendo hasta ahora <strong class=\"mce\">han ido retrasando la declaraci\u00f3n de utilidad p\u00fablica desde agosto del 2022 hasta el 11 de diciembre de 2023<\/strong>, d\u00eda en el que la Junta de Andaluc\u00eda autorizaba oficialmente las tres fases. Dos meses despu\u00e9s, el 6 de febrero, se publicaba el primero de los dos anuncios de utilidad p\u00fablica. El segundo y el tercero han llegado en los \u00faltimos d\u00edas.<\/p>\n<h3 class=\"mce\" style=\"text-align: justify;\">Las organizaciones medioambientales Ecologistas en Acci\u00f3n\u2013Granada, Somos Vega y Somos Tierra Agrupaci\u00f3n de Voluntariado Ambiental de Santa Fe valoraron en su momento como <strong class=\"mce\">\u00abmuy deficiente\u00bb la Evaluaci\u00f3n de Impacto Ambiental<\/strong>, en lo que respecta a flora y fauna, afectando negativamente a los ecosistemas de las mismas debido a la instalaci\u00f3n de grandes placas solares en la zona.<\/h3>\n<div class=\"inset inset-L inset-L-w7\" style=\"text-align: justify;\">\n<figure class=\"image-holder\"><span class=\"obj-img hmedia\"><img data-recalc-dims=\"1\" loading=\"lazy\" decoding=\"async\" class=\"photo lazy\" src=\"https:\/\/i0.wp.com\/www.granadahoy.com\/2024\/02\/21\/area_metropolitana\/Trabajos-revision-planta-fotovoltaica_1877822497_204721545_1200x675.jpg?resize=640%2C360&#038;ssl=1\" alt=\"Trabajos de revisi\u00f3n de una planta fotovolt\u00e1ica\" width=\"640\" height=\"360\" data-src=\"\/2024\/02\/21\/area_metropolitana\/Trabajos-revision-planta-fotovoltaica_1877822497_204721545_1200x675.jpg\" \/><\/span><figcaption>\n<div class=\"footnote\">\n<p class=\"text\">Trabajos de revisi\u00f3n de una planta fotovolt\u00e1ica <wbr \/> \/ <span class=\"source\">G. H.<\/span><\/p>\n<\/div>\n<\/figcaption><\/figure>\n<\/div>\n<p class=\"mce\" style=\"text-align: justify;\">Adem\u00e1s, argumentaron que el proyecto de macro planta voltaica se hab\u00eda dividido en tres con la intenci\u00f3n de<strong class=\"mce\">\u00a0eludir las evaluaciones ambientales de proyectos de m\u00e1s de 50 MW,<\/strong>\u00a0\u00abcuya competencia corresponde a la Administraci\u00f3n Central,\u00a0<strong class=\"mce\">al tiempo que se esquiva la evaluaci\u00f3n del impacto global del proyecto\u00bb.<\/strong><\/p>\n<p class=\"mce\" style=\"text-align: justify;\">La gran planta fotovoltaica\u00a0<strong class=\"mce\">se plantea en su mayor\u00eda en zonas no urbanizables con vocaci\u00f3n agr\u00edcola<\/strong>. De hecho, la mayor parte del proyecto se ejecutar\u00e1 sobre parcelas de olivares de secano, de regad\u00edo o tierras de labranza, lo que seg\u00fan los ecologistas conllevar\u00e1 la eliminaci\u00f3n total de esa vegetaci\u00f3n actual. \u00abEso supondr\u00eda<strong class=\"mce\">\u00a0cancelar una gran zona de liberaci\u00f3n de carbono\u00a0<\/strong>capturado por esos \u00e1rboles, as\u00ed como la cantidad de di\u00f3xido de carbono\u00a0que dejar\u00eda de secuestrarse por la eliminaci\u00f3n de esta vegetaci\u00f3n, adem\u00e1s de la p\u00e9rdida de la actividad agr\u00edcola y puestos de trabajo vinculados a ella\u00bb.<\/p>\n<p class=\"mce\" style=\"text-align: justify;\">Esta previsto que los trabajadores extraigan y retiren de las zonas designadas todos los \u00e1rboles, tocones, plantas, maleza, broza, maderas ca\u00eddas, escombros, basura o cualquier otro material indeseable seg\u00fan el proyecto. \u00abEstos trabajos<strong class=\"mce\">\u00a0ser\u00e1n los m\u00ednimos posibles y los suficientes para la correcta construcci\u00f3n del proyecto\u00bb<\/strong>, se informa en el proyecto t\u00e9cnico adaptado. Adem\u00e1s, los materiales que se obtengan de la excavaci\u00f3n en el lugar de construcci\u00f3n<strong class=\"mce\">\u00a0se utilizar\u00e1n en la formaci\u00f3n de rellenos y dem\u00e1s usos fijados en el proyecto<\/strong>, y se transportar\u00e1n directamente a las zonas previstas en el mismo.<\/p>\n<p class=\"mce\" style=\"text-align: justify;\">Una de las preocupaciones de los grupos ecologistas son las posibles\u00a0<strong class=\"mce\">afecciones de la hidrodin\u00e1mica del arroyo Salado<\/strong>. El proyecto asegura que la planta fotovoltaica contar\u00e1 con un sistema de drenaje para la evacuaci\u00f3n de aguas pluviales que constar\u00e1 de cunetas en la zona perimetral y en los viales de la misma. Sin embargo, las asociaciones ambientales consideran que\u00a0<strong class=\"mce\">este drenaje generar\u00e1 una r\u00e1pida incorporaci\u00f3n de las aguas pluviales y sedimentos al curso del arroyo<\/strong>, con afectaci\u00f3n directa a dicho cauce, as\u00ed como a las poblaciones y zonas aguas abajo.<\/p>\n<h2 class=\"mce\" style=\"text-align: justify;\">Vegas del Genil cobrar\u00e1 el IBI a Ence<\/h2>\n<p class=\"mce\" style=\"text-align: justify;\">El Ayuntamiento de Vegas del Genil, uno de los cinco municipios afectados por la construcci\u00f3n de estas plantas fotovoltaicas, ha buscado sacarle r\u00e9dito econ\u00f3mico a la instalaci\u00f3n de la planta fotovoltaica. En el pleno ordinario de agosto de 2022 se aprob\u00f3 la\u00a0<strong class=\"mce\">modificaci\u00f3n de sus ordenanzas fiscales<\/strong>\u00a0para que Ence Energ\u00eda, la promotora del proyecto,\u00a0<strong class=\"mce\">pague el Impuesto de Bienes e Inmuebles<\/strong>\u00a0(conocido como IBI) por alojar en la localidad sus instalaciones.<\/p>\n<p class=\"mce\" style=\"text-align: justify;\">Con la aprobaci\u00f3n de esta modificaci\u00f3n se buscaba\u00a0<strong class=\"mce\">cubrir un \u00abvac\u00edo legal\u00bb<\/strong>, seg\u00fan argument\u00f3 el entonces alcalde, Leandro Mart\u00edn (PSOE), \u00aby que as\u00ed las empresas de energ\u00edas renovables que se instalen en la localidad dejen un beneficio econ\u00f3mico\u00bb.<\/p>\n<p class=\"mce\" style=\"text-align: justify;\">El expediente fue\u00a0<strong class=\"mce\">aprobado con los votos a favor del PSOE, PP, Ciudadanos y la formaci\u00f3n &#8216;Ahora Vegas&#8217;, y la abstenci\u00f3n de los concejales de Vox<\/strong>.\u00a0<\/p>\n<div class=\"inset inset-R inset-R-w7\" style=\"text-align: justify;\">\n<figure class=\"image-holder\"><span class=\"obj-img hmedia\"> <img data-recalc-dims=\"1\" loading=\"lazy\" decoding=\"async\" class=\"photo lazy\" src=\"https:\/\/i0.wp.com\/www.granadahoy.com\/2022\/08\/06\/provincia\/Imagen-archivo-gran-planta-fotovoltaica_1708639407_163814491_1200x675.jpg?resize=640%2C360&#038;ssl=1\" alt=\"Imagen de archivo de una gran planta fotovoltaica\" width=\"640\" height=\"360\" data-src=\"\/2022\/08\/06\/provincia\/Imagen-archivo-gran-planta-fotovoltaica_1708639407_163814491_1200x675.jpg\" \/><\/span><figcaption>\n<div class=\"footnote\">\n<p class=\"text\">Imagen de archivo de una gran planta fotovoltaica <wbr \/> \/ <span class=\"source\">G. H.<\/span> <span class=\"author\">(Granada)<\/span><\/p>\n<\/div>\n<\/figcaption><\/figure>\n<\/div>\n<p class=\"mce\" style=\"text-align: justify;\">Entre los argumentos a favor de la aprobaci\u00f3n de este expediente, los grupos municipales confirmaron que\u00a0<strong class=\"mce\">la construcci\u00f3n y la explotaci\u00f3n<\/strong>\u00a0de esta infraestructura\u00a0<strong class=\"mce\">no generar\u00e1 pr\u00e1cticamente beneficio econ\u00f3mico para Vegas del Genil<\/strong>, puesto que, salvo el posible establecimiento de personal para el mantenimiento de la misma, toda la actividad econ\u00f3mica pasar\u00e1 por la empresa y la localidad no sacar\u00e1 r\u00e9dito.<\/p>\n<p class=\"mce\" style=\"text-align: justify;\">Tanto PSOE como PP, as\u00ed como Cs y &#8216;Ahora Vegas&#8217;, valoraron como una oportunidad de obtener beneficio esa modificaci\u00f3n, de tal forma una industria cada vez m\u00e1s pujante reciba un cargo por usar los terrenos locales. \u00abEstaremos abiertos a que cualquier iniciativa encuentre una alfombra para poder llegar, pero es verdad que\u00a0<strong class=\"mce\">ten\u00edan un agravio comparativo<\/strong>, y es que todos los empresarios tributan en Vegas del Genil, y al no estar regulado este tipo de actividades,\u00a0<strong class=\"mce\">se iban a ahorrar pagar impuestos<\/strong>. Adaptamos la ordenanza para que contribuyan con el municipio\u00bb, comentaba el regidor, un hecho que desde el PP y Cs ve\u00edan como\u00a0<strong class=\"mce\">\u00abmuy conveniente, coherente y correcto\u00bb<\/strong>.<\/p>\n<p class=\"mce\" style=\"text-align: justify;\">La \u00fanica formaci\u00f3n que se mostr\u00f3 ligeramente esc\u00e9ptica con esta modificaci\u00f3n de la ordenanza fue Vox, que se abstuvo. Pese a \u00abentender\u00bb que por agravio comparativo se vaya a comenzar a gravar la actividad, quiso\u00a0<strong class=\"mce\">\u00abromper\u00a0una lanza por el empresario<\/strong>\u00a0que invierte en placas solares\u00bb.<\/p>\n<h2><strong><small><\/small><small class=\"author\"><a class=\"lnk\" href=\"https:\/\/www.granadahoy.com\/salvador_rodriguez\/\">Salva Rodr\u00edguez<\/a><\/small><\/strong><\/h2>\n<p>FOTO: Imagen de archivo de dos operarios montando una placa solar dentro de una planta fotovoltaica <wbr \/> \/ <span class=\"source\">G. H<\/span><\/p>\n<p>https:\/\/www.granadahoy.com\/area_metropolitana\/expropiar-terrenos-planta-fotovoltaica-Vega-Granada-campos_0_1877812547.html#<\/p>\n<\/div>\n<\/div>\n<\/div>\n<\/div>\n","protected":false},"excerpt":{"rendered":"<p>Primeros pasos para expropiar los terrenos de la gran planta fotovoltaica de la Vega de&#8230;<\/p>\n","protected":false},"author":1,"featured_media":67408,"comment_status":"closed","ping_status":"closed","sticky":false,"template":"","format":"standard","meta":{"_coblocks_attr":"","_coblocks_dimensions":"","_coblocks_responsive_height":"","_coblocks_accordion_ie_support":"","jetpack_post_was_ever_published":false,"_jetpack_newsletter_access":"","_jetpack_dont_email_post_to_subs":false,"_jetpack_newsletter_tier_id":0,"_jetpack_memberships_contains_paywalled_content":false,"_jetpack_memberships_contains_paid_content":false,"footnotes":"","jetpack_publicize_message":"","jetpack_publicize_feature_enabled":true,"jetpack_social_post_already_shared":true,"jetpack_social_options":{"image_generator_settings":{"template":"highway","default_image_id":0,"enabled":false},"version":2}},"categories":[2,7725,186,44],"tags":[],"class_list":["post-67407","post","type-post","status-publish","format-standard","has-post-thumbnail","hentry","category-atarfe","category-atarfe-sostenible","category-instituciones","category-noticias-de-hoy"],"jetpack_publicize_connections":[],"jetpack_featured_media_url":"https:\/\/i0.wp.com\/miradordeatarfe.es\/wp-content\/uploads\/2024\/02\/Imagen-archivo-operarios-montando-fotovoltaica_1877822487_204720996_667x375.jpg?fit=667%2C375&ssl=1","jetpack_likes_enabled":true,"jetpack_sharing_enabled":true,"_links":{"self":[{"href":"https:\/\/miradordeatarfe.es\/index.php?rest_route=\/wp\/v2\/posts\/67407","targetHints":{"allow":["GET"]}}],"collection":[{"href":"https:\/\/miradordeatarfe.es\/index.php?rest_route=\/wp\/v2\/posts"}],"about":[{"href":"https:\/\/miradordeatarfe.es\/index.php?rest_route=\/wp\/v2\/types\/post"}],"author":[{"embeddable":true,"href":"https:\/\/miradordeatarfe.es\/index.php?rest_route=\/wp\/v2\/users\/1"}],"replies":[{"embeddable":true,"href":"https:\/\/miradordeatarfe.es\/index.php?rest_route=%2Fwp%2Fv2%2Fcomments&post=67407"}],"version-history":[{"count":1,"href":"https:\/\/miradordeatarfe.es\/index.php?rest_route=\/wp\/v2\/posts\/67407\/revisions"}],"predecessor-version":[{"id":67409,"href":"https:\/\/miradordeatarfe.es\/index.php?rest_route=\/wp\/v2\/posts\/67407\/revisions\/67409"}],"wp:featuredmedia":[{"embeddable":true,"href":"https:\/\/miradordeatarfe.es\/index.php?rest_route=\/wp\/v2\/media\/67408"}],"wp:attachment":[{"href":"https:\/\/miradordeatarfe.es\/index.php?rest_route=%2Fwp%2Fv2%2Fmedia&parent=67407"}],"wp:term":[{"taxonomy":"category","embeddable":true,"href":"https:\/\/miradordeatarfe.es\/index.php?rest_route=%2Fwp%2Fv2%2Fcategories&post=67407"},{"taxonomy":"post_tag","embeddable":true,"href":"https:\/\/miradordeatarfe.es\/index.php?rest_route=%2Fwp%2Fv2%2Ftags&post=67407"}],"curies":[{"name":"wp","href":"https:\/\/api.w.org\/{rel}","templated":true}]}}