{"id":67412,"date":"2024-02-23T13:58:42","date_gmt":"2024-02-23T12:58:42","guid":{"rendered":"https:\/\/miradordeatarfe.es\/?p=67412"},"modified":"2024-02-23T14:01:49","modified_gmt":"2024-02-23T13:01:49","slug":"atarfe-informacion-deportiva-y-cultural","status":"publish","type":"post","link":"https:\/\/miradordeatarfe.es\/?p=67412","title":{"rendered":"ATARFE INFORMACI\u00d3N DEPORTIVA Y CULTURAL"},"content":{"rendered":"<div class=\"xdj266r x11i5rnm xat24cr x1mh8g0r x1vvkbs x126k92a\">\n<h2 dir=\"auto\">No te pierdas el espect\u00e1culo de LA NUBA GHARNATI!\u00a0<\/h2>\n<div dir=\"auto\"><strong> Este viernes 23 de Febrero, a las 19:30, el Centro C\u00edvico de Atarfe<\/strong> ser\u00e1 el escenario de un concierto que promete transportarte a un mundo de encanto y tradici\u00f3n.<\/div>\n<\/div>\n<div class=\"x11i5rnm xat24cr x1mh8g0r x1vvkbs xtlvy1s x126k92a\">\n<div dir=\"auto\">\u00a0<\/div>\n<div dir=\"auto\">\u00a0\u00a1Entradas gratuitas hasta completar aforo!\u00a0<\/div>\n<div dir=\"auto\">\u00a0<\/div>\n<\/div>\n<div class=\"x11i5rnm xat24cr x1mh8g0r x1vvkbs xtlvy1s x126k92a\">\n<div dir=\"auto\">Descubre la magia de este quinteto, donde artistas de diversas procedencias y formaciones musicales unen sus talentos para interpretar un repertorio de m\u00fasica \u00e1rabe andalus\u00ed y oriental. Una experiencia \u00fanica donde la m\u00fasica y la danza antiguas convergen de manera sublime.<\/div>\n<\/div>\n<div class=\"x11i5rnm xat24cr x1mh8g0r x1vvkbs xtlvy1s x126k92a\">\n<div dir=\"auto\">Cada nota es un puente al pasado, evocando los sonidos que resonaron en las calles de Al-Andalus, en los caminos trazados por los peregrinos moz\u00e1rabes. \u00a1D\u00e9jate envolver por esta atm\u00f3sfera m\u00e1gica y viaja a trav\u00e9s de la historia!<\/div>\n<\/div>\n<div dir=\"auto\"><span class=\"x3nfvp2 x1j61x8r x1fcty0u xdj266r xhhsvwb xat24cr xgzva0m xxymvpz xlup9mm x1kky2od\">\u00a0<\/span><\/div>\n<div class=\"x11i5rnm xat24cr x1mh8g0r x1vvkbs xtlvy1s x126k92a\">\n<div dir=\"auto\">\u00a1Te esperamos para vivir una velada inolvidable!\u00a0<\/div>\n<div dir=\"auto\">\u00a0<\/div>\n<\/div>\n<div dir=\"auto\"><a href=\"https:\/\/i0.wp.com\/miradordeatarfe.es\/wp-content\/uploads\/2024\/02\/424918665_772756968235154_1576313271000237419_n.jpg?ssl=1\"><img data-recalc-dims=\"1\" loading=\"lazy\" decoding=\"async\" class=\"alignnone wp-image-67413 size-full\" src=\"https:\/\/i0.wp.com\/miradordeatarfe.es\/wp-content\/uploads\/2024\/02\/424918665_772756968235154_1576313271000237419_n.jpg?resize=526%2C526&#038;ssl=1\" alt=\"\" width=\"526\" height=\"526\" srcset=\"https:\/\/i0.wp.com\/miradordeatarfe.es\/wp-content\/uploads\/2024\/02\/424918665_772756968235154_1576313271000237419_n.jpg?w=526&amp;ssl=1 526w, https:\/\/i0.wp.com\/miradordeatarfe.es\/wp-content\/uploads\/2024\/02\/424918665_772756968235154_1576313271000237419_n.jpg?resize=300%2C300&amp;ssl=1 300w, https:\/\/i0.wp.com\/miradordeatarfe.es\/wp-content\/uploads\/2024\/02\/424918665_772756968235154_1576313271000237419_n.jpg?resize=150%2C150&amp;ssl=1 150w\" sizes=\"auto, (max-width: 526px) 100vw, 526px\" \/><\/a><\/div>\n<div dir=\"auto\">\u00a0<\/div>\n<div dir=\"auto\">\n<div class=\"xdj266r x11i5rnm xat24cr x1mh8g0r x1vvkbs x126k92a\">\n<div dir=\"auto\">\u00a0<\/div>\n<h2 dir=\"auto\">La Escuela de Teatro Ciudad Atarfe presenta: \u00abMA\u00d1ANA ME CASO\u00bb<\/h2>\n<div dir=\"auto\">Ma\u00f1ana\u00a0 S\u00e1bado tienes una cita en el Teatro!\u00a0<\/div>\n<\/div>\n<div class=\"x11i5rnm xat24cr x1mh8g0r x1vvkbs xtlvy1s x126k92a\">\n<div dir=\"auto\">\u00a0<\/div>\n<\/div>\n<div class=\"x11i5rnm xat24cr x1mh8g0r x1vvkbs xtlvy1s x126k92a\">\n<div dir=\"auto\">Un hotel modesto en un pueblo aburrido en una noche para descansar es lo \u00fanico que necesita Dionisio, que se casa al d\u00eda siguiente. Pero nada m\u00e1s lejos. Esa noche se albergan las chicas del Cabaret de Buby Burton y probablemente no lo dejen dormir. Una comedia absurda y divertida donde las situaciones m\u00e1s locas se hacen realidad.<\/div>\n<div dir=\"auto\">\u00a0<\/div>\n<\/div>\n<div class=\"x11i5rnm xat24cr x1mh8g0r x1vvkbs xtlvy1s x126k92a\">\n<div dir=\"auto\"><span class=\"x3nfvp2 x1j61x8r x1fcty0u xdj266r xhhsvwb xat24cr xgzva0m xxymvpz xlup9mm x1kky2od\"><img loading=\"lazy\" decoding=\"async\" class=\"xz74otr\" src=\"https:\/\/static.xx.fbcdn.net\/images\/emoji.php\/v9\/t7e\/1\/16\/1f4c5.png\" alt=\"&#x1f4c5;\" width=\"16\" height=\"16\" \/><\/span> Fecha: S\u00c1BADO <strong>24 de Febrero<\/strong><\/div>\n<div dir=\"auto\"><span class=\"x3nfvp2 x1j61x8r x1fcty0u xdj266r xhhsvwb xat24cr xgzva0m xxymvpz xlup9mm x1kky2od\"><img loading=\"lazy\" decoding=\"async\" class=\"xz74otr\" src=\"https:\/\/static.xx.fbcdn.net\/images\/emoji.php\/v9\/tca\/1\/16\/1f563.png\" alt=\"&#x1f563;\" width=\"16\" height=\"16\" \/><\/span> Hora: <strong>19:00<\/strong><\/div>\n<div dir=\"auto\"><span class=\"x3nfvp2 x1j61x8r x1fcty0u xdj266r xhhsvwb xat24cr xgzva0m xxymvpz xlup9mm x1kky2od\"><img loading=\"lazy\" decoding=\"async\" class=\"xz74otr\" src=\"https:\/\/static.xx.fbcdn.net\/images\/emoji.php\/v9\/t89\/1\/16\/1f3db.png\" alt=\"&#x1f3db;&#xfe0f;\" width=\"16\" height=\"16\" \/><\/span> Lugar: <strong>Centro Cultural Medina Elvira<\/strong><\/div>\n<div dir=\"auto\"><span class=\"x3nfvp2 x1j61x8r x1fcty0u xdj266r xhhsvwb xat24cr xgzva0m xxymvpz xlup9mm x1kky2od\"><img loading=\"lazy\" decoding=\"async\" class=\"xz74otr\" src=\"https:\/\/static.xx.fbcdn.net\/images\/emoji.php\/v9\/t5c\/1\/16\/1f4b2.png\" alt=\"&#x1f4b2;\" width=\"16\" height=\"16\" \/><\/span> Entrada\/Donativo:<strong> 3\u20ac<\/strong><\/div>\n<\/div>\n<div class=\"x11i5rnm xat24cr x1mh8g0r x1vvkbs xtlvy1s x126k92a\">\n<div dir=\"auto\">No te pierdas esta obra que promete muy buenos momentos. \u00a1Invita a tus amigos y familiares a una velada teatral inolvidable!<\/div>\n<div dir=\"auto\">\u00a0<\/div>\n<\/div>\n<div dir=\"auto\"><a href=\"https:\/\/i0.wp.com\/miradordeatarfe.es\/wp-content\/uploads\/2024\/02\/me-caso.jpg?ssl=1\"><img data-recalc-dims=\"1\" loading=\"lazy\" decoding=\"async\" class=\"alignnone wp-image-67414 size-full\" src=\"https:\/\/i0.wp.com\/miradordeatarfe.es\/wp-content\/uploads\/2024\/02\/me-caso.jpg?resize=526%2C526&#038;ssl=1\" alt=\"\" width=\"526\" height=\"526\" srcset=\"https:\/\/i0.wp.com\/miradordeatarfe.es\/wp-content\/uploads\/2024\/02\/me-caso.jpg?w=526&amp;ssl=1 526w, https:\/\/i0.wp.com\/miradordeatarfe.es\/wp-content\/uploads\/2024\/02\/me-caso.jpg?resize=300%2C300&amp;ssl=1 300w, https:\/\/i0.wp.com\/miradordeatarfe.es\/wp-content\/uploads\/2024\/02\/me-caso.jpg?resize=150%2C150&amp;ssl=1 150w\" sizes=\"auto, (max-width: 526px) 100vw, 526px\" \/><\/a><\/div>\n<\/div>\n<div dir=\"auto\">\u00a0<\/div>\n<div dir=\"auto\">\n<div class=\"xdj266r x11i5rnm xat24cr x1mh8g0r x1vvkbs x126k92a\">\n<div dir=\"auto\">\u00a0<\/div>\n<h2 dir=\"auto\">\u00a1Corte del tr\u00e1fico con motivo de la Carrera por Monta\u00f1a Sierra Elvira el s\u00e1bado por la ma\u00f1ana!<\/h2>\n<\/div>\n<div class=\"x11i5rnm xat24cr x1mh8g0r x1vvkbs xtlvy1s x126k92a\">\n<div dir=\"auto\">Ma\u00f1ana, <strong>S\u00e1bado 24 de Febrero<\/strong>, <strong>entre las 9:00 y las 12:00,<\/strong> con motivo de la celebraci\u00f3n de la Carrera por Monta\u00f1a Sierra Elvira, se producir\u00e1n cortes intermitentes en algunas de nuestras calles:<\/div>\n<\/div>\n<div class=\"x11i5rnm xat24cr x1mh8g0r x1vvkbs xtlvy1s x126k92a\">\n<div dir=\"auto\">\u00a0<\/div>\n<div dir=\"auto\">\u00a0<strong>Avenida de Caparacena<\/strong><\/div>\n<div dir=\"auto\">\u00a0<\/div>\n<div dir=\"auto\"><strong>\u00a0Calle Ram\u00f3n y Cajal<\/strong><\/div>\n<div dir=\"auto\">\u00a0<\/div>\n<div dir=\"auto\"><strong>\u00a0Avenida de Andaluc\u00eda (Calle Real)<\/strong><\/div>\n<div dir=\"auto\">\u00a0<\/div>\n<\/div>\n<div class=\"x11i5rnm xat24cr x1mh8g0r x1vvkbs xtlvy1s x126k92a\">\n<div dir=\"auto\">\u00a1Aprovecha estos cortes para sumarte a animar a los\/as corredores\/as!<\/div>\n<\/div>\n<div class=\"x11i5rnm xat24cr x1mh8g0r x1vvkbs xtlvy1s x126k92a\">\n<div dir=\"auto\">\u00a1No te pierdas este espect\u00e1culo deportivo que llenar\u00e1 de vida nuestras calles!<\/div>\n<\/div>\n<div dir=\"auto\">\u00a0<\/div>\n<div dir=\"auto\"><span class=\"x3nfvp2 x1j61x8r x1fcty0u xdj266r xhhsvwb xat24cr xgzva0m xxymvpz xlup9mm x1kky2od\"><a href=\"https:\/\/i0.wp.com\/miradordeatarfe.es\/wp-content\/uploads\/2024\/02\/carrera.jpg?ssl=1\"><img data-recalc-dims=\"1\" loading=\"lazy\" decoding=\"async\" class=\"alignnone wp-image-67415 size-full\" src=\"https:\/\/i0.wp.com\/miradordeatarfe.es\/wp-content\/uploads\/2024\/02\/carrera.jpg?resize=526%2C526&#038;ssl=1\" alt=\"\" width=\"526\" height=\"526\" srcset=\"https:\/\/i0.wp.com\/miradordeatarfe.es\/wp-content\/uploads\/2024\/02\/carrera.jpg?w=526&amp;ssl=1 526w, https:\/\/i0.wp.com\/miradordeatarfe.es\/wp-content\/uploads\/2024\/02\/carrera.jpg?resize=300%2C300&amp;ssl=1 300w, https:\/\/i0.wp.com\/miradordeatarfe.es\/wp-content\/uploads\/2024\/02\/carrera.jpg?resize=150%2C150&amp;ssl=1 150w\" sizes=\"auto, (max-width: 526px) 100vw, 526px\" \/><\/a><\/span><\/div>\n<\/div>\n<div dir=\"auto\">\u00a0<\/div>\n<h1 dir=\"auto\">ACTIVIDADES EN EL PABELL\u00d3N Y CAMPO DE FUTBOL<\/h1>\n<div dir=\"auto\">\u00a0<\/div>\n<div dir=\"auto\"><a href=\"https:\/\/i0.wp.com\/miradordeatarfe.es\/wp-content\/uploads\/2024\/02\/planing.jpg?ssl=1\"><img data-recalc-dims=\"1\" loading=\"lazy\" decoding=\"async\" class=\"alignnone wp-image-67418 size-full\" src=\"https:\/\/i0.wp.com\/miradordeatarfe.es\/wp-content\/uploads\/2024\/02\/planing.jpg?resize=640%2C640&#038;ssl=1\" alt=\"\" width=\"640\" height=\"640\" srcset=\"https:\/\/i0.wp.com\/miradordeatarfe.es\/wp-content\/uploads\/2024\/02\/planing.jpg?w=1600&amp;ssl=1 1600w, https:\/\/i0.wp.com\/miradordeatarfe.es\/wp-content\/uploads\/2024\/02\/planing.jpg?resize=300%2C300&amp;ssl=1 300w, https:\/\/i0.wp.com\/miradordeatarfe.es\/wp-content\/uploads\/2024\/02\/planing.jpg?resize=1024%2C1024&amp;ssl=1 1024w, https:\/\/i0.wp.com\/miradordeatarfe.es\/wp-content\/uploads\/2024\/02\/planing.jpg?resize=150%2C150&amp;ssl=1 150w, https:\/\/i0.wp.com\/miradordeatarfe.es\/wp-content\/uploads\/2024\/02\/planing.jpg?resize=768%2C768&amp;ssl=1 768w, https:\/\/i0.wp.com\/miradordeatarfe.es\/wp-content\/uploads\/2024\/02\/planing.jpg?resize=1536%2C1536&amp;ssl=1 1536w, https:\/\/i0.wp.com\/miradordeatarfe.es\/wp-content\/uploads\/2024\/02\/planing.jpg?resize=1320%2C1320&amp;ssl=1 1320w\" sizes=\"auto, (max-width: 640px) 100vw, 640px\" \/><\/a><\/div>\n","protected":false},"excerpt":{"rendered":"<p>No te pierdas el espect\u00e1culo de LA NUBA GHARNATI!\u00a0 Este viernes 23 de Febrero, a&#8230;<\/p>\n","protected":false},"author":1,"featured_media":66690,"comment_status":"closed","ping_status":"closed","sticky":false,"template":"","format":"standard","meta":{"_coblocks_attr":"","_coblocks_dimensions":"","_coblocks_responsive_height":"","_coblocks_accordion_ie_support":"","jetpack_post_was_ever_published":false,"_jetpack_newsletter_access":"","_jetpack_dont_email_post_to_subs":false,"_jetpack_newsletter_tier_id":0,"_jetpack_memberships_contains_paywalled_content":false,"_jetpack_memberships_contains_paid_content":false,"footnotes":"","jetpack_publicize_message":"","jetpack_publicize_feature_enabled":true,"jetpack_social_post_already_shared":true,"jetpack_social_options":{"image_generator_settings":{"template":"highway","default_image_id":0,"enabled":false},"version":2}},"categories":[2,6916,186,44],"tags":[],"class_list":["post-67412","post","type-post","status-publish","format-standard","has-post-thumbnail","hentry","category-atarfe","category-ayuntamiento-de-atarfe","category-instituciones","category-noticias-de-hoy"],"jetpack_publicize_connections":[],"jetpack_featured_media_url":"https:\/\/i0.wp.com\/miradordeatarfe.es\/wp-content\/uploads\/2024\/01\/Captura20231113174500-1.png?fit=344%2C197&ssl=1","jetpack_likes_enabled":true,"jetpack_sharing_enabled":true,"_links":{"self":[{"href":"https:\/\/miradordeatarfe.es\/index.php?rest_route=\/wp\/v2\/posts\/67412","targetHints":{"allow":["GET"]}}],"collection":[{"href":"https:\/\/miradordeatarfe.es\/index.php?rest_route=\/wp\/v2\/posts"}],"about":[{"href":"https:\/\/miradordeatarfe.es\/index.php?rest_route=\/wp\/v2\/types\/post"}],"author":[{"embeddable":true,"href":"https:\/\/miradordeatarfe.es\/index.php?rest_route=\/wp\/v2\/users\/1"}],"replies":[{"embeddable":true,"href":"https:\/\/miradordeatarfe.es\/index.php?rest_route=%2Fwp%2Fv2%2Fcomments&post=67412"}],"version-history":[{"count":3,"href":"https:\/\/miradordeatarfe.es\/index.php?rest_route=\/wp\/v2\/posts\/67412\/revisions"}],"predecessor-version":[{"id":67420,"href":"https:\/\/miradordeatarfe.es\/index.php?rest_route=\/wp\/v2\/posts\/67412\/revisions\/67420"}],"wp:featuredmedia":[{"embeddable":true,"href":"https:\/\/miradordeatarfe.es\/index.php?rest_route=\/wp\/v2\/media\/66690"}],"wp:attachment":[{"href":"https:\/\/miradordeatarfe.es\/index.php?rest_route=%2Fwp%2Fv2%2Fmedia&parent=67412"}],"wp:term":[{"taxonomy":"category","embeddable":true,"href":"https:\/\/miradordeatarfe.es\/index.php?rest_route=%2Fwp%2Fv2%2Fcategories&post=67412"},{"taxonomy":"post_tag","embeddable":true,"href":"https:\/\/miradordeatarfe.es\/index.php?rest_route=%2Fwp%2Fv2%2Ftags&post=67412"}],"curies":[{"name":"wp","href":"https:\/\/api.w.org\/{rel}","templated":true}]}}