{"id":67421,"date":"2024-02-25T11:01:53","date_gmt":"2024-02-25T10:01:53","guid":{"rendered":"https:\/\/miradordeatarfe.es\/?p=67421"},"modified":"2024-02-23T17:07:05","modified_gmt":"2024-02-23T16:07:05","slug":"67421","status":"publish","type":"post","link":"https:\/\/miradordeatarfe.es\/?p=67421","title":{"rendered":"\u201cEl enigma hist\u00f3rico de Atarfe: la Ermita de los Tres Juanes\u201d por Jos\u00e9 Enrique Granados"},"content":{"rendered":"<div class=\"\" dir=\"auto\">\n<div id=\":r2g:\" class=\"x1iorvi4 x1pi30zi x1l90r2v x1swvt13\" data-ad-comet-preview=\"message\" data-ad-preview=\"message\">\n<div class=\"x78zum5 xdt5ytf xz62fqu x16ldp7u\">\n<div class=\"xu06os2 x1ok221b\">\n<div class=\"xdj266r x11i5rnm xat24cr x1mh8g0r x1vvkbs x126k92a\">\n<div dir=\"auto\" style=\"text-align: justify;\">El pasado 29 de enero el diario ABC, dedicaba un art\u00edculo a la Ermita de los Tres Juanes. Titulado \u201cEl enigma hist\u00f3rico de Atarfe: la Ermita de los Tres Juanes\u201d su autor, Guillermo Ortega, pone en valor este entorno tan atarfe\u00f1o. Lo transcribimos a continuaci\u00f3n:<\/div>\n<div dir=\"auto\" style=\"text-align: justify;\">\u00a0<\/div>\n<\/div>\n<div class=\"x11i5rnm xat24cr x1mh8g0r x1vvkbs xtlvy1s x126k92a\" style=\"text-align: justify;\">\n<div dir=\"auto\"><em>\u201cSe erigi\u00f3 en los a\u00f1os cuarenta del siglo XX por iniciativa de un particular pero nunca se sacraliz\u00f3 porque las obras no llegaron a terminarse\u201d.<\/em><\/div>\n<div dir=\"auto\">\u00a0<\/div>\n<div dir=\"auto\"><em>\u201cAhora alberga actividades sociales y culturales y es adem\u00e1s un mirador impresionante desde el que se ven Granada y m\u00e1s de cuarenta pueblos de los alrededores.\u201d<\/em><\/div>\n<div dir=\"auto\">\u00a0<\/div>\n<div dir=\"auto\"><em>&lt;&lt;En lo alto del Cerro del Castillejo, en Atarfe (Granada) hay una ermita que llaman de Los Tres Juanes pero donde nunca se ha oficiado una misa, ni se ha celebrado un bautizo o una primera comuni\u00f3n. Se levant\u00f3 en la d\u00e9cada de los cuarenta del siglo XX pero nunca ha sido sacralizada.<\/em><\/div>\n<\/div>\n<div class=\"x11i5rnm xat24cr x1mh8g0r x1vvkbs xtlvy1s x126k92a\" style=\"text-align: justify;\">\n<div dir=\"auto\"><em>\u00bfPor qu\u00e9?<\/em><\/div>\n<\/div>\n<div class=\"x11i5rnm xat24cr x1mh8g0r x1vvkbs xtlvy1s x126k92a\" style=\"text-align: justify;\">\n<div dir=\"auto\"><em>Ser\u00eda f\u00e1cil responder diciendo que nunca se termin\u00f3, pero eso es incompleto y adem\u00e1s elude una historia que merece ser contada, algo que se encarga de hacer un Jos\u00e9 Enrique Granados, bi\u00f3logo pero tambi\u00e9n experto en la historia de este pueblo granadino, de m\u00e1s de 18.000 habitantes y que dista s\u00f3lo diez kil\u00f3metros de la capital.<\/em><\/div>\n<\/div>\n<div class=\"x11i5rnm xat24cr x1mh8g0r x1vvkbs xtlvy1s x126k92a\" style=\"text-align: justify;\">\n<div dir=\"auto\"><em>La idea de levantar all\u00ed una ermita se le ocurri\u00f3 a Juan de Dios S\u00e1nchez Pino, un hombre muy religioso que en 1932 hab\u00eda encontrado -no en Atarfe, lejos de all\u00ed- una imagen de San Juan Bautista datada en el siglo XVI. Seis a\u00f1os m\u00e1s tarde, sus cuatro hijos jugaban en su casa con algo que no sab\u00edan que era una granada y que de pronto estall\u00f3&#8230; sin causarles apenas da\u00f1o.<\/em><\/div>\n<\/div>\n<div class=\"x11i5rnm xat24cr x1mh8g0r x1vvkbs xtlvy1s x126k92a\" style=\"text-align: justify;\">\n<div dir=\"auto\"><em>El padre entendi\u00f3 que hab\u00eda sido una intervenci\u00f3n divina, se puso en contacto con Enrique S\u00e1nchez Molinero, que era el propietario de una porci\u00f3n del cerro, y le convenci\u00f3 para que all\u00ed se edificara un templo en honor de San Juan Bautista y tambi\u00e9n de San Juan Evangelista y de San Juan de Dios.<\/em><\/div>\n<\/div>\n<div class=\"x11i5rnm xat24cr x1mh8g0r x1vvkbs xtlvy1s x126k92a\" style=\"text-align: justify;\">\n<div dir=\"auto\"><em>Juan de Dios S\u00e1nchez no era un hombre acaudalado, as\u00ed que para que la obra avanzara empez\u00f3 a pedir dinero a los atarfe\u00f1os y a cualquiera que estuviera interesado. Hubo bastantes donaciones, pero la ermita no termin\u00f3 de hacerse por falta de fondos. Qued\u00f3 abandonada.<\/em><\/div>\n<\/div>\n<div class=\"x11i5rnm xat24cr x1mh8g0r x1vvkbs xtlvy1s x126k92a\" style=\"text-align: justify;\">\n<div dir=\"auto\"><em>Entre los a\u00f1os cincuenta y finales de los ochenta, su \u00fanico uso fue servir de almac\u00e9n para que unos canteros que trabajaban en la zona almacenaran all\u00ed dentro algunos materiales. Languideci\u00f3 la ermita hasta que, en 1990, el Ayuntamiento de Atarfe se hizo cargo del terreno y consigui\u00f3 del Ministerio de Trabajo una subvenci\u00f3n de 300 millones de pesetas para que los alumnos de una escuela taller local rehabilitaran el edificio.<\/em><\/div>\n<\/div>\n<div class=\"x11i5rnm xat24cr x1mh8g0r x1vvkbs xtlvy1s x126k92a\" style=\"text-align: justify;\">\n<div dir=\"auto\"><em>Pocos a\u00f1os despu\u00e9s, la ermita qued\u00f3 renovada y con el aspecto que ahora presenta, rodeada de un bonito jard\u00edn, pero nunca se ha usado con fines religiosos. Cuentan algunas lenguas en Atarfe que quisieron que se encargara de ella un cura que muri\u00f3 antes de poder emprender la tarea y que luego pas\u00f3 lo mismo con un segundo sacerdote al que encomendaron la misma labor, con lo que ya no quedaron m\u00e1s ganas de buscar a un tercero. Pero ni Jos\u00e9 Enrique Granados ni Francisco Rodr\u00edguez Quesada, exalcalde de Atarfe y persona vinculada con el \u00e1mbito religioso, dan cr\u00e9dito a lo que seguramente no son m\u00e1s que bulos.<\/em><\/div>\n<\/div>\n<div class=\"x11i5rnm xat24cr x1mh8g0r x1vvkbs xtlvy1s x126k92a\" style=\"text-align: justify;\">\n<div dir=\"auto\"><em>\u00abS\u00ed me parece recordar que hubo un decreto para sacralizar el recinto pero al final aquello no se hizo\u00bb, afirma Rodr\u00edguez Quesada, mientras que Granados cree que, si no ha tenido ya un uso como templo, es \u00abdif\u00edcil\u00bb que lo tenga en el futuro. Sin embargo, no por eso se le va a dejar de llamar ermita. \u00abCreo que ya es algo que est\u00e1 en nuestro acervo cultural\u00bb, opina.<\/em><\/div>\n<div dir=\"auto\"><em>Dentro hay, eso s\u00ed, un museo de usos y costumbres de Atarfe, que incluye elementos geol\u00f3gicos encontrados en la zona, fotos antiguas y tambi\u00e9n de aves que han pasado por el lugar&#8230; Tambi\u00e9n se hacen all\u00ed actividades culturales y bodas civiles y en las proximidades hubo una granja de avestruces.<\/em><\/div>\n<\/div>\n<div class=\"x11i5rnm xat24cr x1mh8g0r x1vvkbs xtlvy1s x126k92a\" style=\"text-align: justify;\">\n<div dir=\"auto\"><em>Persiste, y es uno de los imanes del cerro, un restaurante de esos donde se puede quedar bastante bien. Se llama, para no despistar a nadie, Ermita de los Tres Juanes. Y un poco m\u00e1s abajo, en el lago, se organiza todos los veranos uno de los festivales de jazz m\u00e1s afamados de la provincia.<\/em><\/div>\n<\/div>\n<div class=\"x11i5rnm xat24cr x1mh8g0r x1vvkbs xtlvy1s x126k92a\">\n<div dir=\"auto\" style=\"text-align: justify;\"><em>Al margen de enigmas y presuntos milagros, es un hecho incontestable que el cerro donde est\u00e1 la ermita es un lugar digno de ver. Desde all\u00ed se divisa no s\u00f3lo Granada sino tambi\u00e9n otros cuarenta pueblos, aproximadamente. Es un mirador fant\u00e1stico donde pasar las horas muertas distinguiendo cu\u00e1l es cu\u00e1l.&gt;&gt;<\/em><\/div>\n<div dir=\"auto\" style=\"text-align: justify;\">\u00a0<\/div>\n<\/div>\n<div class=\"x11i5rnm xat24cr x1mh8g0r x1vvkbs xtlvy1s x126k92a\">\n<div dir=\"auto\">Hay que rese\u00f1ar varios errores en el texto:<\/div>\n<div dir=\"auto\">1. La poblaci\u00f3n atarfe\u00f1a a 1 de enero de 2024 es de 20.600 habitantes.<\/div>\n<div dir=\"auto\">2. El segundo apellido de Juan de Dios S\u00e1nchez es Pozo, no Pino.<\/div>\n<div dir=\"auto\">3. Quien don\u00f3 la finca \u201cLa Joya de San Felipe\u201d donde se edific\u00f3 la ermita era Enrique Jim\u00e9nez Molinero, no S\u00e1nchez Molinero.<\/div>\n<div dir=\"auto\">4. En las proximidades, nunca hubo una granja de avestruces.<\/div>\n<div dir=\"auto\">\u00a0<\/div>\n<\/div>\n<div class=\"x11i5rnm xat24cr x1mh8g0r x1vvkbs xtlvy1s x126k92a\">\n<div dir=\"auto\"><a href=\"https:\/\/www.facebook.com\/profile.php?id=100063704734064\">Gacetilla y curiosidades elvirenses<\/a><\/div>\n<\/div>\n<\/div>\n<\/div>\n<\/div>\n<\/div>\n<div id=\":r2h:\" class=\"x1n2onr6\">\n<div class=\"x1n2onr6\">\u00a0<\/div>\n<\/div>\n<div>\n<div id=\":r2h:\" class=\"x1n2onr6\">\n<div class=\"x6ikm8r x10wlt62\">\u00a0<\/div>\n<\/div>\n<\/div>\n<div>\n<div class=\"x168nmei x13lgxp2 x30kzoy x9jhf4c x6ikm8r x10wlt62\" data-visualcompletion=\"ignore-dynamic\">\n<div>\n<div>\n<div>\n<div class=\"x1n2onr6\">\n<div class=\"x6s0dn4 xi81zsa x78zum5 x6prxxf x13a6bvl xvq8zen xdj266r xktsk01 xat24cr x1d52u69 x889kno x4uap5 x1a8lsjc xkhd6sd xdppsyt\">\n<div class=\"x6s0dn4 x78zum5 x1iyjqo2 x6ikm8r x10wlt62\">\u00a0<\/div>\n<\/div>\n<\/div>\n<\/div>\n<\/div>\n<\/div>\n<\/div>\n<\/div>\n<div class=\"\">\u00a0<\/div>\n","protected":false},"excerpt":{"rendered":"<p>El pasado 29 de enero el diario ABC, dedicaba un art\u00edculo a la Ermita de&#8230;<\/p>\n","protected":false},"author":1,"featured_media":67422,"comment_status":"closed","ping_status":"closed","sticky":false,"template":"","format":"standard","meta":{"_coblocks_attr":"","_coblocks_dimensions":"","_coblocks_responsive_height":"","_coblocks_accordion_ie_support":"","jetpack_post_was_ever_published":false,"_jetpack_newsletter_access":"","_jetpack_dont_email_post_to_subs":false,"_jetpack_newsletter_tier_id":0,"_jetpack_memberships_contains_paywalled_content":false,"_jetpack_memberships_contains_paid_content":false,"footnotes":"","jetpack_publicize_message":"","jetpack_publicize_feature_enabled":true,"jetpack_social_post_already_shared":true,"jetpack_social_options":{"image_generator_settings":{"template":"highway","default_image_id":0,"enabled":false},"version":2}},"categories":[2,186,38,44],"tags":[],"class_list":["post-67421","post","type-post","status-publish","format-standard","has-post-thumbnail","hentry","category-atarfe","category-instituciones","category-opinion-de-jose-enrique-granados","category-noticias-de-hoy"],"jetpack_publicize_connections":[],"jetpack_featured_media_url":"https:\/\/i0.wp.com\/miradordeatarfe.es\/wp-content\/uploads\/2024\/02\/424589249_869435725189911_5841211940812879046_n.jpg?fit=1463%2C960&ssl=1","jetpack_likes_enabled":true,"jetpack_sharing_enabled":true,"_links":{"self":[{"href":"https:\/\/miradordeatarfe.es\/index.php?rest_route=\/wp\/v2\/posts\/67421","targetHints":{"allow":["GET"]}}],"collection":[{"href":"https:\/\/miradordeatarfe.es\/index.php?rest_route=\/wp\/v2\/posts"}],"about":[{"href":"https:\/\/miradordeatarfe.es\/index.php?rest_route=\/wp\/v2\/types\/post"}],"author":[{"embeddable":true,"href":"https:\/\/miradordeatarfe.es\/index.php?rest_route=\/wp\/v2\/users\/1"}],"replies":[{"embeddable":true,"href":"https:\/\/miradordeatarfe.es\/index.php?rest_route=%2Fwp%2Fv2%2Fcomments&post=67421"}],"version-history":[{"count":3,"href":"https:\/\/miradordeatarfe.es\/index.php?rest_route=\/wp\/v2\/posts\/67421\/revisions"}],"predecessor-version":[{"id":67425,"href":"https:\/\/miradordeatarfe.es\/index.php?rest_route=\/wp\/v2\/posts\/67421\/revisions\/67425"}],"wp:featuredmedia":[{"embeddable":true,"href":"https:\/\/miradordeatarfe.es\/index.php?rest_route=\/wp\/v2\/media\/67422"}],"wp:attachment":[{"href":"https:\/\/miradordeatarfe.es\/index.php?rest_route=%2Fwp%2Fv2%2Fmedia&parent=67421"}],"wp:term":[{"taxonomy":"category","embeddable":true,"href":"https:\/\/miradordeatarfe.es\/index.php?rest_route=%2Fwp%2Fv2%2Fcategories&post=67421"},{"taxonomy":"post_tag","embeddable":true,"href":"https:\/\/miradordeatarfe.es\/index.php?rest_route=%2Fwp%2Fv2%2Ftags&post=67421"}],"curies":[{"name":"wp","href":"https:\/\/api.w.org\/{rel}","templated":true}]}}