{"id":67426,"date":"2024-02-25T09:39:39","date_gmt":"2024-02-25T08:39:39","guid":{"rendered":"https:\/\/miradordeatarfe.es\/?p=67426"},"modified":"2024-02-23T17:14:13","modified_gmt":"2024-02-23T16:14:13","slug":"la-vicepresidenta-de-amazon-en-eeuu-dice-que-ser-madres-hace-mejores-empresarias","status":"publish","type":"post","link":"https:\/\/miradordeatarfe.es\/?p=67426","title":{"rendered":"La vicepresidenta de Amazon en EEUU dice que ser madres hace mejores empresarias"},"content":{"rendered":"<h3 style=\"text-align: justify;\">Carmen Nestares aprendi\u00f3 a ser empresaria de su madre y de su abuela, dos generaciones de comerciantes de Granada<\/h3>\n<p style=\"text-align: justify;\">La vicepresidenta de Tecnolog\u00eda Prime y Marketing de Amazon en Estados Unidos, Carmen Nestares, ha defendido que la suma de curiosidad e incomodidad permite alcanzar cargos de responsabilidad e invita a las mujeres a demandar altos puestos, especialmente a las madres, \u00abporque serlo nos hace mejores\u00bb.<\/p>\n<p style=\"text-align: justify;\">Carmen Nestares aprendi\u00f3 a ser empresaria de su madre y de su abuela, dos generaciones de comerciantes de Granada, y se licenci\u00f3 en la primera promoci\u00f3n de Administraci\u00f3n y Direcci\u00f3n de Empresas de la Universidad de Granada (UGR) en 1997, solo tres a\u00f1os despu\u00e9s de que Jeff Bezos fundase Amazon, la empresa para la que ahora trabaja.<\/p>\n<p style=\"text-align: justify;\">Esta granadina afincada en Seattle (Estados Unidos), madre de cuatro hijos y con una f\u00e9rrea vocaci\u00f3n profesional, ha vuelto este jueves a su universidad para inspirar a estudiantes, especialmente a ellas, y convertirse en &#8216;Alumni UGR Distinguida&#8217; de su Facultad.<\/p>\n<div id=\"addoor-widget-1116\" class=\"addoor-widget\" style=\"text-align: justify;\">\u00a0<\/div>\n<p style=\"text-align: justify;\">\u00abPienso que he llegado mucho m\u00e1s lejos de lo que cre\u00ed que podr\u00eda cuando estudiaba. Parte de todo esto me lo ha dado la Universidad de Granada, que me ha abierto muchas puertas con oportunidades\u00bb, ha explicado a EFE Nestares, vicepresidenta de Tecnolog\u00eda Prime.<\/p>\n<p style=\"text-align: justify;\">Esta andaluza, una de las grandes directivas de Amazon EEUU, cerr\u00f3 su primera venta con seis a\u00f1os cuando despach\u00f3 un pijama en La Condesa, ese negocio familiar en el que empez\u00f3 a hacer carrera.<\/p>\n<p style=\"text-align: justify;\">\u00abY a\u00fan lo recuerdo, estuve muy c\u00f3moda con esa responsabilidad porque confiaron en m\u00ed\u00bb, ha a\u00f1adido Nestares, que rechaz\u00f3 estudiar Derecho para disfrutar de la carrera que quer\u00eda.<\/p>\n<h2 style=\"text-align: justify;\"><strong>Suerte y formaci\u00f3n<\/strong><\/h2>\n<p style=\"text-align: justify;\">Reconoce que el a\u00f1o de intercambio en Boston y la beca de la Caixa para estudiar MBA de la Stern School of Business de la Universidad de Nueva York que logr\u00f3 en el a\u00f1o 2000 le abrieron muchas puertas para llegar a Amazon, pero tambi\u00e9n el empe\u00f1o.<\/p>\n<p style=\"text-align: justify;\">\u00abLas oportunidades est\u00e1n ah\u00ed, pero hay que cogerlas. Parte del camino ha sido suerte, pero tambi\u00e9n me lo he buscado yo\u00bb, ha apuntado Nestares, que defiende como f\u00f3rmula para el saber idiomas, cursar una doble carrera, formarse y seguir form\u00e1ndose.<\/p>\n<p style=\"text-align: justify;\">\u00abSi tengo que dar alg\u00fan consejo ser\u00eda salir de la zona de confort, estar inc\u00f3modo, tener curiosidad, apuntarse aunque sea con miedo como camino para crecer. Ser flexible, adaptarse, lanzarse a lo que sea\u00bb, ha resumido Nestares, que dirige equipos de expertos con el objetivo de reinventar el futuro de e-merchandising y Amazon Prime a trav\u00e9s de la automatizaci\u00f3n.<\/p>\n<h2 style=\"text-align: justify;\"><strong>\u00a0IA y contenido global<\/strong><\/h2>\n<p style=\"text-align: justify;\">Como directiva de Amazon, ha explicado que la inteligencia artificial (IA) que suena a disruptiva est\u00e1 en el ADN de la empresa, que la emplea desde que el usuario abre el portal y hasta que recibe el pedido en casa, una apuesta tecnol\u00f3gica para personalizar la experiencia del cliente, desde el marketing a otros servicios.<\/p>\n<p style=\"text-align: justify;\">Esa IA sirve adem\u00e1s para adecuar la oferta global, tambi\u00e9n en el contenido audiovisual de Prime, y predecir que en Estados Unidos triunfar\u00eda La casa de papel o el f\u00fatbol americano y en Espa\u00f1a OT.<\/p>\n<h2 style=\"text-align: justify;\"><strong>\u00a0M\u00e1s mujeres y m\u00e1s alto<\/strong><\/h2>\n<p style=\"text-align: justify;\">Nestares se uni\u00f3 a Amazon en el a\u00f1o 2015 y es mentora de mujeres a las que inspira, pero a las que adem\u00e1s reclama que peleen por puestos de mayor responsabilidad.<\/p>\n<p style=\"text-align: justify;\">\u00abNo somos tan lanzadas para pedir un ascenso aunque estamos m\u00e1s preparadas, no tenemos esa seguridad en el mundo laboral porque siempre ha sido un patriarcado\u00bb, a\u00f1ade esta experta que defiende que la mujer ejerce el liderazgo con empat\u00eda, \u00abalgo muy importante\u00bb, y que apuesta por equipos diversos para ganar en innovaci\u00f3n.<\/p>\n<p style=\"text-align: justify;\">Afronta la responsabilidad de su cargo con m\u00e1s ilusi\u00f3n que v\u00e9rtigo y aplaude la formaci\u00f3n con la que ha llegado a Amazon y que le permite estar a la altura de compa\u00f1eros formados en Harvard o Princeton.<\/p>\n<h2 style=\"text-align: justify;\"><strong>Doble trabajo<\/strong><\/h2>\n<p style=\"text-align: justify;\">Nestares, que usa Amazon para comprar desde EEUU t\u00e9 y especias de Granada con los que sentirse como en casa, reconoce que habr\u00eda llegado antes a su puesto sin ser mujer, sin ser madre, pero cree que serlo tambi\u00e9n ha atra\u00eddo mucho talento femenino.<\/p>\n<p style=\"text-align: justify;\">\u00abSer madre nos hace mejores empresarias, requiere una forma de trabajar m\u00e1s eficiente que solo una madre sabe. Tambi\u00e9n tiene impacto en lo laboral, llegamos igual pero te tienes que esforzar un poco m\u00e1s\u00bb, resume convencida de que sus hijos ser\u00e1n lo que quieran ser.<\/p>\n<p>publicado en VIVA GRANADA<\/p>\n<p>FOTO: EFE<\/p>\n<p>https:\/\/vivagranada.es\/andalucia\/1568715\/la-vicepresidenta-de-amazon-en-eeuu-dice-que-ser-madres-hace-mejores-empresarias\/?fbclid=IwAR37DEOx1MMrKAM_lZFgplCSNdrodSEoG1epVEVzjsNJxuB9_dXoDEqYiI8<\/p>\n","protected":false},"excerpt":{"rendered":"<p>Carmen Nestares aprendi\u00f3 a ser empresaria de su madre y de su abuela, dos generaciones&#8230;<\/p>\n","protected":false},"author":1,"featured_media":67427,"comment_status":"closed","ping_status":"closed","sticky":false,"template":"","format":"standard","meta":{"_coblocks_attr":"","_coblocks_dimensions":"","_coblocks_responsive_height":"","_coblocks_accordion_ie_support":"","jetpack_post_was_ever_published":false,"_jetpack_newsletter_access":"","_jetpack_dont_email_post_to_subs":false,"_jetpack_newsletter_tier_id":0,"_jetpack_memberships_contains_paywalled_content":false,"_jetpack_memberships_contains_paid_content":false,"footnotes":"","jetpack_publicize_message":"","jetpack_publicize_feature_enabled":true,"jetpack_social_post_already_shared":true,"jetpack_social_options":{"image_generator_settings":{"template":"highway","default_image_id":0,"enabled":false},"version":2}},"categories":[10781,44,6920],"tags":[],"class_list":["post-67426","post","type-post","status-publish","format-standard","has-post-thumbnail","hentry","category-granada","category-noticias-de-hoy","category-tecnologia"],"jetpack_publicize_connections":[],"jetpack_featured_media_url":"https:\/\/i0.wp.com\/miradordeatarfe.es\/wp-content\/uploads\/2024\/02\/Screenshot-2024-02-23-at-17-10-36-La-vicepresidenta-de-Amazon-en-EEUU-dice-que-ser-madres-hace-mejores-empresarias.png?fit=645%2C447&ssl=1","jetpack_likes_enabled":true,"jetpack_sharing_enabled":true,"_links":{"self":[{"href":"https:\/\/miradordeatarfe.es\/index.php?rest_route=\/wp\/v2\/posts\/67426","targetHints":{"allow":["GET"]}}],"collection":[{"href":"https:\/\/miradordeatarfe.es\/index.php?rest_route=\/wp\/v2\/posts"}],"about":[{"href":"https:\/\/miradordeatarfe.es\/index.php?rest_route=\/wp\/v2\/types\/post"}],"author":[{"embeddable":true,"href":"https:\/\/miradordeatarfe.es\/index.php?rest_route=\/wp\/v2\/users\/1"}],"replies":[{"embeddable":true,"href":"https:\/\/miradordeatarfe.es\/index.php?rest_route=%2Fwp%2Fv2%2Fcomments&post=67426"}],"version-history":[{"count":1,"href":"https:\/\/miradordeatarfe.es\/index.php?rest_route=\/wp\/v2\/posts\/67426\/revisions"}],"predecessor-version":[{"id":67428,"href":"https:\/\/miradordeatarfe.es\/index.php?rest_route=\/wp\/v2\/posts\/67426\/revisions\/67428"}],"wp:featuredmedia":[{"embeddable":true,"href":"https:\/\/miradordeatarfe.es\/index.php?rest_route=\/wp\/v2\/media\/67427"}],"wp:attachment":[{"href":"https:\/\/miradordeatarfe.es\/index.php?rest_route=%2Fwp%2Fv2%2Fmedia&parent=67426"}],"wp:term":[{"taxonomy":"category","embeddable":true,"href":"https:\/\/miradordeatarfe.es\/index.php?rest_route=%2Fwp%2Fv2%2Fcategories&post=67426"},{"taxonomy":"post_tag","embeddable":true,"href":"https:\/\/miradordeatarfe.es\/index.php?rest_route=%2Fwp%2Fv2%2Ftags&post=67426"}],"curies":[{"name":"wp","href":"https:\/\/api.w.org\/{rel}","templated":true}]}}