{"id":67433,"date":"2024-02-27T08:43:26","date_gmt":"2024-02-27T07:43:26","guid":{"rendered":"https:\/\/miradordeatarfe.es\/?p=67433"},"modified":"2024-02-23T17:47:28","modified_gmt":"2024-02-23T16:47:28","slug":"debate-por-el-fin-del-concierto-con-muface-debe-el-estado-dejar-de-pagar-la-sanidad-privada-de-los-funcionarios","status":"publish","type":"post","link":"https:\/\/miradordeatarfe.es\/?p=67433","title":{"rendered":"Debate por el fin del concierto con Muface: \u00bfdebe el Estado dejar de pagar la sanidad privada de los funcionarios?"},"content":{"rendered":"<header class=\"article-header row\">\n<div class=\"article-header-epigraph col-12\">\n<h3 id=\"m69-68-70\" style=\"text-align: justify;\">Organizaciones en defensa de la sanidad p\u00fablica advierten de que estas mutuas son un elemento distorsionador en el sistema sanitario p\u00fablico, un factor importante de desigualdad y una fuente de derivaci\u00f3n de fondos p\u00fablicos.<\/h3>\n<\/div>\n<\/header>\n<div class=\"article-content row\">\n<div class=\"column left-side col-12 col-md-8\">\n<div class=\"article-multimedia-content\" style=\"text-align: justify;\">\n<div class=\"aspect-ratio-img\">\u00a0<\/div>\n<\/div>\n<div class=\"article-body\">\n<div class=\"article-text\">\n<p id=\"m340-339-341\" class=\"pb-article-item-iteration\" style=\"text-align: justify;\">Este a\u00f1o finaliza el <b><a title=\"Detalles sobre el Concierto 2022-2024 de MUFACE\" href=\"https:\/\/www.muface.es\/muface_Home\/muface_comunicacion\/hemeroteca-noticias\/2022\/Febrero-2022\/Nota-Informativa-sobre-el-Concierto-de-Asistencia-Sanitaria-Nacional-2022-2024-.html\" target=\"_blank\" rel=\"noopener\">concierto<\/a> entre el Estado y Muface<\/b>, la Mutualidad General de Funcionarios Civiles del Estado, y previsiblemente se negociar\u00e1 uno nuevo. Este contexto pone sobre la mesa la posibilidad de abrir un debate donde plantear <b>revertir este privilegio<\/b>.<\/p>\n<p id=\"m345-1-346\" class=\"pb-article-item-iteration\" style=\"text-align: justify;\">El modelo de mutualidades (tanto Muface, como la Mutualidad General Judicial (Mugeju) o el Instituto Social de las Fuerzas Armadas (Isfas)) est\u00e1 basado en un sistema de prestaci\u00f3n p\u00fablica ejecutado por proveedores privados, donde los beneficiarios tienen libertad para elegir la entidad que le atiende, as\u00ed como el facultativo. Es decir, en lugar de acudir a la sanidad p\u00fablica, <b>el Estado paga a sus trabajadores un seguro sanitario privado<\/b>.<\/p>\n<p>La ley general de sanidad de 1986 contempla la integraci\u00f3n de los trabajadores p\u00fablicos en la sanidad p\u00fablica<\/p>\n<p id=\"m355-3-356\" class=\"pb-article-item-iteration\" style=\"text-align: justify;\">No es la primera vez que\u00a0se plantea la idea de incorporar estas mutualidades al Sistema Nacional de Salud. Organizaciones en defensa de la sanidad p\u00fablica llevan a\u00f1os advirtiendo de que son un<b> elemento distorsionador<\/b> en el sistema sanitario p\u00fablico y suponen un factor importante de <b>desigualdad<\/b> y <b>discriminaci\u00f3n<\/b> en el acceso de la poblaci\u00f3n a la atenci\u00f3n sanitaria. Su sufragaci\u00f3n implica, adem\u00e1s, una fuente de derivaci\u00f3n de fondos p\u00fablicos hacia el aseguramiento privado.<\/p>\n<p id=\"m360-4-361\" class=\"pb-article-item-iteration\" style=\"text-align: justify;\">Esta integraci\u00f3n, tal y como ha explicado la\u00a0<b>Federaci\u00f3n de Asociaciones para la Defensa de la Sanidad P\u00fablica (FADSP)<\/b>, est\u00e1 recogida ya en la <a title=\"Ley 14\/1986, de 25 de abril, General de Sanidad\" href=\"https:\/\/www.boe.es\/buscar\/act.php?id=BOE-A-1986-10499\" target=\"_blank\" rel=\"noopener\">ley general de sanidad de 1986<\/a>. Sin embargo, hasta ahora no se han producido avances al respecto.<\/p>\n<p id=\"m365-5-366\" class=\"pb-article-item-iteration\" style=\"text-align: justify;\">Desde <b>Sumar<\/b>\u00a0presentaron una\u00a0propuesta program\u00e1tica en la materia en abril de 2023, pero el asunto no se ha vuelto a retomar. El partido de Yolanda D\u00edaz ya <a title=\"Programa Sumar\" href=\"https:\/\/participa.sumarfuturo.info\/media\/documentos\/08_Sanidad-salud-mental.pdf\" target=\"_blank\" rel=\"noopener\">advirti\u00f3 entonces que se trataba de una situaci\u00f3n que iba contra la l\u00f3gica del modelo asistencial<\/a> tal y como estaba concebido: \u00abEn vez de estar vertebrado por la Atenci\u00f3n Primaria y Comunitaria, supone un paso directo a especialistas no generalistas, con el consiguiente riesgo de salud para cada paciente al obviar un enfoque m\u00e1s integral\u00bb, versaba el documento.<\/p>\n<h2 id=\"m370-6-371\" class=\"highlighted\" style=\"text-align: justify;\">Los problemas de suprimir las mutuas<\/h2>\n<p id=\"m375-7-376\" class=\"pb-article-item-iteration\" style=\"text-align: justify;\">Los problemas que se plantear\u00edan a la hora de tratar de incorporar a estos funcionarios y trabajadores p\u00fablicos a la sanidad p\u00fablica tendr\u00edan que ver, por un lado, con una posible <b>vulneraci\u00f3n de los derechos adquiridos<\/b> y, por otro, cabr\u00eda la posibilidad de que el Sistema Nacional de Salud <b>no tuviera la capacidad de absorber la demanda <\/b>debido a su paulatino deterioro, sobre todo en comunidades como Madrid, Catalunya o Andaluc\u00eda, donde su estado es cr\u00edtico.<\/p>\n<p id=\"m380-8-381\" class=\"pb-article-item-iteration\" style=\"text-align: justify;\">Ante esto, la FADSP aboga por <b>incorporar a la sanidad p\u00fablica solo a los nuevos funcionarios<\/b>. De modo que los antiguos puedan seguir eligiendo. Esta f\u00f3rmula no acabar\u00eda inmediatamente con el sistema de aseguradoras, pero con el tiempo desaparecer\u00edan.<\/p>\n<p id=\"m385-9-386\" class=\"pb-article-item-iteration\" style=\"text-align: justify;\">Asimismo, la organizaci\u00f3n se\u00f1ala que este\u00a0<b>\u00abmodelo lento\u00bb <\/b>de nuevas incorporaciones disminuir\u00eda este problema, si a la vez estas nuevas anexiones \u00abllevaran incorporada la correspondiente financiaci\u00f3n\u00bb que permitiera al sistema p\u00fablico mejorar sus servicios.<\/p>\n<h2 id=\"m390-10-391\" class=\"highlighted\" style=\"text-align: justify;\">Cada vez m\u00e1s funcionarios se van a la p\u00fablica<\/h2>\n<p id=\"m395-11-396\" class=\"pb-article-item-iteration\" style=\"text-align: justify;\">Las mutuas, no obstante, siguen la misma l\u00f3gica que el resto de aseguradoras privadas. As\u00ed lo constata un informe <i>El misterio MUFACE \u00bfSelecci\u00f3n por riesgo o empeoramiento de la calidad percibida, <\/i>publicado por la\u00a0Universidad de Las Palmas de Gran Canaria en 2019. Este estudio destaca c\u00f3mo los operadores privados trabajan bajo lo que los investigadores definen como una<b> \u00abselecci\u00f3n de riesgos\u00bb<\/b>\u00a0de los usuarios.<\/p>\n<p id=\"m400-12-401\" class=\"pb-article-item-iteration\" style=\"text-align: justify;\">As\u00ed, se observa c\u00f3mo determinados tipos de enfermedades m\u00e1s graves o cr\u00f3nicas terminan, en buena medida, siendo tratadas en hospitales p\u00fablicos. La l\u00f3gica \u00faltima es, al fin y al cabo, atraer a cuantos m\u00e1s funcionarios sanos, mejor, as\u00ed como esquivar a la m\u00e1xima proporci\u00f3n de trabajadores que puedan suponer grandes costes.\u00a0<\/p>\n<p id=\"m405-13-406\" class=\"pb-article-item-iteration\" style=\"text-align: justify;\">De este mismo estudio emerge otro dato significativo y es que\u00a0la elecci\u00f3n del Instituto Nacional de la Seguridad Social frente a las cl\u00ednicas privadas, entre los funcionarios,\u00a0<b>ha pasado del 14,1% al 20,4%<\/b> en la \u00faltima d\u00e9cada.<\/p>\n<p><a href=\"https:\/\/www.publico.es\/author\/maria-martinez-collado#analytics-noticia:autor\"><strong>Mar\u00eda Mart\u00ednez Collado<\/strong><\/a><\/p>\n<p>FOTO: Decenas de personas protestan en Madrid contra la privatizaci\u00f3n de la Sanidad. <span class=\"dash\">\u2014<\/span> <span class=\"signature\">JES\u00daS HELL\u00cdN<\/span> <span class=\"slash\">\/<\/span> <span class=\"agency\">EUROPA PRESS<\/span><\/p>\n<div class=\"before-text\">\n<div class=\"pb-ads pb-megabanner pb-mobile-ads top\">\n<div id=\"sc-banner-bajotitulo\">https:\/\/www.publico.es\/sociedad\/debate-concierto-muface-debe-dejar-pagar-sanidad-privada-funcionarios.html#md=modulo-portada-fila-de-modulos:3&#215;2-t1;mm=mobile-medium<\/div>\n<\/div>\n<\/div>\n<div class=\"article-body\">\n<header class=\"article-published-info\"><\/header>\n<footer class=\"article-info\">\n<p id=\"m95-94-96\" class=\"signature\">\u00a0<\/p>\n<\/footer>\n<\/div>\n<\/div>\n<\/div>\n<\/div>\n<\/div>\n","protected":false},"excerpt":{"rendered":"<p>Organizaciones en defensa de la sanidad p\u00fablica advierten de que estas mutuas son un elemento&#8230;<\/p>\n","protected":false},"author":1,"featured_media":67434,"comment_status":"closed","ping_status":"closed","sticky":false,"template":"","format":"standard","meta":{"_coblocks_attr":"","_coblocks_dimensions":"","_coblocks_responsive_height":"","_coblocks_accordion_ie_support":"","jetpack_post_was_ever_published":false,"_jetpack_newsletter_access":"","_jetpack_dont_email_post_to_subs":false,"_jetpack_newsletter_tier_id":0,"_jetpack_memberships_contains_paywalled_content":false,"_jetpack_memberships_contains_paid_content":false,"footnotes":"","jetpack_publicize_message":"","jetpack_publicize_feature_enabled":true,"jetpack_social_post_already_shared":true,"jetpack_social_options":{"image_generator_settings":{"template":"highway","default_image_id":0,"enabled":false},"version":2}},"categories":[1161,10781,44,6937],"tags":[],"class_list":["post-67433","post","type-post","status-publish","format-standard","has-post-thumbnail","hentry","category-ciudadania","category-granada","category-noticias-de-hoy","category-sociedad"],"jetpack_publicize_connections":[],"jetpack_featured_media_url":"https:\/\/i0.wp.com\/miradordeatarfe.es\/wp-content\/uploads\/2024\/02\/65d63d467c61d.webp?fit=990%2C660&ssl=1","jetpack_likes_enabled":true,"jetpack_sharing_enabled":true,"_links":{"self":[{"href":"https:\/\/miradordeatarfe.es\/index.php?rest_route=\/wp\/v2\/posts\/67433","targetHints":{"allow":["GET"]}}],"collection":[{"href":"https:\/\/miradordeatarfe.es\/index.php?rest_route=\/wp\/v2\/posts"}],"about":[{"href":"https:\/\/miradordeatarfe.es\/index.php?rest_route=\/wp\/v2\/types\/post"}],"author":[{"embeddable":true,"href":"https:\/\/miradordeatarfe.es\/index.php?rest_route=\/wp\/v2\/users\/1"}],"replies":[{"embeddable":true,"href":"https:\/\/miradordeatarfe.es\/index.php?rest_route=%2Fwp%2Fv2%2Fcomments&post=67433"}],"version-history":[{"count":1,"href":"https:\/\/miradordeatarfe.es\/index.php?rest_route=\/wp\/v2\/posts\/67433\/revisions"}],"predecessor-version":[{"id":67435,"href":"https:\/\/miradordeatarfe.es\/index.php?rest_route=\/wp\/v2\/posts\/67433\/revisions\/67435"}],"wp:featuredmedia":[{"embeddable":true,"href":"https:\/\/miradordeatarfe.es\/index.php?rest_route=\/wp\/v2\/media\/67434"}],"wp:attachment":[{"href":"https:\/\/miradordeatarfe.es\/index.php?rest_route=%2Fwp%2Fv2%2Fmedia&parent=67433"}],"wp:term":[{"taxonomy":"category","embeddable":true,"href":"https:\/\/miradordeatarfe.es\/index.php?rest_route=%2Fwp%2Fv2%2Fcategories&post=67433"},{"taxonomy":"post_tag","embeddable":true,"href":"https:\/\/miradordeatarfe.es\/index.php?rest_route=%2Fwp%2Fv2%2Ftags&post=67433"}],"curies":[{"name":"wp","href":"https:\/\/api.w.org\/{rel}","templated":true}]}}