{"id":67444,"date":"2024-02-26T11:14:38","date_gmt":"2024-02-26T10:14:38","guid":{"rendered":"https:\/\/miradordeatarfe.es\/?p=67444"},"modified":"2024-06-02T12:04:59","modified_gmt":"2024-06-02T10:04:59","slug":"los-invisibles-por-remedios-sanchez","status":"publish","type":"post","link":"https:\/\/miradordeatarfe.es\/?p=67444","title":{"rendered":"\u00abLOS INVISIBLES\u00bb por  Remedios S\u00e1nchez"},"content":{"rendered":"<h3 align=\"JUSTIFY\"><span style=\"font-family: Times New Roman, serif;\"><span style=\"font-size: medium;\"><span lang=\"es-ES\">Acabo escribiendo este art\u00edculo, a veces un poco antes, otras un poco despu\u00e9s, todos los a\u00f1os. Es, con mucha diferencia, el que m\u00e1s me molesta trazar porque me obliga a referirme a los nadies, a esas personas que nunca vemos habitando las aceras, los soportales, con mucha suerte durmiendo alguna vez en la zona del cajero autom\u00e1tico de un banco. <\/span><\/span><\/span><\/h3>\n<p align=\"JUSTIFY\"><span style=\"font-family: Times New Roman, serif;\"><span style=\"font-size: medium;\"><span lang=\"es-ES\">Precisamente de uno de esos a los que les salva la cara el gobierno de turno en cualquier pa\u00eds autodenominado decente. Pero es que no somos decentes, somos unos c\u00ednicos porque no nos percatamos, por ejemplo, de que en Espa\u00f1a hay m\u00e1s de cuarenta mil personas que viven al raso, en la calle, sin nada. Pasamos a su lado y ni los vemos porque su pobreza los hace transparentes con nuestras gafas de clase media econ\u00f3mica. <\/span><\/span><\/span><\/p>\n<p align=\"JUSTIFY\"><span style=\"font-family: Times New Roman, serif;\"><span style=\"font-size: medium;\"><span lang=\"es-ES\">Otro borracho, una drogadicta, seguro que no est\u00e1 bien de la cabeza, esa anciana que no sabe administrarse y gasta lo que no tiene, estos asociales qu\u00e9 no quieren ayuda y que, encima, no quieren trabajar\u2026 todas estas estupideces se oyen cuando en Granada nos ha alcanzado este fr\u00edo intenso del febrerillo loco. Alguno se acerca y solicita unas monedas para desayunar, un caf\u00e9 en el bar de al lado; a mediod\u00eda, un bocadillo si es posible. No reciben ni respuesta a pesar de que jam\u00e1s he o\u00eddo a nadie solicitarlo sin una cortes\u00eda absoluta; la ciudadan\u00eda respetable, la de abrigo largo y bufanda de trescientos euros, mira para otro lado y acelera el paso al ritmo del reloj escud\u00e1ndose en la prisa, como si no fuera con ellos. Como mucho, hay quien lanza unos c\u00e9ntimos a la cesta por aquello de limpiar su conciencia, como si con eso hubiera hecho la buena obra de la semana. <\/span><\/span><\/span><\/p>\n<p align=\"JUSTIFY\"><span style=\"font-family: Times New Roman, serif;\"><span style=\"font-size: medium;\"><span lang=\"es-ES\">Lo que es inconcebible es que se acerquen, den los buenos d\u00edas y, si no pueden pararse un minuto, que entreguen en la mano lo que cada cual pueda con una sonrisa, mirando a los ojos como muestra de respeto. Ser\u00e1 que es exigirles demasiado a los consumistas de cada d\u00eda, a los que han perdido cualquier rasgo de humanidad que alguna vez les ense\u00f1aran. No se han dado cuenta a\u00fan de que cualquiera de nosotros puede estar en una situaci\u00f3n similar a poco que el destino o la fortuna te d\u00e9 la espalda quince minutos. De mirar desde arriba a estar sentado abajo con un cartel junto a las rodillas, no hay m\u00e1s que un suspiro, el tiempo justo que tardamos en tener un rev\u00e9s del que no puede uno levantarte. Una depresi\u00f3n que es un pozo hondo y oscuro desde donde no se ve la salida, un accidente que te mata por dentro o te cercena, una muerte inesperada que te deja en shock, perder el empleo y no poder pagar la hipoteca, la soledad en esta sociedad individualista que conduce al desamparo son posibilidades factibles, una loter\u00eda para la que cualquiera tiene una papeleta sin necesidad de comprarla. Por eso convendr\u00eda, aparte de exigir a las instituciones que apliquen medidas de apoyo m\u00e1s eficaces, que empecemos por reeducar nuestra mirada y nuestra actitud, que volvamos a pensar y a ejercer de seres con alma. Mientras tanto, ellos seguir\u00e1n viviendo en la injusticia y en la miseria, s\u00ed; pero los responsables del fracaso colectivo social en este pa\u00eds, los verdaderamente miserables, somos nosotros.<\/span><\/span><\/span><\/p>\n<p align=\"JUSTIFY\">FOTO: https:\/\/www.archisevilla.org\/los-sin-techo-la-voz-de-la-conciencia\/<\/p>\n","protected":false},"excerpt":{"rendered":"<p>Acabo escribiendo este art\u00edculo, a veces un poco antes, otras un poco despu\u00e9s, todos los&#8230;<\/p>\n","protected":false},"author":1,"featured_media":67445,"comment_status":"closed","ping_status":"closed","sticky":false,"template":"","format":"standard","meta":{"_coblocks_attr":"","_coblocks_dimensions":"","_coblocks_responsive_height":"","_coblocks_accordion_ie_support":"","jetpack_post_was_ever_published":false,"_jetpack_newsletter_access":"","_jetpack_dont_email_post_to_subs":false,"_jetpack_newsletter_tier_id":0,"_jetpack_memberships_contains_paywalled_content":false,"_jetpack_memberships_contains_paid_content":false,"footnotes":"","jetpack_publicize_message":"","jetpack_publicize_feature_enabled":true,"jetpack_social_post_already_shared":true,"jetpack_social_options":{"image_generator_settings":{"template":"highway","default_image_id":0,"enabled":false},"version":2}},"categories":[1161,6914,6937],"tags":[],"class_list":["post-67444","post","type-post","status-publish","format-standard","has-post-thumbnail","hentry","category-ciudadania","category-opinion-de-reme-sanchez","category-sociedad"],"jetpack_publicize_connections":[],"jetpack_featured_media_url":"https:\/\/i0.wp.com\/miradordeatarfe.es\/wp-content\/uploads\/2024\/02\/Sin_techo.jpg?fit=700%2C394&ssl=1","jetpack_likes_enabled":true,"jetpack_sharing_enabled":true,"_links":{"self":[{"href":"https:\/\/miradordeatarfe.es\/index.php?rest_route=\/wp\/v2\/posts\/67444","targetHints":{"allow":["GET"]}}],"collection":[{"href":"https:\/\/miradordeatarfe.es\/index.php?rest_route=\/wp\/v2\/posts"}],"about":[{"href":"https:\/\/miradordeatarfe.es\/index.php?rest_route=\/wp\/v2\/types\/post"}],"author":[{"embeddable":true,"href":"https:\/\/miradordeatarfe.es\/index.php?rest_route=\/wp\/v2\/users\/1"}],"replies":[{"embeddable":true,"href":"https:\/\/miradordeatarfe.es\/index.php?rest_route=%2Fwp%2Fv2%2Fcomments&post=67444"}],"version-history":[{"count":1,"href":"https:\/\/miradordeatarfe.es\/index.php?rest_route=\/wp\/v2\/posts\/67444\/revisions"}],"predecessor-version":[{"id":67446,"href":"https:\/\/miradordeatarfe.es\/index.php?rest_route=\/wp\/v2\/posts\/67444\/revisions\/67446"}],"wp:featuredmedia":[{"embeddable":true,"href":"https:\/\/miradordeatarfe.es\/index.php?rest_route=\/wp\/v2\/media\/67445"}],"wp:attachment":[{"href":"https:\/\/miradordeatarfe.es\/index.php?rest_route=%2Fwp%2Fv2%2Fmedia&parent=67444"}],"wp:term":[{"taxonomy":"category","embeddable":true,"href":"https:\/\/miradordeatarfe.es\/index.php?rest_route=%2Fwp%2Fv2%2Fcategories&post=67444"},{"taxonomy":"post_tag","embeddable":true,"href":"https:\/\/miradordeatarfe.es\/index.php?rest_route=%2Fwp%2Fv2%2Ftags&post=67444"}],"curies":[{"name":"wp","href":"https:\/\/api.w.org\/{rel}","templated":true}]}}