{"id":67448,"date":"2024-02-27T09:09:02","date_gmt":"2024-02-27T08:09:02","guid":{"rendered":"https:\/\/miradordeatarfe.es\/?p=67448"},"modified":"2024-02-26T13:13:31","modified_gmt":"2024-02-26T12:13:31","slug":"acoso-escolar-en-un-pueblo-de-granada-mataleon-patadas-y-apedreamiento-de-seis-menores-a-un-companero","status":"publish","type":"post","link":"https:\/\/miradordeatarfe.es\/?p=67448","title":{"rendered":"Acoso escolar en un pueblo de Granada: matale\u00f3n, patadas y apedreamiento de seis menores a un compa\u00f1ero"},"content":{"rendered":"<h3>La Polic\u00eda Nacional ha investigado a los presuntos autores de los hechos, comprendidos entre los 14 y 15 a\u00f1os, y los ha puesto en conocimiento de la Fiscal\u00eda de Menores<\/h3>\n<div class=\"mce-body \">\n<p class=\"mce\" align=\"justify\">Seis menores de entre 14 y 15 a\u00f1os de edad han sido investigados por la Polic\u00eda Nacional de Granada por un presunto caso de acoso escolar que ha tenido lugar en un pueblo de la provincia, y del que no se ha dado a conocer su ubicaci\u00f3n al tratarse, efectivamente, de menores. Seg\u00fan las investigaciones policiales, la v\u00edctima habr\u00eda sufrido de parte de varios de sus compa\u00f1eros de clase y \u00abdurante varios a\u00f1os\u00bb da\u00f1os como \u00abagresiones f\u00edsicas, insultos y amenazas\u00bb, tanto de forma personal como a trav\u00e9s de tel\u00e9fono m\u00f3vil. Seg\u00fan relata el Cuerpo en una nota de prensa, habr\u00edan \u00abaparecido perfiles falsos en una conocida red social en la que algunos de estos menores asociaron su imagen a textos denigrantes y ofensivos\u00bb.<\/p>\n<p class=\"mce\" align=\"justify\">Los agentes de la Polic\u00eda Nacional han conocido, gracias a la investigaci\u00f3n llevada a cabo, las conductas de acoso escolar, incluyendo \u00abreiteradas agresiones f\u00edsicas, ven\u00edan produci\u00e9ndose desde que la v\u00edctima empez\u00f3 a cursar el ciclo de la ESO hace tres a\u00f1os\u00bb. \u00abDurante todo este tiempo un grupo de compa\u00f1eros de clase habr\u00eda estado haci\u00e9ndole la vida imposible, incidiendo negativamente en su rendimiento acad\u00e9mico y en su salud mental\u00bb, a\u00f1ade el Cuerpo.<\/p>\n<p class=\"mce\" align=\"justify\">Entre las agresiones f\u00edsicas m\u00e1s graves sufridas por la v\u00edctima se encuentra la p\u00e9rdida de conocimiento, provocada por uno de los menores identificados, cuando este le estrangul\u00f3 con la maniobra conocida como <em class=\"mce\">matale\u00f3n<\/em>\u00a0durante la hora del recreo. En otra de las ocasiones, este mismo menor identificado, le habr\u00eda propinado una fuerte patada provocando que se golpease con una puerta y cayese al suelo aturdido, detalla la Polic\u00eda Nacional en su relato de los hechos.<\/p>\n<p class=\"mce\" align=\"justify\">Por otra parte, la \u00fanica menor identificada en este caso habr\u00eda sido presuntamente la responsable, durante una excursi\u00f3n escolar, de apretarle tan fuertemente el cuello que la v\u00edctima padeci\u00f3 dolores cervicales durante varios d\u00edas. Tambi\u00e9n tuvo que soportar el ser apedreado en varias ocasiones, sufriendo un fuerte hematoma en un ojo durante largo tiempo, contin\u00faa el relato policial.<\/p>\n<p class=\"mce\" align=\"justify\">La Polic\u00eda incide en que \u00abadem\u00e1s de las reiteradas y lesivas agresiones f\u00edsicas el menor tuvo que soportar mofas, insultos e incluso amenazas de muerte, todo ello de manera continuada durante todo el ciclo de la ESO\u00bb.\u00a0\u00abEstas conductas no s\u00f3lo las habr\u00eda padecido la v\u00edctima en persona, sino que, adem\u00e1s, habr\u00eda recibido todo tipo de insultos y amenazas a trav\u00e9s de mensajes de audio en su propio m\u00f3vil\u00bb, reitera el Cuerpo.<\/p>\n<p class=\"mce\" align=\"justify\">Por otra parte, un grupo de tres menores que se encuentran entre los identificados, habr\u00eda colaborado para crear perfiles falsos en una conocida red social en la que manipularon la imagen de la v\u00edctima asoci\u00e1ndola a textos denigrantes y vejatorios.<\/p>\n<p class=\"mce\" align=\"justify\">\u00abComo consecuencia de todas estas conductas la v\u00edctima se vio aislada en su centro de estudio al tener que evitar en todo momento coincidir con este grupo de personas ya que era perseguido en los recreos y a la salida de las clases. La presi\u00f3n psicol\u00f3gica sufrida provoc\u00f3 que en alguna ocasi\u00f3n llegara a fingir estar enfermo para no acudir a clase, perdiendo varias actividades y viajes escolares. Durante todo este tiempo, adem\u00e1s, este menor ha padecido trastornos del sue\u00f1o y desarrollado ideas autol\u00edticas\u00bb, concluye la Polic\u00eda Nacional.<\/p>\n<p class=\"mce\" align=\"justify\">Todos estos hechos ya han sido puestos en conocimiento de la Fiscal\u00eda de Menores. De momento, la delegaci\u00f3n en Granada de la Consejer\u00eda de Educaci\u00f3n est\u00e1 recabando informaci\u00f3n para conocer los detalles de caso.<\/p>\n<p align=\"justify\">J.J.M. DE GRANADA HOY<\/p>\n<p align=\"justify\">FOTO: Entrada a la Fiscal\u00eda de Menores de Granada <wbr \/> \/ <span class=\"source\">G. H.<\/span><\/p>\n<p>https:\/\/www.granadahoy.com\/granada\/Acoso-escolar-Granada-mataleon-patadas-apedreamiento-companero_0_1879312515.html?utm_campaign=%F0%9F%94%B4%F0%9F%94%B4_ACOSO_ESCOLAR_EN_GRANADA&#038;utm_medium=push&#038;utm_source=granadahoy<\/p>\n<\/div>\n","protected":false},"excerpt":{"rendered":"<p>La Polic\u00eda Nacional ha investigado a los presuntos autores de los hechos, comprendidos entre los&#8230;<\/p>\n","protected":false},"author":1,"featured_media":67450,"comment_status":"closed","ping_status":"closed","sticky":false,"template":"","format":"standard","meta":{"_coblocks_attr":"","_coblocks_dimensions":"","_coblocks_responsive_height":"","_coblocks_accordion_ie_support":"","jetpack_post_was_ever_published":false,"_jetpack_newsletter_access":"","_jetpack_dont_email_post_to_subs":false,"_jetpack_newsletter_tier_id":0,"_jetpack_memberships_contains_paywalled_content":false,"_jetpack_memberships_contains_paid_content":false,"footnotes":"","jetpack_publicize_message":"","jetpack_publicize_feature_enabled":true,"jetpack_social_post_already_shared":true,"jetpack_social_options":{"image_generator_settings":{"template":"highway","default_image_id":0,"enabled":false},"version":2}},"categories":[187,1161,44,6937],"tags":[],"class_list":["post-67448","post","type-post","status-publish","format-standard","has-post-thumbnail","hentry","category-centros-educativos","category-ciudadania","category-noticias-de-hoy","category-sociedad"],"jetpack_publicize_connections":[],"jetpack_featured_media_url":"https:\/\/i0.wp.com\/miradordeatarfe.es\/wp-content\/uploads\/2024\/02\/Entrada-Fiscalia-Menores-Granada_1879322437_205112752_667x375.jpg?fit=667%2C375&ssl=1","jetpack_likes_enabled":true,"jetpack_sharing_enabled":true,"_links":{"self":[{"href":"https:\/\/miradordeatarfe.es\/index.php?rest_route=\/wp\/v2\/posts\/67448","targetHints":{"allow":["GET"]}}],"collection":[{"href":"https:\/\/miradordeatarfe.es\/index.php?rest_route=\/wp\/v2\/posts"}],"about":[{"href":"https:\/\/miradordeatarfe.es\/index.php?rest_route=\/wp\/v2\/types\/post"}],"author":[{"embeddable":true,"href":"https:\/\/miradordeatarfe.es\/index.php?rest_route=\/wp\/v2\/users\/1"}],"replies":[{"embeddable":true,"href":"https:\/\/miradordeatarfe.es\/index.php?rest_route=%2Fwp%2Fv2%2Fcomments&post=67448"}],"version-history":[{"count":1,"href":"https:\/\/miradordeatarfe.es\/index.php?rest_route=\/wp\/v2\/posts\/67448\/revisions"}],"predecessor-version":[{"id":67449,"href":"https:\/\/miradordeatarfe.es\/index.php?rest_route=\/wp\/v2\/posts\/67448\/revisions\/67449"}],"wp:featuredmedia":[{"embeddable":true,"href":"https:\/\/miradordeatarfe.es\/index.php?rest_route=\/wp\/v2\/media\/67450"}],"wp:attachment":[{"href":"https:\/\/miradordeatarfe.es\/index.php?rest_route=%2Fwp%2Fv2%2Fmedia&parent=67448"}],"wp:term":[{"taxonomy":"category","embeddable":true,"href":"https:\/\/miradordeatarfe.es\/index.php?rest_route=%2Fwp%2Fv2%2Fcategories&post=67448"},{"taxonomy":"post_tag","embeddable":true,"href":"https:\/\/miradordeatarfe.es\/index.php?rest_route=%2Fwp%2Fv2%2Ftags&post=67448"}],"curies":[{"name":"wp","href":"https:\/\/api.w.org\/{rel}","templated":true}]}}