{"id":67451,"date":"2024-02-27T11:10:40","date_gmt":"2024-02-27T10:10:40","guid":{"rendered":"https:\/\/miradordeatarfe.es\/?p=67451"},"modified":"2024-02-26T13:44:20","modified_gmt":"2024-02-26T12:44:20","slug":"cueva-colomera-i-de-atarfe","status":"publish","type":"post","link":"https:\/\/miradordeatarfe.es\/?p=67451","title":{"rendered":"Cueva Colomera I de Atarfe"},"content":{"rendered":"<h3>En los riscos al este del cauce del R\u00edo Colomera en su tramo inferior, antes de su uni\u00f3n con el R\u00edo Cubillas. Entre el Cortijo de la Rata y el Cortijo de Silva a 1 km de \u00e9ste<\/h3>\n<p>Situada en las altas rocas calizas del L\u00edas que dominan por el este el cauce del R\u00edo Colomera en su tramo inferior. Esta cueva tiene un desnivel de +10 metros y un desarrollo de 56 metros, encontr\u00e1ndose a una altitud de 670 metros. Presenta dos bocas de entrada, una al suroeste y otra hacia el sur, abierta en las proximidades de la desembocadura del aliviadero de la presa del Pantano de Cubillas, \u00e9sta de dif\u00edcil acceso.<\/p>\n<p>Es una sala de alto techo tiznado y bastantes formaciones muy deterioradas que se abre hacia una fractura en la roca que no presenta deslizamientos, con rellenos cuaternarios que discurren en direcci\u00f3n Norte-Sur paralela al farall\u00f3n. En la sala hay varios divert\u00edculos de escaso desarrollo, algunos colgados en las paredes.<\/p>\n<h3>Rese\u00f1a Hist\u00f3rica<\/h3>\n<p>Junto con otras cuevas de la zona, estos yacimientos se han considerado h\u00e1bitats subsidiarios de los grupos de cazadores-recolectores de la especie Sapiens Neanderthalensis (Hombres de Neandertal) del Paleol\u00edtico Medio, hace entre 100.000 y 40.000\/35.000 a\u00f1os. Fueron utilizados como campamento de car\u00e1cter secundario y m\u00e1s estacional para la caza de las especies propias de los ecosistemas pr\u00f3ximos a los asentamientos (grandes herb\u00edvoros), complement\u00e1ndola con la recolecci\u00f3n.<\/p>\n<p>Se han documentado lascas, hojas, esquirlas, n\u00facleos y diversos \u00fatiles de s\u00edlex, junto a huesos de animales de caza (2 molares de equus caballus, un molar de cervus elaphus y otros fragmentos). Se trata de una estaci\u00f3n musteriense dentro de la depresi\u00f3n granadina, siendo uno de los puntos clave para el estudio y conocimiento del W\u00fcrm I y II en la zona, por tratarse de un yacimiento en cueva que presenta un interesante relleno arqueol\u00f3gico in situ.<\/p>\n<p>Se llevaron a cabo dos sondeos, uno en el interior de la cueva que aport\u00f3 nulos resultados debido a la alteraci\u00f3n y poca potencia delos dep\u00f3sitos. El otro sondeo se plante\u00f3 en la entrada y dio una mayor potencia estratigr\u00e1fica.<\/p>\n<p>En ella se encontraron tambi\u00e9n \u00fatiles como raspadores, rederas, puntas y cuchillos, y fueron trasladados al Museo Arqueol\u00f3gico y Etnol\u00f3gico de Granada.<\/p>\n<p><a href=\"https:\/\/i0.wp.com\/miradordeatarfe.es\/wp-content\/uploads\/2024\/02\/CORTIJO-COLOMEARA-1-A.png?ssl=1\"><img data-recalc-dims=\"1\" loading=\"lazy\" decoding=\"async\" class=\"alignnone wp-image-67453 \" src=\"https:\/\/i0.wp.com\/miradordeatarfe.es\/wp-content\/uploads\/2024\/02\/CORTIJO-COLOMEARA-1-A.png?resize=511%2C445&#038;ssl=1\" alt=\"\" width=\"511\" height=\"445\" srcset=\"https:\/\/i0.wp.com\/miradordeatarfe.es\/wp-content\/uploads\/2024\/02\/CORTIJO-COLOMEARA-1-A.png?w=370&amp;ssl=1 370w, https:\/\/i0.wp.com\/miradordeatarfe.es\/wp-content\/uploads\/2024\/02\/CORTIJO-COLOMEARA-1-A.png?resize=300%2C261&amp;ssl=1 300w\" sizes=\"auto, (max-width: 511px) 100vw, 511px\" \/><\/a><\/p>\n<h3>Bibliograf\u00eda y documentaci\u00f3n<\/h3>\n<p>&#8211; ALMOHALLA GALLEGO, Marciano; TORO MOYANO, Isidro. Cueva Colomera I: Caparacena, Granada: nuevo yacimiento musteriense en la provincia de Granada. 1981, pp.9-16.<\/p>\n<p>&#8211; RAMOS LINAZA, Manuel; TORO MOYANO, Isidro. El Paleol\u00edtico medio de Cueva Colomera I: Atarfe, Granada: avance de los resultados obtenidos en la prospecci\u00f3n con sondeo estratigr\u00e1fico de 1987. 1989, pp. 69-78.<\/p>\n<p>&#8211; GRANADOS TORRES, Jos\u00e9 Enrique (coord.). Atarfe en papel. Ayuntamiento de Atarfe y Corporaci\u00f3n de Medios de Andaluc\u00eda (IDEAL). 2007<\/p>\n<p>&#8211; GONZ\u00c1LEZ-RIOS, M. (2006). \u00abEn busca del volc\u00e1n de Sierra Elvira\u00bb. Sociedad grupo de Espele\u00f3logos Granadinos.<\/p>\n<p>&#8211; Archivo de la Delegaci\u00f3n Provincial de la Consejer\u00eda de Cultura de Granada. ARANDA JIM\u00c9NEZ, Gonzalo, MONTUFO MARTIN, Antonio M.<\/p>\n<p>, RAYA PRAENA, Inmaculada, Actualizaci\u00f3n y Revisi\u00f3n del Inventario de Yacimientos Arqueol\u00f3gicos de la provincia de Granada. Cueva Colomera I, 2001.<\/p>\n<p>&#8211; Archivo Central de la Consejer\u00eda de Cultura. Inventario de yacimientos arqueol\u00f3gicos de la Provincia de Granada. Cueva Colomera I, 1989.<\/p>\n<p>&#8211; Red Digital de Colecciones de Museos de Espa\u00f1a del Ministerio de Educaci\u00f3n, Cultura y Deporte.<\/p>\n<p>&#8211; Archivo Central de la Consejer\u00eda de Cultura. MALDONADO, G\u00e1dor, BRACERO, Gerardo, Inventario de yacimientos arqueol\u00f3gicos de la Provincia de Granada. Cueva Colomera I, 1992.<\/p>\n<p>&#8211; Archivo del Instituto Andaluz del Patrimonio Hist\u00f3rico. L\u00d3PEZ L\u00d3PEZ, Manuel, PE\u00d1A RODR\u00cdGUEZ, Jos\u00e9 Manuel, Actualizaci\u00f3n y Revisi\u00f3n del Inventario de Yacimientos Arqueol\u00f3gicos de la provincia de Granada. Cueva Colomera I, 1998.<\/p>\n","protected":false},"excerpt":{"rendered":"<p>En los riscos al este del cauce del R\u00edo Colomera en su tramo inferior, antes&#8230;<\/p>\n","protected":false},"author":1,"featured_media":67452,"comment_status":"closed","ping_status":"closed","sticky":false,"template":"","format":"standard","meta":{"_coblocks_attr":"","_coblocks_dimensions":"","_coblocks_responsive_height":"","_coblocks_accordion_ie_support":"","jetpack_post_was_ever_published":false,"_jetpack_newsletter_access":"","_jetpack_dont_email_post_to_subs":false,"_jetpack_newsletter_tier_id":0,"_jetpack_memberships_contains_paywalled_content":false,"_jetpack_memberships_contains_paid_content":false,"footnotes":"","jetpack_publicize_message":"","jetpack_publicize_feature_enabled":true,"jetpack_social_post_already_shared":true,"jetpack_social_options":{"image_generator_settings":{"template":"highway","default_image_id":0,"enabled":false},"version":2}},"categories":[2,1225,186,44],"tags":[],"class_list":["post-67451","post","type-post","status-publish","format-standard","has-post-thumbnail","hentry","category-atarfe","category-ha-de-atarfe","category-instituciones","category-noticias-de-hoy"],"jetpack_publicize_connections":[],"jetpack_featured_media_url":"https:\/\/i0.wp.com\/miradordeatarfe.es\/wp-content\/uploads\/2024\/02\/CORTIJO-COLOMERA-1.png?fit=352%2C232&ssl=1","jetpack_likes_enabled":true,"jetpack_sharing_enabled":true,"_links":{"self":[{"href":"https:\/\/miradordeatarfe.es\/index.php?rest_route=\/wp\/v2\/posts\/67451","targetHints":{"allow":["GET"]}}],"collection":[{"href":"https:\/\/miradordeatarfe.es\/index.php?rest_route=\/wp\/v2\/posts"}],"about":[{"href":"https:\/\/miradordeatarfe.es\/index.php?rest_route=\/wp\/v2\/types\/post"}],"author":[{"embeddable":true,"href":"https:\/\/miradordeatarfe.es\/index.php?rest_route=\/wp\/v2\/users\/1"}],"replies":[{"embeddable":true,"href":"https:\/\/miradordeatarfe.es\/index.php?rest_route=%2Fwp%2Fv2%2Fcomments&post=67451"}],"version-history":[{"count":1,"href":"https:\/\/miradordeatarfe.es\/index.php?rest_route=\/wp\/v2\/posts\/67451\/revisions"}],"predecessor-version":[{"id":67454,"href":"https:\/\/miradordeatarfe.es\/index.php?rest_route=\/wp\/v2\/posts\/67451\/revisions\/67454"}],"wp:featuredmedia":[{"embeddable":true,"href":"https:\/\/miradordeatarfe.es\/index.php?rest_route=\/wp\/v2\/media\/67452"}],"wp:attachment":[{"href":"https:\/\/miradordeatarfe.es\/index.php?rest_route=%2Fwp%2Fv2%2Fmedia&parent=67451"}],"wp:term":[{"taxonomy":"category","embeddable":true,"href":"https:\/\/miradordeatarfe.es\/index.php?rest_route=%2Fwp%2Fv2%2Fcategories&post=67451"},{"taxonomy":"post_tag","embeddable":true,"href":"https:\/\/miradordeatarfe.es\/index.php?rest_route=%2Fwp%2Fv2%2Ftags&post=67451"}],"curies":[{"name":"wp","href":"https:\/\/api.w.org\/{rel}","templated":true}]}}