{"id":67456,"date":"2024-02-28T11:00:22","date_gmt":"2024-02-28T10:00:22","guid":{"rendered":"https:\/\/miradordeatarfe.es\/?p=67456"},"modified":"2024-02-26T16:10:25","modified_gmt":"2024-02-26T15:10:25","slug":"atarfe-mercado-medieval","status":"publish","type":"post","link":"https:\/\/miradordeatarfe.es\/?p=67456","title":{"rendered":"ATARFE: MERCADO MEDIEVAL"},"content":{"rendered":"<div class=\"xdj266r x11i5rnm xat24cr x1mh8g0r x1vvkbs x126k92a\">\n<h3 dir=\"auto\">MERCADO MEDIEVAL EN ATARFE EL 1,2 Y 3 DE MARZO<\/h3>\n<div dir=\"auto\">\u00a0<\/div>\n<div dir=\"auto\">\u00a1El pr\u00f3ximo fin de semana tienes una cita con el Mercado Medieval!\u00a0<\/div>\n<\/div>\n<div class=\"x11i5rnm xat24cr x1mh8g0r x1vvkbs xtlvy1s x126k92a\">\n<div dir=\"auto\">\u00a0Fecha: Viernes a partir de las 18:00, s\u00e1bado y domingo desde las 11:00 hasta las 22:30.<\/div>\n<div dir=\"auto\">\u00a0Lugar: Paseo de Santa Ana.<\/div>\n<\/div>\n<div class=\"x11i5rnm xat24cr x1mh8g0r x1vvkbs xtlvy1s x126k92a\">\n<div dir=\"auto\">\u00a0<\/div>\n<div dir=\"auto\">Prep\u00e1rate para vivir un viaje a trav\u00e9s del tiempo!\u00a0<\/div>\n<div dir=\"auto\">\u00a0<\/div>\n<div dir=\"auto\">Disfruta de tres d\u00edas llenos de magia, historia y diversi\u00f3n en el Paseo de Santa Ana. Habr\u00e1 actividades para todos: talleres, gastronom\u00eda medieval, pasacalles, y la oportunidad de adquirir productos artesanales.<\/div>\n<div dir=\"auto\">\u00a0<\/div>\n<\/div>\n<div class=\"x11i5rnm xat24cr x1mh8g0r x1vvkbs xtlvy1s x126k92a\">\n<div dir=\"auto\">\u00a1No te lo pierdas! Invita a tus amigos y familiares, y ven a vivir la experiencia del Mercado Medieval de Atarfe. \u00a1Te esperamos con los brazos abiertos!<\/div>\n<div dir=\"auto\"><a href=\"https:\/\/i0.wp.com\/miradordeatarfe.es\/wp-content\/uploads\/2024\/02\/430074356_774874538023397_1017368845425161156_n.jpg?ssl=1\"><img data-recalc-dims=\"1\" loading=\"lazy\" decoding=\"async\" class=\"alignnone wp-image-67458 size-full\" src=\"https:\/\/i0.wp.com\/miradordeatarfe.es\/wp-content\/uploads\/2024\/02\/430074356_774874538023397_1017368845425161156_n.jpg?resize=640%2C906&#038;ssl=1\" alt=\"\" width=\"640\" height=\"906\" srcset=\"https:\/\/i0.wp.com\/miradordeatarfe.es\/wp-content\/uploads\/2024\/02\/430074356_774874538023397_1017368845425161156_n.jpg?w=1130&amp;ssl=1 1130w, https:\/\/i0.wp.com\/miradordeatarfe.es\/wp-content\/uploads\/2024\/02\/430074356_774874538023397_1017368845425161156_n.jpg?resize=212%2C300&amp;ssl=1 212w, https:\/\/i0.wp.com\/miradordeatarfe.es\/wp-content\/uploads\/2024\/02\/430074356_774874538023397_1017368845425161156_n.jpg?resize=723%2C1024&amp;ssl=1 723w, https:\/\/i0.wp.com\/miradordeatarfe.es\/wp-content\/uploads\/2024\/02\/430074356_774874538023397_1017368845425161156_n.jpg?resize=768%2C1087&amp;ssl=1 768w, https:\/\/i0.wp.com\/miradordeatarfe.es\/wp-content\/uploads\/2024\/02\/430074356_774874538023397_1017368845425161156_n.jpg?resize=1085%2C1536&amp;ssl=1 1085w, https:\/\/i0.wp.com\/miradordeatarfe.es\/wp-content\/uploads\/2024\/02\/430074356_774874538023397_1017368845425161156_n.jpg?resize=1024%2C1450&amp;ssl=1 1024w\" sizes=\"auto, (max-width: 640px) 100vw, 640px\" \/><\/a><\/div>\n<\/div>\n<div dir=\"auto\"><a href=\"https:\/\/i0.wp.com\/miradordeatarfe.es\/wp-content\/uploads\/2024\/02\/429902283_774874534690064_7463708878292403906_n.jpg?ssl=1\"><img data-recalc-dims=\"1\" loading=\"lazy\" decoding=\"async\" class=\"alignnone wp-image-67459 size-full\" src=\"https:\/\/i0.wp.com\/miradordeatarfe.es\/wp-content\/uploads\/2024\/02\/429902283_774874534690064_7463708878292403906_n.jpg?resize=640%2C896&#038;ssl=1\" alt=\"\" width=\"640\" height=\"896\" srcset=\"https:\/\/i0.wp.com\/miradordeatarfe.es\/wp-content\/uploads\/2024\/02\/429902283_774874534690064_7463708878292403906_n.jpg?w=1143&amp;ssl=1 1143w, https:\/\/i0.wp.com\/miradordeatarfe.es\/wp-content\/uploads\/2024\/02\/429902283_774874534690064_7463708878292403906_n.jpg?resize=214%2C300&amp;ssl=1 214w, https:\/\/i0.wp.com\/miradordeatarfe.es\/wp-content\/uploads\/2024\/02\/429902283_774874534690064_7463708878292403906_n.jpg?resize=732%2C1024&amp;ssl=1 732w, https:\/\/i0.wp.com\/miradordeatarfe.es\/wp-content\/uploads\/2024\/02\/429902283_774874534690064_7463708878292403906_n.jpg?resize=768%2C1075&amp;ssl=1 768w, https:\/\/i0.wp.com\/miradordeatarfe.es\/wp-content\/uploads\/2024\/02\/429902283_774874534690064_7463708878292403906_n.jpg?resize=1097%2C1536&amp;ssl=1 1097w, https:\/\/i0.wp.com\/miradordeatarfe.es\/wp-content\/uploads\/2024\/02\/429902283_774874534690064_7463708878292403906_n.jpg?resize=1024%2C1433&amp;ssl=1 1024w\" sizes=\"auto, (max-width: 640px) 100vw, 640px\" \/><\/a><\/div>\n","protected":false},"excerpt":{"rendered":"<p>MERCADO MEDIEVAL EN ATARFE EL 1,2 Y 3 DE MARZO \u00a0 \u00a1El pr\u00f3ximo fin de&#8230;<\/p>\n","protected":false},"author":1,"featured_media":67460,"comment_status":"closed","ping_status":"closed","sticky":false,"template":"","format":"standard","meta":{"_coblocks_attr":"","_coblocks_dimensions":"","_coblocks_responsive_height":"","_coblocks_accordion_ie_support":"","jetpack_post_was_ever_published":false,"_jetpack_newsletter_access":"","_jetpack_dont_email_post_to_subs":false,"_jetpack_newsletter_tier_id":0,"_jetpack_memberships_contains_paywalled_content":false,"_jetpack_memberships_contains_paid_content":false,"footnotes":"","jetpack_publicize_message":"","jetpack_publicize_feature_enabled":true,"jetpack_social_post_already_shared":true,"jetpack_social_options":{"image_generator_settings":{"template":"highway","default_image_id":0,"enabled":false},"version":2}},"categories":[2,6916,44],"tags":[],"class_list":["post-67456","post","type-post","status-publish","format-standard","has-post-thumbnail","hentry","category-atarfe","category-ayuntamiento-de-atarfe","category-noticias-de-hoy"],"jetpack_publicize_connections":[],"jetpack_featured_media_url":"https:\/\/i0.wp.com\/miradordeatarfe.es\/wp-content\/uploads\/2024\/02\/430074356_774874538023397_1017368845425161156_n-2.jpg?fit=1120%2C684&ssl=1","jetpack_likes_enabled":true,"jetpack_sharing_enabled":true,"_links":{"self":[{"href":"https:\/\/miradordeatarfe.es\/index.php?rest_route=\/wp\/v2\/posts\/67456","targetHints":{"allow":["GET"]}}],"collection":[{"href":"https:\/\/miradordeatarfe.es\/index.php?rest_route=\/wp\/v2\/posts"}],"about":[{"href":"https:\/\/miradordeatarfe.es\/index.php?rest_route=\/wp\/v2\/types\/post"}],"author":[{"embeddable":true,"href":"https:\/\/miradordeatarfe.es\/index.php?rest_route=\/wp\/v2\/users\/1"}],"replies":[{"embeddable":true,"href":"https:\/\/miradordeatarfe.es\/index.php?rest_route=%2Fwp%2Fv2%2Fcomments&post=67456"}],"version-history":[{"count":1,"href":"https:\/\/miradordeatarfe.es\/index.php?rest_route=\/wp\/v2\/posts\/67456\/revisions"}],"predecessor-version":[{"id":67461,"href":"https:\/\/miradordeatarfe.es\/index.php?rest_route=\/wp\/v2\/posts\/67456\/revisions\/67461"}],"wp:featuredmedia":[{"embeddable":true,"href":"https:\/\/miradordeatarfe.es\/index.php?rest_route=\/wp\/v2\/media\/67460"}],"wp:attachment":[{"href":"https:\/\/miradordeatarfe.es\/index.php?rest_route=%2Fwp%2Fv2%2Fmedia&parent=67456"}],"wp:term":[{"taxonomy":"category","embeddable":true,"href":"https:\/\/miradordeatarfe.es\/index.php?rest_route=%2Fwp%2Fv2%2Fcategories&post=67456"},{"taxonomy":"post_tag","embeddable":true,"href":"https:\/\/miradordeatarfe.es\/index.php?rest_route=%2Fwp%2Fv2%2Ftags&post=67456"}],"curies":[{"name":"wp","href":"https:\/\/api.w.org\/{rel}","templated":true}]}}