{"id":67468,"date":"2024-02-28T09:50:46","date_gmt":"2024-02-28T08:50:46","guid":{"rendered":"https:\/\/miradordeatarfe.es\/?p=67468"},"modified":"2024-02-26T16:54:57","modified_gmt":"2024-02-26T15:54:57","slug":"28f-andalucia-reivindicativa","status":"publish","type":"post","link":"https:\/\/miradordeatarfe.es\/?p=67468","title":{"rendered":"28F: ANDALUCIA REIVINDICATIVA"},"content":{"rendered":"<div class=\"elementor elementor-24701 elementor-location-single post-2726 page type-page status-publish hentry\" data-elementor-type=\"single-page\" data-elementor-id=\"24701\" data-elementor-post-type=\"elementor_library\">\n<section class=\"elementor-section elementor-top-section elementor-element elementor-element-1d03385d elementor-section-boxed elementor-section-height-default elementor-section-height-default\" data-id=\"1d03385d\" data-element_type=\"section\">\n<div class=\"elementor-container elementor-column-gap-default\">\n<div class=\"elementor-column elementor-col-100 elementor-top-column elementor-element elementor-element-2f4194c8\" data-id=\"2f4194c8\" data-element_type=\"column\">\n<div class=\"elementor-widget-wrap elementor-element-populated\">\n<div class=\"elementor-element elementor-element-11683e66 elementor-widget elementor-widget-theme-post-content\" data-id=\"11683e66\" data-element_type=\"widget\" data-widget_type=\"theme-post-content.default\">\n<div class=\"elementor-widget-container\">\n<h3 style=\"text-align: justify;\">La Junta de Andaluc\u00eda y los pol\u00edticos andaluces han transformado el 28F en un d\u00eda de car\u00e1cter l\u00fadico, de ondear de banderas blanquiverdes, de c\u00e1ntico pol\u00edtico y escolar del himno, de \u201cdesayunos molineros\u201d, de premios\u2026, alej\u00e1ndolo de su verdadero car\u00e1cter y significado REIVINDICATIVO.<\/h3>\n<p style=\"text-align: justify;\">Hace 36 a\u00f1os que se celebr\u00f3 el Refer\u00e9ndum Andaluz en el que nos volcamos toda la ciudadan\u00eda con la ilusi\u00f3n y esperanza de quienes anhel\u00e1bamos un autogobierno que contribuyera al progreso, al desarrollo de Andaluc\u00eda y a la correcci\u00f3n de desigualdades derivadas, entre otras causas, de las inversiones y pol\u00edticas p\u00fablicas estatales.<\/p>\n<p style=\"text-align: justify;\">Hoy m\u00e1s que nunca se hace necesaria la revisi\u00f3n de las Instituciones Auton\u00f3micas, la valoraci\u00f3n de su gesti\u00f3n, la evaluaci\u00f3n de las pol\u00edticas p\u00fablicas y de la inversi\u00f3n p\u00fablica, de su contribuci\u00f3n al mantenimiento de la tasa de desempleo, a la dotaci\u00f3n y reducci\u00f3n de recursos para el eficaz funcionamiento de la Administraci\u00f3n, de los Servicios P\u00fablicos, de la Sanidad, la Educaci\u00f3n. En definitiva, EVALUAR PARA CORREGIR con el concurso, compromiso y participaci\u00f3n activa de la ciudadan\u00eda, directamente o a trav\u00e9s de sus representantes, principio inspirador de nuestra democracia que se vulnera constantemente por el poder pol\u00edtico e institucional andaluz.<\/p>\n<p style=\"text-align: justify;\">En el actual contexto pol\u00edtico-econ\u00f3mico-social y en el marco del Estatuto de Autonom\u00eda para Andaluc\u00eda, INICIATIVA SINDICAL ANDALUZA plantea cuatro reivindicaciones b\u00e1sicas al Gobierno Auton\u00f3mico, al Parlamento de Andaluc\u00eda y al Defensor del Pueblo Andaluz. Instituciones y poderes que, directamente o indirectamente, tienen responsabilidad para remover obst\u00e1culos que impidan o dificulten el reconocimiento y ejercicio de derechos, para promover acciones que contribuyan y corrijan la desigualdad y discriminaci\u00f3n, as\u00ed como favorecer la participaci\u00f3n.<\/p>\n<p style=\"text-align: justify;\">Reivindicaciones B\u00e1sicas:<\/p>\n<ul style=\"text-align: justify;\">\n<li>Restablecer el di\u00e1logo y la negociaci\u00f3n en el seno de la mesa sectorial de Administraci\u00f3n General de la Junta de Andaluc\u00eda.<\/li>\n<li>Arbitrar soluciones urgentes para corregir la precariedad en el empleo y la tasa de temporalidad del personal de la Administraci\u00f3n General de la Junta de Andaluc\u00eda, personal que no ha podido acogerse a ning\u00fan proceso de consolidaci\u00f3n tal y como contempla el EBEP publicado en 2007.<\/li>\n<li>Frenar la p\u00e9rdida continuada de Empleo P\u00fablico en la Administraci\u00f3n General de la Junta de Andaluc\u00eda como instrumento para equilibrar el gasto de personal y favorecer el incremento y consolidaci\u00f3n de otros empleados del sector p\u00fablico andaluz. Si se defiende el empleo p\u00fablico, se defiende TODO el empleo p\u00fablico.<\/li>\n<li>Recuperaci\u00f3n de todos los derechos laborales, sociales y econ\u00f3micos perdidos. Los trabajadores p\u00fablicos andaluces estamos sufriendo una desigualdad y discriminaci\u00f3n en la recuperaci\u00f3n de derechos con respecto al personal del resto de las CC.AA y del Estado.<\/li>\n<\/ul>\n<p style=\"text-align: justify;\">EL 28F ES TU D\u00cdA, EL NUESTRO TAMBI\u00c9N.<\/p>\n<\/div>\n<\/div>\n<\/div>\n<\/div>\n<\/div>\n<\/section>\n<\/div>\n<div class=\"elementor elementor-24732 elementor-location-footer\" data-elementor-type=\"footer\" data-elementor-id=\"24732\" data-elementor-post-type=\"elementor_library\">\n<section class=\"elementor-section elementor-top-section elementor-element elementor-element-468f8753 elementor-section-boxed elementor-section-height-default elementor-section-height-default\" data-id=\"468f8753\" data-element_type=\"section\">\n<div class=\"elementor-container elementor-column-gap-default\">\n<div class=\"elementor-column elementor-col-50 elementor-top-column elementor-element elementor-element-130a4c91\" data-id=\"130a4c91\" data-element_type=\"column\">\n<div class=\"elementor-widget-wrap elementor-element-populated\">\n<div class=\"elementor-element elementor-element-611ab083 elementor-widget elementor-widget-text-editor\" data-id=\"611ab083\" data-element_type=\"widget\" data-widget_type=\"text-editor.default\">\n<div class=\"elementor-widget-container\">\n<p style=\"text-align: justify;\"><a href=\"https:\/\/www.isandaluza.es\/politica-de-privacidad\/\">Pol\u00edtica de Privacidad de Iniciativa Sindical Andaluza<\/a><\/p>\n<\/div>\n<\/div>\n<\/div>\n<\/div>\n<\/div>\n<\/section>\n<\/div>\n","protected":false},"excerpt":{"rendered":"<p>La Junta de Andaluc\u00eda y los pol\u00edticos andaluces han transformado el 28F en un d\u00eda&#8230;<\/p>\n","protected":false},"author":1,"featured_media":67469,"comment_status":"closed","ping_status":"closed","sticky":false,"template":"","format":"standard","meta":{"_coblocks_attr":"","_coblocks_dimensions":"","_coblocks_responsive_height":"","_coblocks_accordion_ie_support":"","jetpack_post_was_ever_published":false,"_jetpack_newsletter_access":"","_jetpack_dont_email_post_to_subs":false,"_jetpack_newsletter_tier_id":0,"_jetpack_memberships_contains_paywalled_content":false,"_jetpack_memberships_contains_paid_content":false,"footnotes":"","jetpack_publicize_message":"","jetpack_publicize_feature_enabled":true,"jetpack_social_post_already_shared":true,"jetpack_social_options":{"image_generator_settings":{"template":"highway","default_image_id":0,"enabled":false},"version":2}},"categories":[1161,44,6937],"tags":[],"class_list":["post-67468","post","type-post","status-publish","format-standard","has-post-thumbnail","hentry","category-ciudadania","category-noticias-de-hoy","category-sociedad"],"jetpack_publicize_connections":[],"jetpack_featured_media_url":"https:\/\/i0.wp.com\/miradordeatarfe.es\/wp-content\/uploads\/2024\/02\/28f-3.jpg?fit=255%2C198&ssl=1","jetpack_likes_enabled":true,"jetpack_sharing_enabled":true,"_links":{"self":[{"href":"https:\/\/miradordeatarfe.es\/index.php?rest_route=\/wp\/v2\/posts\/67468","targetHints":{"allow":["GET"]}}],"collection":[{"href":"https:\/\/miradordeatarfe.es\/index.php?rest_route=\/wp\/v2\/posts"}],"about":[{"href":"https:\/\/miradordeatarfe.es\/index.php?rest_route=\/wp\/v2\/types\/post"}],"author":[{"embeddable":true,"href":"https:\/\/miradordeatarfe.es\/index.php?rest_route=\/wp\/v2\/users\/1"}],"replies":[{"embeddable":true,"href":"https:\/\/miradordeatarfe.es\/index.php?rest_route=%2Fwp%2Fv2%2Fcomments&post=67468"}],"version-history":[{"count":1,"href":"https:\/\/miradordeatarfe.es\/index.php?rest_route=\/wp\/v2\/posts\/67468\/revisions"}],"predecessor-version":[{"id":67470,"href":"https:\/\/miradordeatarfe.es\/index.php?rest_route=\/wp\/v2\/posts\/67468\/revisions\/67470"}],"wp:featuredmedia":[{"embeddable":true,"href":"https:\/\/miradordeatarfe.es\/index.php?rest_route=\/wp\/v2\/media\/67469"}],"wp:attachment":[{"href":"https:\/\/miradordeatarfe.es\/index.php?rest_route=%2Fwp%2Fv2%2Fmedia&parent=67468"}],"wp:term":[{"taxonomy":"category","embeddable":true,"href":"https:\/\/miradordeatarfe.es\/index.php?rest_route=%2Fwp%2Fv2%2Fcategories&post=67468"},{"taxonomy":"post_tag","embeddable":true,"href":"https:\/\/miradordeatarfe.es\/index.php?rest_route=%2Fwp%2Fv2%2Ftags&post=67468"}],"curies":[{"name":"wp","href":"https:\/\/api.w.org\/{rel}","templated":true}]}}