{"id":67484,"date":"2024-02-28T08:14:50","date_gmt":"2024-02-28T07:14:50","guid":{"rendered":"https:\/\/miradordeatarfe.es\/?p=67484"},"modified":"2024-02-27T10:58:48","modified_gmt":"2024-02-27T09:58:48","slug":"sombras-episcopales-sobre-la-pederastia","status":"publish","type":"post","link":"https:\/\/miradordeatarfe.es\/?p=67484","title":{"rendered":"Sombras episcopales sobre la pederastia"},"content":{"rendered":"<header class=\"a_e a_e-o _g _g-xs\">\n<div class=\"a_e_txt _df\">\n<h2 class=\"a_st\" style=\"text-align: justify;\">El informe de los obispos sobre los casos de pederastia en la Iglesia espa\u00f1ola revela de nuevo su falta de transparencia y su distancia con las v\u00edctimas<\/h2>\n<\/div>\n<\/header>\n<div class=\"a_c clearfix\" data-dtm-region=\"articulo_cuerpo\">\n<p class=\"\" style=\"text-align: justify;\">Los obispos espa\u00f1oles han reaccionado siempre a la defensiva y con falta de transparencia ante <a href=\"https:\/\/elpais.com\/sociedad\/2023-06-26\/base-de-datos-de-el-pais-todos-los-casos-conocidos-de-abusos-en-la-iglesia-espanola.html\" target=\"_blank\" rel=\"noopener\" data-link-track-dtm=\"\" data-mrf-link=\"https:\/\/elpais.com\/sociedad\/2023-06-26\/base-de-datos-de-el-pais-todos-los-casos-conocidos-de-abusos-en-la-iglesia-espanola.html\">el mayor esc\u00e1ndalo protagonizado por la Iglesia cat\u00f3lica en Espa\u00f1a<\/a> en los \u00faltimos a\u00f1os: los abusos sexuales a menores. El \u00faltimo ejemplo lo muestra el an\u00e1lisis detallado realizado por EL PA\u00cdS del informe que la Conferencia Episcopal (CEE) present\u00f3 en diciembre.<\/p>\n<p class=\"\" style=\"text-align: justify;\">El <a href=\"https:\/\/elpais.com\/sociedad\/2024-02-26\/los-obispos-dejaron-fuera-de-su-informe-sobre-pederastia-mas-de-300-casos-ya-reconocidos-por-ordenes-y-diocesis-han-manipulado-las-cifras.html\" target=\"_blank\" rel=\"noopener\" data-link-track-dtm=\"\" data-mrf-link=\"https:\/\/elpais.com\/sociedad\/2024-02-26\/los-obispos-dejaron-fuera-de-su-informe-sobre-pederastia-mas-de-300-casos-ya-reconocidos-por-ordenes-y-diocesis-han-manipulado-las-cifras.html\">texto, titulado <i>Para dar luz<\/i>, excluye m\u00e1s de 300 casos que \u00f3rdenes y di\u00f3cesis ya comunicaron al Defensor del Pueblo<\/a> en la investigaci\u00f3n que puso en marcha por orden del Parlamento; desde\u00f1a casos ya publicados \u2014obviando la <a href=\"https:\/\/elpais.com\/sociedad\/2022-01-11\/el-papa-pide-a-la-iglesia-una-firme-voluntad-de-esclarecimiento-de-los-casos-de-abusos.html\" target=\"_blank\" rel=\"noopener\" data-link-track-dtm=\"\" data-mrf-link=\"https:\/\/elpais.com\/sociedad\/2022-01-11\/el-papa-pide-a-la-iglesia-una-firme-voluntad-de-esclarecimiento-de-los-casos-de-abusos.html\">decisi\u00f3n del Papa Francisco de que se investigue cada sospecha ante la menor informaci\u00f3n<\/a>\u2014 y muestra asombrosas lagunas, como que al menos 39 \u00f3rdenes que reconocieron abusos al Defensor se hayan ca\u00eddo del documento.<\/p>\n<p class=\"\" style=\"text-align: justify;\">La propia presentaci\u00f3n del texto a finales de diciembre estuvo rodeada de sombras: por sorpresa, sin admitir preguntas y con la sospechosa intenci\u00f3n de ningunear la auditor\u00eda externa que la propia CEE hab\u00eda <a href=\"https:\/\/elpais.com\/sociedad\/2023-12-18\/silencio-ante-el-informe-de-cremades-sobre-los-abusos-ni-entrega-publica-ni-comparecencia-de-los-obispos-solo-un-acuse-de-recibo.html\" target=\"_blank\" rel=\"noopener\" data-link-track-dtm=\"\" data-mrf-link=\"https:\/\/elpais.com\/sociedad\/2023-12-18\/silencio-ante-el-informe-de-cremades-sobre-los-abusos-ni-entrega-publica-ni-comparecencia-de-los-obispos-solo-un-acuse-de-recibo.html\">encargado al despacho de abogados Cremades &amp; Calvo-Sotelo<\/a>, que se\u00f1ala m\u00e1s episodios y es m\u00e1s cr\u00edtico con la actitud de la jerarqu\u00eda eclesi\u00e1stica.<\/p>\n<p class=\"\" style=\"text-align: justify;\">El informe interno tambi\u00e9n desde\u00f1a el trabajo que EL PA\u00cdS puso en marcha en 2018 y que ha dado origen a la \u00fanica base de datos p\u00fablica que detalla todos los casos conocidos, con 1.460 acusados y al menos 2.608 v\u00edctimas.<\/p>\n<p class=\"\" style=\"text-align: justify;\">No es solo el caos del texto o el desfase entre los hechos que \u00f3rdenes y di\u00f3cesis dicen conocer y los que se conocen realmente. La falta de detalle sobre v\u00edctimas y abusadores impide contrastar y mejorar la investigaci\u00f3n. Adem\u00e1s, establecer una categor\u00eda de \u201ccasos probados\u201d \u2014152 de los 888 registrados en el texto episcopal, adem\u00e1s de otros 84 \u201cno probados pero veros\u00edmiles\u201d, seg\u00fan la \u00faltima actualizaci\u00f3n del informe\u2014 muestra de nuevo <a href=\"https:\/\/elpais.com\/sociedad\/2023-02-13\/la-iglesia-portuguesa-estima-que-al-menos-4815-menores-sufrieron-abusos-desde-1950.html\" target=\"_blank\" rel=\"noopener\" data-link-track-dtm=\"\" data-mrf-link=\"https:\/\/elpais.com\/sociedad\/2023-02-13\/la-iglesia-portuguesa-estima-que-al-menos-4815-menores-sufrieron-abusos-desde-1950.html\">la desconfianza hacia los damnificados con la que, en claro contraste con el de otros pa\u00edses<\/a>, act\u00faa el episcopado espa\u00f1ol.<\/p>\n<p class=\"\" style=\"text-align: justify;\">El empe\u00f1o en subrayar la dificultad de ofrecer una cifra cerrada de v\u00edctimas y de victimarios, pero, al tiempo, rebajar las que existen o <a href=\"https:\/\/elpais.com\/sociedad\/2023-11-20\/los-obispos-atacan-el-informe-del-defensor-sobre-pederastia-porque-las-encuestas-no-son-fiables.html\" target=\"_blank\" rel=\"noopener\" data-link-track-dtm=\"\" data-mrf-link=\"https:\/\/elpais.com\/sociedad\/2023-11-20\/los-obispos-atacan-el-informe-del-defensor-sobre-pederastia-porque-las-encuestas-no-son-fiables.html\">hablar de \u201ccasos no probados\u201d trat\u00e1ndose de unos abusos de los que, por su naturaleza, casi nunca hay pruebas <\/a>lleva a pensar en un intento de no hacer frente a indemnizaciones como las que han pagado otras conferencias episcopales del mundo.<\/p>\n<p class=\"\" style=\"text-align: justify;\">Los obispos espa\u00f1oles elegir\u00e1n la pr\u00f3xima semana a su nuevo presidente. Tras la desafortunada gesti\u00f3n que el actual, el <a href=\"https:\/\/elpais.com\/sociedad\/2022-04-07\/omella-sobre-los-abusos-en-la-iglesia-hemos-sido-un-poco-lentos-y-no-nos-dimos-cuenta-de-algunas-cosas.html\" target=\"_blank\" rel=\"noopener\" data-link-track-dtm=\"\" data-mrf-link=\"https:\/\/elpais.com\/sociedad\/2022-04-07\/omella-sobre-los-abusos-en-la-iglesia-hemos-sido-un-poco-lentos-y-no-nos-dimos-cuenta-de-algunas-cosas.html\">cardenal Juan Jos\u00e9 Omella,<\/a> ha hecho de un esc\u00e1ndalo que ha causado un grav\u00edsimo trauma a miles de personas, los prelados tienen en su mano decidir si quieren seguir tap\u00e1ndolo o afrontar con todas sus consecuencias el reconocimiento del da\u00f1o y la reparaci\u00f3n a quienes lo sufrieron.<\/p>\n<p><strong>EDITORIAL EL PAIS<\/strong><\/p>\n<p>FOTO: El presidente de la Conferencia Episcopal Espa\u00f1ola, el cardenal Juan Jos\u00e9 Omella, en el centro, preside la asamblea plenaria extraordinaria para analizar el informe del Defensor del Pueblo sobre los abusos sexuales a menores en la Iglesia, en noviembre de 2023.<span class=\"a_m_m\">Daniel Gonzalez (EFE)<\/span><\/p>\n<p>https:\/\/elpais.com\/opinion\/2024-02-27\/sombras-episcopales-sobre-la-pederastia.html<\/p>\n<\/div>\n","protected":false},"excerpt":{"rendered":"<p>El informe de los obispos sobre los casos de pederastia en la Iglesia espa\u00f1ola revela&#8230;<\/p>\n","protected":false},"author":1,"featured_media":67485,"comment_status":"closed","ping_status":"closed","sticky":false,"template":"","format":"standard","meta":{"_coblocks_attr":"","_coblocks_dimensions":"","_coblocks_responsive_height":"","_coblocks_accordion_ie_support":"","jetpack_post_was_ever_published":false,"_jetpack_newsletter_access":"","_jetpack_dont_email_post_to_subs":false,"_jetpack_newsletter_tier_id":0,"_jetpack_memberships_contains_paywalled_content":false,"_jetpack_memberships_contains_paid_content":false,"footnotes":"","jetpack_publicize_message":"","jetpack_publicize_feature_enabled":true,"jetpack_social_post_already_shared":true,"jetpack_social_options":{"image_generator_settings":{"template":"highway","default_image_id":0,"enabled":false},"version":2}},"categories":[1161,44,6937],"tags":[],"class_list":["post-67484","post","type-post","status-publish","format-standard","has-post-thumbnail","hentry","category-ciudadania","category-noticias-de-hoy","category-sociedad"],"jetpack_publicize_connections":[],"jetpack_featured_media_url":"https:\/\/i0.wp.com\/miradordeatarfe.es\/wp-content\/uploads\/2024\/02\/Screenshot-2024-02-27-at-10-56-28-Sombras-episcopales-sobre-la-pederastia.png?fit=565%2C374&ssl=1","jetpack_likes_enabled":true,"jetpack_sharing_enabled":true,"_links":{"self":[{"href":"https:\/\/miradordeatarfe.es\/index.php?rest_route=\/wp\/v2\/posts\/67484","targetHints":{"allow":["GET"]}}],"collection":[{"href":"https:\/\/miradordeatarfe.es\/index.php?rest_route=\/wp\/v2\/posts"}],"about":[{"href":"https:\/\/miradordeatarfe.es\/index.php?rest_route=\/wp\/v2\/types\/post"}],"author":[{"embeddable":true,"href":"https:\/\/miradordeatarfe.es\/index.php?rest_route=\/wp\/v2\/users\/1"}],"replies":[{"embeddable":true,"href":"https:\/\/miradordeatarfe.es\/index.php?rest_route=%2Fwp%2Fv2%2Fcomments&post=67484"}],"version-history":[{"count":2,"href":"https:\/\/miradordeatarfe.es\/index.php?rest_route=\/wp\/v2\/posts\/67484\/revisions"}],"predecessor-version":[{"id":67487,"href":"https:\/\/miradordeatarfe.es\/index.php?rest_route=\/wp\/v2\/posts\/67484\/revisions\/67487"}],"wp:featuredmedia":[{"embeddable":true,"href":"https:\/\/miradordeatarfe.es\/index.php?rest_route=\/wp\/v2\/media\/67485"}],"wp:attachment":[{"href":"https:\/\/miradordeatarfe.es\/index.php?rest_route=%2Fwp%2Fv2%2Fmedia&parent=67484"}],"wp:term":[{"taxonomy":"category","embeddable":true,"href":"https:\/\/miradordeatarfe.es\/index.php?rest_route=%2Fwp%2Fv2%2Fcategories&post=67484"},{"taxonomy":"post_tag","embeddable":true,"href":"https:\/\/miradordeatarfe.es\/index.php?rest_route=%2Fwp%2Fv2%2Ftags&post=67484"}],"curies":[{"name":"wp","href":"https:\/\/api.w.org\/{rel}","templated":true}]}}