{"id":67488,"date":"2024-02-29T11:00:12","date_gmt":"2024-02-29T10:00:12","guid":{"rendered":"https:\/\/miradordeatarfe.es\/?p=67488"},"modified":"2024-06-02T12:16:50","modified_gmt":"2024-06-02T10:16:50","slug":"tal-vez-solo-lucimiento-por-juan-de-dios-villanueva-roa","status":"publish","type":"post","link":"https:\/\/miradordeatarfe.es\/?p=67488","title":{"rendered":"\u00abTAL VEZ SOLO LUCIMIENTO\u00bb por \u00a0Juan de Dios Villanueva Roa"},"content":{"rendered":"<h3 style=\"text-align: justify;\">Tal vez se ha convertido en un d\u00eda para el lucimiento de pol\u00edticos con los centros p\u00fablicos cerrados. Poco m\u00e1s, mucho himno y alguna reivindicaci\u00f3n no <i>al<\/i>\u2026 sino contra <i>el<\/i>&#8230; Entienda lo que va tras los art\u00edculos.<\/h3>\n<p style=\"text-align: justify;\">Andaluc\u00eda es una tierra inmensa, de ella venimos y posiblemente en ella descansaremos alg\u00fan d\u00eda, abierta a quienes aqu\u00ed llegan, pero lamentablemente, por mucho que nos digan quienes la dirigen, se ha perdido el car\u00e1cter reivindicativo que posey\u00f3 en otros tiempos. Reivindicar no es pedir o exigir al otro gobierno, el que sea, que nos d\u00e9. Es apostar, es luchar por alcanzar metas consensuadas entre quienes vivimos aqu\u00ed, recorrer unos caminos que nos lleven m\u00e1s all\u00e1 de un d\u00eda tras otro con resignaci\u00f3n y de vez en cuando hablar con gracejo y sorna, y con un acento que no es el de todos porque es tan plural esta tierra que ni siquiera los acentos son los mismos.<\/p>\n<p style=\"text-align: justify;\">Andaluc\u00eda le viene grande a muchos de los que pretenden pilotarla o la pilotan, porque en sus entra\u00f1as hay mucho m\u00e1s de lo que ellos saben o creen. La cultura que encierra supera con creces a los que piensan que la dominan, la cultura est\u00e1 en sus gentes, en sus campos, en sus aires y en sus aguas, en sus monumentos y en su historia, esa que ha tra\u00eddo tanto sudor, tanta lucha y tanto beneficio a algunas manos por nacimiento. Andaluc\u00eda seguir\u00e1 aqu\u00ed cuando otros est\u00e9n, y, aunque algunos piensan que ellos estar\u00e1n siempre, que miren hacia atr\u00e1s, algunos as\u00ed lo supusieron no hace tanto, y ya ve. Andaluc\u00eda es tambi\u00e9n usted, estimado lector, y yo, y formaremos parte intr\u00ednseca de su tierra alg\u00fan d\u00eda, tal vez.<\/p>\n<p>PUBLICADO EN IDEAL<\/p>\n","protected":false},"excerpt":{"rendered":"<p>Tal vez se ha convertido en un d\u00eda para el lucimiento de pol\u00edticos con los&#8230;<\/p>\n","protected":false},"author":1,"featured_media":67489,"comment_status":"closed","ping_status":"closed","sticky":false,"template":"","format":"standard","meta":{"_coblocks_attr":"","_coblocks_dimensions":"","_coblocks_responsive_height":"","_coblocks_accordion_ie_support":"","jetpack_post_was_ever_published":false,"_jetpack_newsletter_access":"","_jetpack_dont_email_post_to_subs":false,"_jetpack_newsletter_tier_id":0,"_jetpack_memberships_contains_paywalled_content":false,"_jetpack_memberships_contains_paid_content":false,"footnotes":"","jetpack_publicize_message":"","jetpack_publicize_feature_enabled":true,"jetpack_social_post_already_shared":true,"jetpack_social_options":{"image_generator_settings":{"template":"highway","default_image_id":0,"enabled":false},"version":2}},"categories":[10791,1161,9772,7671],"tags":[],"class_list":["post-67488","post","type-post","status-publish","format-standard","has-post-thumbnail","hentry","category-andalucia","category-ciudadania","category-opinion-de-juan-de-dios-villanueva","category-politica"],"jetpack_publicize_connections":[],"jetpack_featured_media_url":"https:\/\/i0.wp.com\/miradordeatarfe.es\/wp-content\/uploads\/2024\/02\/DXIb3F_X0AAn72t.jpg?fit=1024%2C925&ssl=1","jetpack_likes_enabled":true,"jetpack_sharing_enabled":true,"_links":{"self":[{"href":"https:\/\/miradordeatarfe.es\/index.php?rest_route=\/wp\/v2\/posts\/67488","targetHints":{"allow":["GET"]}}],"collection":[{"href":"https:\/\/miradordeatarfe.es\/index.php?rest_route=\/wp\/v2\/posts"}],"about":[{"href":"https:\/\/miradordeatarfe.es\/index.php?rest_route=\/wp\/v2\/types\/post"}],"author":[{"embeddable":true,"href":"https:\/\/miradordeatarfe.es\/index.php?rest_route=\/wp\/v2\/users\/1"}],"replies":[{"embeddable":true,"href":"https:\/\/miradordeatarfe.es\/index.php?rest_route=%2Fwp%2Fv2%2Fcomments&post=67488"}],"version-history":[{"count":1,"href":"https:\/\/miradordeatarfe.es\/index.php?rest_route=\/wp\/v2\/posts\/67488\/revisions"}],"predecessor-version":[{"id":67490,"href":"https:\/\/miradordeatarfe.es\/index.php?rest_route=\/wp\/v2\/posts\/67488\/revisions\/67490"}],"wp:featuredmedia":[{"embeddable":true,"href":"https:\/\/miradordeatarfe.es\/index.php?rest_route=\/wp\/v2\/media\/67489"}],"wp:attachment":[{"href":"https:\/\/miradordeatarfe.es\/index.php?rest_route=%2Fwp%2Fv2%2Fmedia&parent=67488"}],"wp:term":[{"taxonomy":"category","embeddable":true,"href":"https:\/\/miradordeatarfe.es\/index.php?rest_route=%2Fwp%2Fv2%2Fcategories&post=67488"},{"taxonomy":"post_tag","embeddable":true,"href":"https:\/\/miradordeatarfe.es\/index.php?rest_route=%2Fwp%2Fv2%2Ftags&post=67488"}],"curies":[{"name":"wp","href":"https:\/\/api.w.org\/{rel}","templated":true}]}}