{"id":67491,"date":"2024-02-29T11:16:28","date_gmt":"2024-02-29T10:16:28","guid":{"rendered":"https:\/\/miradordeatarfe.es\/?p=67491"},"modified":"2024-02-28T19:52:53","modified_gmt":"2024-02-28T18:52:53","slug":"el-milagro-de-la-granadina-carmen-dorador-me-dijeron-que-no-podia-ser-madre","status":"publish","type":"post","link":"https:\/\/miradordeatarfe.es\/?p=67491","title":{"rendered":"El milagro de la granadina Carmen Dorador: \u00abMe dijeron que no pod\u00eda ser madre\u00bb"},"content":{"rendered":"<h3 style=\"text-align: justify;\">ESTA NOTICIA APARECI\u00d3 PUBLICADA EN IDEAL EL 27 DE FEBRERO,\u00a0 DONDE LA PROFESORA DEL IES LA VEGA<span style=\"color: #ff0000;\"> CARMEN DORADO<\/span> Y NUESTRO VECINO <span style=\"color: #ff0000;\">SANTIAGO GARC\u00cdA,<\/span> HIJO DEL ENTRENADOR DE FUTBOL \u00abCHIRLO\u00bb, NOS RELATAN EN ESTE ART\u00cdCULO TODO LO QUE HAN PASADO PARA QUE CARMEN CUMPLA SU DESEO DE SER MADRE<\/h3>\n<h3 class=\"v-a-sub-t\" style=\"text-align: justify;\">A esta profesora le diagnosticaron leucemia mieloide cr\u00f3nica justo cuando ella y su marido, Santiago, decidieron formar una familia. Ha tenido dos hijas y lleva 45 meses sin tratamiento.<\/h3>\n<p class=\"v-p\" style=\"text-align: justify;\">La risa de Rosa corre como un rayo por el exterior del Virgen de las Nieves. La ni\u00f1a, de dos a\u00f1os, estruja las batas de Jos\u00e9 Manuel y Soledad, que la reciben con los brazos bien abiertos. \u00ab\u00a1Y esta ni\u00f1a bonita!\u00bb, exclaman los m\u00e9dicos mientras le plantan cientos de besos apretados en las mejillas. Desde el carrito, Sof\u00eda observa la escena y se deja querer. \u00ab\u00a1Pero qu\u00e9 grande est\u00e1, por Dios! \u00a1Si solo tiene tres meses!\u00bb. Los padres, Carmen y Santiago, intentan contener las l\u00e1grimas, pero no pueden. \u00abLos consideramos familia porque les tenemos mucho que agradecer. No podemos ni expresarlo con palabras. Esto \u2013abren las manos y se\u00f1alan a sus hijas, que ahora cantan &#8216;Frozen&#8217; con los sanitarios\u2013 es un milagro\u00bb.<\/p>\n<div class=\"paywall container-wall-exclusive\" data-mrf-recirculation=\"Link art\u00edculos\">\n<p class=\"v-p\" style=\"text-align: justify;\">Carmen Dorador decidi\u00f3 que iba a ser madre poco antes de saber que era imposible. Por aquel entonces, a finales de 2018, estaba siempre muy cansada. \u00abM\u00e1s de lo habitual\u00bb, recuerda. \u00abMe estaba preparando las oposiciones y cre\u00eda que era por eso\u00bb. Santiago Garc\u00eda, su marido, propuso que se hiciera un chequeo \u00abpor si era anemia y afectaba a la idea del embarazo\u00bb.<\/p>\n<p class=\"v-p\" style=\"text-align: justify;\">El resultado del an\u00e1lisis, la cifra que rob\u00f3 toda su atenci\u00f3n fue otra: \u00ab88.000 leucocitos. Nunca lo olvidar\u00e9\u00bb, sigue Carmen. El diagn\u00f3stico fue leucemia mieloide cr\u00f3nica. \u00abPens\u00e9 en quimio, en cu\u00e1nto tiempo de vida me quedaba&#8230; pero entonces conoc\u00ed a Jos\u00e9 Manuel, mi m\u00e9dico. Me dio mucha tranquilidad. Me dijo que no iba a morir. Y, desde el primer momento, supe que estaba en buenas manos\u00bb.<\/p>\n<div class=\"v-c-cmp \" style=\"text-align: justify;\">\n<div class=\"v-cmp-m \">\n<article class=\"v-a v-a--cmp-m \">\n<div class=\"v-a-img-c v-a-img-c--fw-xs\">\n<figure class=\"v-a-fig\"><img data-recalc-dims=\"1\" loading=\"lazy\" decoding=\"async\" class=\"v-a-img lzld\" src=\"https:\/\/i0.wp.com\/s1.ppllstatics.com\/ideal\/www\/multimedia\/2024\/02\/15\/carmen-madre-granada%20%285%29-kjLF-U2101520735261F0-650x455%40Ideal.jpg?resize=640%2C448&#038;ssl=1\" alt=\"Soledad de Linares y Jos\u00e9 Manuel Puerta.\" width=\"640\" height=\"448\" data-voc-vtm-id=\"in-text-traffic\" \/><figcaption class=\"v-fc\"><span class=\"v-fc__text\"> Soledad de Linares y Jos\u00e9 Manuel Puerta. <\/span> <span class=\"v-fc__ath\"> R. L. P. <\/span><\/figcaption><\/figure>\n<\/div>\n<\/article>\n<\/div>\n<\/div>\n<p class=\"v-p\" style=\"text-align: justify;\">Jos\u00e9 Manuel Puerta, jefe del Servicio de Hematolog\u00eda y Hemoterapia del HUVN, le explic\u00f3 qu\u00e9 era la leucemia mieloide cr\u00f3nica. \u00abEs una alteraci\u00f3n gen\u00e9tica que hace que la m\u00e9dula \u00f3sea fabrique gl\u00f3bulos blancos sin parar. Son c\u00e9lulas buenas, pero en una cantidad tan desorbitada que puede llegar a producir el da\u00f1o org\u00e1nico\u00bb.<\/p>\n<p class=\"v-p\" style=\"text-align: justify;\">En 2001, se descubri\u00f3 un tratamiento con inhibidores que permite controlar la enfermedad y evitar que evolucione a una leucemia aguda, lo que ser\u00eda fatal. \u00abEs decir, que si se respeta el tratamiento, un paciente con leucemia mieloide cr\u00f3nica puede vivir tanto como alguien que no tenga la enfermedad\u00bb.<\/p>\n<div class=\"v-c-cmp v-n-mrg\" style=\"text-align: justify;\">\n<h3 class=\"v-cmp-suh\">\u00abDiscontinuar el tratamiento\u00bb<\/h3>\n<\/div>\n<p class=\"v-p\" style=\"text-align: justify;\">Pero Carmen quer\u00eda ser madre. \u00abLe dijimos \u2013contin\u00faa Puerta\u2013 que no pod\u00eda porque el f\u00e1rmaco puede producir da\u00f1os en el feto\u00bb. Los estudios cient\u00edficos afirman que se puede \u00abdiscontinuar el tratamiento\u00bb de una paciente a partir del quinto a\u00f1o, siempre que cumpla unas caracter\u00edsticas espec\u00edficas. \u00abYo no quer\u00eda esperar&#8230; \u2013suspira Carmen\u2013 En esos cinco a\u00f1os pod\u00eda morir sin ser mam\u00e1. Lo pas\u00e9 mal, la enfermedad me dio fuerte\u00bb.<\/p>\n<p class=\"v-p\" style=\"text-align: justify;\">A los 18 meses de tratamiento, la leucemia estaba controlada con unos indicadores \u00f3ptimos. Entonces fue cuando Carmen decidi\u00f3 que no iba a esperar los cinco a\u00f1os, que lo iba a intentar ya. Puerta y su equipo se pusieron a su disposici\u00f3n. Primero probaron con la fecundaci\u00f3n in vitro, para no perder tiempo, y, a los cuatro meses, tuvo un aborto. Los niveles de la enfermedad, mientras tanto, no variaron nada. Al poco se qued\u00f3 embarazada de forma natural y, haciendo una elipsis maravillosa, Rosa naci\u00f3 9 meses despu\u00e9s y Sof\u00eda, dos a\u00f1os m\u00e1s tarde.<\/p>\n<div class=\"v-c-cmp v-c-cmp--t1 v-c-cmp--ab-xs\" style=\"text-align: justify;\">\n<div class=\"v-cmp-smy\">\n<article class=\"v-a v-a--cmp-smy \">\n<div class=\"v-a-info-c\">\n<h3 class=\"v-a-t\">\u00abSu caso se sale de la literatura. No hay otro igual en el mundo, es el primero\u00bb Jos\u00e9 Manuel Puerta.Jefe Servicio Hemtaolog\u00eda HUVN<\/h3>\n<\/div>\n<\/article>\n<\/div>\n<\/div>\n<p class=\"v-p\" style=\"text-align: justify;\">\u00abLo que estamos diciendo \u2013destaca Puerta\u2013 es que Carmen lleva 45 meses sin tratamiento y los \u00edndices siguen controlados. Su caso se sale de la literatura. No hay otro igual en el mundo, es el primero. Quiz\u00e1s los embarazos puedan tener algo a nivel del sistema inmunitario que sea capaz de controlar la enfermedad sin tratamiento&#8230; O quiz\u00e1s sea suerte. El caso es que Carmen antepuso su familia a su propia vida. Y lo consigui\u00f3\u00bb.<\/p>\n<div class=\"v-c-cmp \" style=\"text-align: justify;\">\n<div class=\"v-cmp-m \">\n<article class=\"v-a v-a--cmp-m \">\n<div class=\"v-a-img-c v-a-img-c--fw-xs\">\n<figure class=\"v-a-fig\"><img data-recalc-dims=\"1\" loading=\"lazy\" decoding=\"async\" class=\"v-a-img lzld\" src=\"https:\/\/i0.wp.com\/s2.ppllstatics.com\/ideal\/www\/multimedia\/2024\/02\/15\/carmen-madre-granada%20%286%29-kjLF-U21015207352610tH-650x455%40Ideal.jpg?resize=640%2C448&#038;ssl=1\" alt=\"Atendiendo una llamada importante.\" width=\"640\" height=\"448\" data-voc-vtm-id=\"in-text-traffic\" \/><figcaption class=\"v-fc\"><span class=\"v-fc__text\"> Atendiendo una llamada importante. <\/span> <span class=\"v-fc__ath\"> R. L. P. <\/span><\/figcaption><\/figure>\n<\/div>\n<\/article>\n<\/div>\n<\/div>\n<p class=\"v-p\" style=\"text-align: justify;\">Carmen sigue sin tomar el tratamiento, pero con revisiones mensuales para controlar los \u00edndices de la enfermedad. Ella tiene claro que ha sido madre gracias a todo lo que le ha rodeado, un servicio sanitario volcado en una medicina de precisi\u00f3n. Hablamos de enfermer\u00eda, ginecolog\u00eda y obstetricia, an\u00e1lisis cl\u00ednicos y psiquiatr\u00eda, claro. \u00abMe arriesgu\u00e9 porque encontraba seguridad en mi m\u00e9dico, Jos\u00e9 Manuel, y el apoyo que necesitaba en Sole\u00bb.<\/p>\n<div class=\"v-c-cmp v-n-mrg\" style=\"text-align: justify;\">\n<h3 class=\"v-cmp-suh\">El ejemplo<\/h3>\n<\/div>\n<p class=\"v-p\" style=\"text-align: justify;\">Soledad de Linares Fern\u00e1ndez es psic\u00f3loga sanitaria, experta en psicooncolog\u00eda y cuidados paliativos. \u00abLlevo 22 a\u00f1os aqu\u00ed \u2013dice sonriente\u2013 y la historia de Carmen es lo mejorcito que nos ha pasado en mucho tiempo\u00bb. A Carmen le cost\u00f3 \u00abmuch\u00edsimo\u00bb aceptar la enfermedad. \u00abEl suyo \u2013contin\u00faa Linares\u2013 es el ejemplo de lo que supone el diagn\u00f3stico de una enfermedad de este tipo. Todos los pacientes sufren un derrumbe tremendo, los planes se van al traste. Planes como el deseo de ser padres\u00bb.<\/p>\n<div class=\"v-c-cmp v-c-cmp--t1 v-c-cmp--ab-xs\" style=\"text-align: justify;\">\n<div class=\"v-cmp-smy\">\n<article class=\"v-a v-a--cmp-smy \">\n<div class=\"v-a-info-c\">\n<h3 class=\"v-a-t\">\u00abCarmen fue muy valiente porque no pens\u00f3 en ella. Pens\u00f3 en una futura familia\u00bb<\/h3>\n<div class=\"v-a-pst\">\n<p class=\"v-a-pst__name\">Soledad de Linares<\/p>\n<p class=\"v-a-pst__employ\">Psic\u00f3loga sanitaria<\/p>\n<\/div>\n<\/div>\n<\/article>\n<\/div>\n<\/div>\n<p class=\"v-p\" style=\"text-align: justify;\">Despu\u00e9s de tanto tiempo juntas, Sole y Carmen han forjado una amistad que va m\u00e1s all\u00e1 de la consulta. \u00abHemos pasado muchas cosas muy duras. Hemos llorado tanto\u2026 Carmen fue muy valiente porque no pens\u00f3 en ella. Pens\u00f3 en una futura familia. Y nos preparamos para las peores situaciones, para todo lo que pudiera pasar\u2026 Pero, al final, querer es poder y, a veces, los milagros aparecen. \u00a1Dos veces!\u00bb, r\u00eden todos.<\/p>\n<div class=\"v-c-cmp \" style=\"text-align: justify;\">\n<div class=\"v-cmp-m \">\n<article class=\"v-a v-a--cmp-m \">\n<div class=\"v-a-img-c v-a-img-c--fw-xs\">\n<figure class=\"v-a-fig\"><img data-recalc-dims=\"1\" loading=\"lazy\" decoding=\"async\" class=\"v-a-img lzld\" src=\"https:\/\/i0.wp.com\/s2.ppllstatics.com\/ideal\/www\/multimedia\/2024\/02\/15\/carmen-madre-granada%20%288%29-kjLF-U21015207352619pG-650x455%40Ideal.jpg?resize=640%2C448&#038;ssl=1\" alt=\"Sof\u00eda y Santiago, hija y padre.\" width=\"640\" height=\"448\" data-voc-vtm-id=\"in-text-traffic\" \/><figcaption class=\"v-fc\"><span class=\"v-fc__text\"> Sof\u00eda y Santiago, hija y padre. <\/span> <span class=\"v-fc__ath\"> R. L. P. <\/span><\/figcaption><\/figure>\n<\/div>\n<\/article>\n<\/div>\n<\/div>\n<p class=\"v-p\" style=\"text-align: justify;\">Carmen \u2013que se sac\u00f3 la oposici\u00f3n, por cierto, y ahora es profe en el IES Vega de Atarfe\u2013 cruza la mirada con Santiago, nutricionista cl\u00ednico, que r\u00ede y llora al mismo tiempo. \u00abEstoy tan orgulloso de Carmen\u2026 Yo no quer\u00eda al principio, ve\u00eda muchos muros, mucha oscuridad. Yo ten\u00eda m\u00e1s miedo que ella\u2026 pero Jos\u00e9 Manuel y Sole hicieron un trabajo espectacular\u2026 Carmen ser\u00e1 un caso \u00fanico, pero es que Jos\u00e9 Manuel tambi\u00e9n ha sido un m\u00e9dico \u00fanico, que ha puesto luz donde todos dec\u00edan que era imposible. Porque \u00e9l quer\u00eda evitar que la enfermedad empeorara, pero tambi\u00e9n cuidar de Carmen, darle calidad de vida\u00bb.<\/p>\n<div class=\"v-c-cmp v-n-mrg\" style=\"text-align: justify;\">\n<h3 class=\"v-cmp-suh\">El mensaje<\/h3>\n<\/div>\n<p class=\"v-p\" style=\"text-align: justify;\">Entonces, pongamos que alguien se encuentra en una situaci\u00f3n similar a la de Carmen. \u00bfPodr\u00eda quedarse embarazada? \u00abEl valor fundamental de las ciencias m\u00e9dicas est\u00e1 en la evidencia \u2013responde Jos\u00e9 Manuel\u2013. Pero su caso no est\u00e1 basado en la evidencia. El milagro de la vida, es as\u00ed. Ha salido bien, pero pod\u00eda haber salido mal. Ten\u00edamos evidencias, un plan b, otros tratamientos si fallaba algo\u2026 Supongo que el mensaje para alguien en una situaci\u00f3n similar es que el sistema sanitario est\u00e1 preparado para intentarlo. Y lo daremos todo para que salga bien\u00bb.<\/p>\n<div class=\"v-c-cmp v-c-cmp--t1 v-c-cmp--ab-xs\" style=\"text-align: justify;\">\n<div class=\"v-cmp-smy\">\n<article class=\"v-a v-a--cmp-smy \">\n<div class=\"v-a-info-c\">\n<h3 class=\"v-a-t\">\u00abCarmen ser\u00e1 un caso \u00fanico, pero es que Jos\u00e9 Manuel tambi\u00e9n ha sido un m\u00e9dico \u00fanico\u00bbSantiago Garc\u00eda Padre<\/h3>\n<\/div>\n<\/article>\n<\/div>\n<\/div>\n<p class=\"v-p\" style=\"text-align: justify;\">En las primeras semanas, tras el mazazo inicial del diagn\u00f3stico, Carmen y Santiago leyeron de todo en Internet. \u00abPero creo que es importante destacar que no hemos hecho nada fuera de la ciencia \u2013dice el padre\u2013. La desesperaci\u00f3n te puede llevar a eso, lo entiendo, pero no era el camino\u00bb. Entre los factores del \u00e9xito est\u00e1, afirma el doctor Puerta, que Carmen no fall\u00f3 ni un solo d\u00eda en su tratamiento: 18 meses perfectos. \u00abEso no se puede olvidar: si quitas al pastor, las ovejas se van\u2026 Solo que en el caso de Carmen, parece que su pastor dej\u00f3 a las ovejas atontadas\u00bb, bromea Puerta.<\/p>\n<div class=\"v-c-cmp \" style=\"text-align: justify;\">\n<div class=\"v-cmp-m \">\n<article class=\"v-a v-a--cmp-m \">\n<div class=\"v-a-img-c v-a-img-c--fw-xs\">\n<figure class=\"v-a-fig\"><img data-recalc-dims=\"1\" loading=\"lazy\" decoding=\"async\" class=\"v-a-img lzld\" src=\"https:\/\/i0.wp.com\/s2.ppllstatics.com\/ideal\/www\/multimedia\/2024\/02\/15\/carmen-madre-granada%20%282%29-kjLF-U2101520735261nMG-650x600%40Ideal.jpg?resize=640%2C591&#038;ssl=1\" alt=\"Rosa, Santiago, Carmen y Sof\u00eda, en la entrada del Virgen de las Nieves.\" width=\"640\" height=\"591\" data-voc-vtm-id=\"in-text-traffic\" \/><figcaption class=\"v-fc\"><span class=\"v-fc__text\"> Rosa, Santiago, Carmen y Sof\u00eda, en la entrada del Virgen de las Nieves. <\/span> <span class=\"v-fc__ath\"> R. L. P\u00c9REZ <\/span><\/figcaption><\/figure>\n<\/div>\n<\/article>\n<\/div>\n<\/div>\n<p class=\"v-p\" style=\"text-align: justify;\">\u00ab\u00a1Pap\u00e1!\u00bb, grita divertida Rosa, que juega a que est\u00e1 hablando por tel\u00e9fono. Los mayores r\u00eden con la ocurrencia y Sof\u00eda, que no ha dado un ruido, balbucea una sonrisa. \u00abUn caso \u00fanico en el mundo\u00bb, repite Puerta, mirando a las ni\u00f1as. Y todo porque Carmen quer\u00eda ser madre. \u00abNo me lo hab\u00eda planteado hasta ese momento, pero lo visualic\u00e9 claramente. Que me dijeran que era imposible me dio m\u00e1s ganas a\u00fan. Antepon\u00eda ese deseo a todo. Ten\u00eda un empe\u00f1o que no sabr\u00eda explicarte\u2026 Y ahora que las tengo \u2013estruja a sus ni\u00f1as entre los brazos, con los ojos brillantes como un rayo\u2013\u2026 Ahora s\u00ed que lo puedo entender. El milagro\u00bb.<\/p>\n<\/div>\n<p><a href=\"https:\/\/www.ideal.es\/autor\/jose-e-cabrero-372.html\" data-mrf-link=\"https:\/\/www.ideal.es\/autor\/jose-e-cabrero-372.html\"><strong>Jos\u00e9 E. Cabrero<\/strong><\/a><\/p>\n<p><span class=\"v-fc__text\">FOTO: Carmen Dorador y Santiago Garc\u00eda con sus hijas, Rosa y Sof\u00eda, y los sanitarios Jos\u00e9 Manuel Puerta y Soledad de Linares.<\/span> <span class=\"v-fc__ath\">RAM\u00d3N L. P\u00c9REZ<\/span><\/p>\n<article class=\"v-a v-a--d v-a--d-rpg v-a--p-b\">\n<div class=\"v-a-info-c \">\n<div class=\"v-a-pre-t\"><span class=\"v-a-pre-t__c\"> https:\/\/www.ideal.es\/granada\/milagro-granadina-carmen-dorador-dijeron-madre-20240227002631-nt.html<span class=\"v-a-pre-t__p\"><br \/>\n<\/span> <\/span><\/div>\n<h2 class=\"v-a-sub-t\">\u00a0<\/h2>\n<\/div>\n<\/article>\n<div class=\"v-d v-d--abc v-d--rpg\">\n<div class=\"v-mdl-ath \" data-voc-component=\"viewport-not-visible\">\n<div class=\"v-mdl-ath__c v-mdl-ath__c--1\">\n<div class=\"v-mdl-ath__img-c\">\n<figure class=\"v-mdl-ath__fig\"><a class=\"v-mdl-ath__fig-a\" title=\"Jos\u00e9 E. Cabrero\" href=\"https:\/\/www.ideal.es\/autor\/jose-e-cabrero-372.html\" data-mrf-link=\"https:\/\/www.ideal.es\/autor\/jose-e-cabrero-372.html\">\u00a0 <\/a><\/figure>\n<\/div>\n<div class=\"v-mdl-ath__inf\">\n<p class=\"v-mdl-ath__p v-mdl-ath__p--2\">\u00a0<\/p>\n<\/div>\n<\/div>\n<\/div>\n<\/div>\n","protected":false},"excerpt":{"rendered":"<p>ESTA NOTICIA APARECI\u00d3 PUBLICADA EN IDEAL EL 27 DE FEBRERO,\u00a0 DONDE LA PROFESORA DEL IES&#8230;<\/p>\n","protected":false},"author":1,"featured_media":67492,"comment_status":"closed","ping_status":"closed","sticky":false,"template":"","format":"standard","meta":{"_coblocks_attr":"","_coblocks_dimensions":"","_coblocks_responsive_height":"","_coblocks_accordion_ie_support":"","jetpack_post_was_ever_published":false,"_jetpack_newsletter_access":"","_jetpack_dont_email_post_to_subs":false,"_jetpack_newsletter_tier_id":0,"_jetpack_memberships_contains_paywalled_content":false,"_jetpack_memberships_contains_paid_content":false,"footnotes":"","jetpack_publicize_message":"","jetpack_publicize_feature_enabled":true,"jetpack_social_post_already_shared":true,"jetpack_social_options":{"image_generator_settings":{"template":"highway","default_image_id":0,"enabled":false},"version":2}},"categories":[2,14,44,10],"tags":[],"class_list":["post-67491","post","type-post","status-publish","format-standard","has-post-thumbnail","hentry","category-atarfe","category-feminismo","category-noticias-de-hoy","category-salud"],"jetpack_publicize_connections":[],"jetpack_featured_media_url":"https:\/\/i0.wp.com\/miradordeatarfe.es\/wp-content\/uploads\/2024\/02\/carmen-madre-granada-1-kjLF-U2101520735261jjB-1200x940%40Ideal.webp?fit=1198%2C940&ssl=1","jetpack_likes_enabled":true,"jetpack_sharing_enabled":true,"_links":{"self":[{"href":"https:\/\/miradordeatarfe.es\/index.php?rest_route=\/wp\/v2\/posts\/67491","targetHints":{"allow":["GET"]}}],"collection":[{"href":"https:\/\/miradordeatarfe.es\/index.php?rest_route=\/wp\/v2\/posts"}],"about":[{"href":"https:\/\/miradordeatarfe.es\/index.php?rest_route=\/wp\/v2\/types\/post"}],"author":[{"embeddable":true,"href":"https:\/\/miradordeatarfe.es\/index.php?rest_route=\/wp\/v2\/users\/1"}],"replies":[{"embeddable":true,"href":"https:\/\/miradordeatarfe.es\/index.php?rest_route=%2Fwp%2Fv2%2Fcomments&post=67491"}],"version-history":[{"count":1,"href":"https:\/\/miradordeatarfe.es\/index.php?rest_route=\/wp\/v2\/posts\/67491\/revisions"}],"predecessor-version":[{"id":67493,"href":"https:\/\/miradordeatarfe.es\/index.php?rest_route=\/wp\/v2\/posts\/67491\/revisions\/67493"}],"wp:featuredmedia":[{"embeddable":true,"href":"https:\/\/miradordeatarfe.es\/index.php?rest_route=\/wp\/v2\/media\/67492"}],"wp:attachment":[{"href":"https:\/\/miradordeatarfe.es\/index.php?rest_route=%2Fwp%2Fv2%2Fmedia&parent=67491"}],"wp:term":[{"taxonomy":"category","embeddable":true,"href":"https:\/\/miradordeatarfe.es\/index.php?rest_route=%2Fwp%2Fv2%2Fcategories&post=67491"},{"taxonomy":"post_tag","embeddable":true,"href":"https:\/\/miradordeatarfe.es\/index.php?rest_route=%2Fwp%2Fv2%2Ftags&post=67491"}],"curies":[{"name":"wp","href":"https:\/\/api.w.org\/{rel}","templated":true}]}}