{"id":67497,"date":"2024-02-29T10:18:05","date_gmt":"2024-02-29T09:18:05","guid":{"rendered":"https:\/\/miradordeatarfe.es\/?p=67497"},"modified":"2024-02-29T13:28:21","modified_gmt":"2024-02-29T12:28:21","slug":"sebastian-fernandez-corta-cuatro-orejas-en-los-rejones-de-atarfe","status":"publish","type":"post","link":"https:\/\/miradordeatarfe.es\/?p=67497","title":{"rendered":"Sebasti\u00e1n Fern\u00e1ndez corta cuatro orejas en los rejones de Atarfe"},"content":{"rendered":"<h3 class=\"entry-title\" style=\"text-align: justify;\">Rejoneo y chirigotas en el Coliseo Ciudad de Atarfe para celebrar el 28F<\/h3>\n<p class=\"jeg_post_subtitle\" style=\"text-align: justify;\">El rejoneador Sebasti\u00e1n Fern\u00e1ndez ha sido el triunfador en el festejo de rejones celebrado esta ma\u00f1ana en el Coliseo de Atarfe.\u00a0 El <strong>Ayuntamiento de Atarfe<\/strong> y el empresario del Coliseo, el torero Pedro P\u00e9rez &#8216;Chicote&#8217;, han organizado este mi\u00e9rcoles la <strong>II Gala del D\u00eda de Andaluc\u00eda<\/strong>. Se trata de un evento en el que se dan cita <em>artes taurinas, como rejoneo de primer nivel, as\u00ed como chirigotas<\/em>.<\/p>\n<p style=\"text-align: justify;\">La <strong>Hermandad del Roc\u00edo de Granada<\/strong> ha preparado desde primera hora algunos platos, paellas y bocadillos, as\u00ed como bebidas a precios m\u00f3dicos, con el objetivo de que el evento pueda comenzar a las 12.00 horas con el festejo de rejones. Una parte importante del taquillaje ir\u00e1 destinado a la hermandad, seg\u00fan ha indicado el Ayuntamiento en una nota de prensa<\/p>\n<p style=\"text-align: justify;\"><a href=\"https:\/\/i0.wp.com\/miradordeatarfe.es\/wp-content\/uploads\/2024\/02\/9-750x475-1.jpg?ssl=1\"><img data-recalc-dims=\"1\" loading=\"lazy\" decoding=\"async\" class=\"size-medium wp-image-67498 alignleft\" src=\"https:\/\/i0.wp.com\/miradordeatarfe.es\/wp-content\/uploads\/2024\/02\/9-750x475-1.jpg?resize=300%2C190&#038;ssl=1\" alt=\"\" width=\"300\" height=\"190\" srcset=\"https:\/\/i0.wp.com\/miradordeatarfe.es\/wp-content\/uploads\/2024\/02\/9-750x475-1.jpg?resize=300%2C190&amp;ssl=1 300w, https:\/\/i0.wp.com\/miradordeatarfe.es\/wp-content\/uploads\/2024\/02\/9-750x475-1.jpg?resize=540%2C340&amp;ssl=1 540w, https:\/\/i0.wp.com\/miradordeatarfe.es\/wp-content\/uploads\/2024\/02\/9-750x475-1.jpg?w=750&amp;ssl=1 750w\" sizes=\"auto, (max-width: 300px) 100vw, 300px\" \/><\/a><\/p>\n<p><em>foto:mundotoro<\/em><\/p>\n<p style=\"text-align: justify;\">El rejoneador <strong>Sebasti\u00e1n Fern\u00e1ndez<\/strong> ha sido el triunfador en el festejo de rejones celebrado esta ma\u00f1ana en el <strong>Coliseo de Atarfe<\/strong> con motivo de la <strong>II Gala del D\u00eda de Andaluc\u00eda <\/strong>al cortar cuatro orejas y salir a hombros. Los hermanos <strong>Moura<\/strong> cortaron una oreja cada uno.\u00a0<\/p>\n<p style=\"text-align: justify;\">La corrida comenz\u00f3 con la entrega de una placa a <strong>Joao Moura<\/strong> en reconocimiento a su brillante trayectoria en los ruedos. La recogieron sus hijos <strong>Joao<\/strong> y <strong>Miguel<\/strong> de manos de la alcaldesa de <strong>Atarfe, Yolanda Fern\u00e1ndez.<\/strong><\/p>\n<p style=\"text-align: justify;\">Actuaron los <strong>Forcados Acad\u00e9micos de Coimbra,<\/strong> que realizaron pegas en los cinco primeros toros. Despu\u00e9s de la lidia del segundo toro se realiz\u00f3 la ceremonia de retirada del forcado <strong>Jaime Cortesao.<\/strong><\/p>\n<p style=\"text-align: justify;\"><strong>Atarfe (Granada) Espa\u00f1a \u2013<\/strong> Toros de <strong>Tom\u00e1s Prieto de la Cal,<\/strong> de buen juego. <strong>Jo\u00e3o Moura (hijo),<\/strong> silencio y oreja; <strong>Miguel Moura,<\/strong> oreja y silencio; <strong>Sebasti\u00e1n Fern\u00e1ndez,<\/strong> dos orejas y dos orejas.<\/p>\n<p>Seg\u00fan indic\u00f3 la alcadesa de Atarfe, Yolanda Fern\u00e1ndez Morales, \u00abLos toros son una se\u00f1a de identidad de Atarfe, estamos muy orgullosos de esta apertura de temporada y de la participaci\u00f3n del n\u00famero uno del escalaf\u00f3n del toreo a caballo que es Sebasti\u00e1n Fern\u00e1ndez\u00bb. El rejoneador Sebasti\u00e1n Fern\u00e1ndez, ha asegurado p\u00fablicamente que \u201cMe siento feliz de participar en este homenaje a una dinast\u00eda legendaria. He tenido la suerte de compartir tardes con ellos y de beber mucho de sus fuentes. Tambi\u00e9n de torear esta ganader\u00eda que me ha dado tantos triunfos\u201d<\/p>\n<h3 style=\"text-align: justify;\">Homenaje importante<\/h3>\n<p style=\"text-align: justify;\">Por otra parte, tambi\u00e9n actuar\u00e1n los forcados acad\u00e9micos de Coimbra. Un importante homenaje se ha planteado este d\u00eda especial a la \u201cDinast\u00eda Moura\u201d, en concreto, al maestro Joao Moura, m\u00e1xima figura del rejoneo, como protagonista principal. As\u00ed las cosas, el importante cartel est\u00e1 compuesto por Joao Moura hijo, Miguel Moura hijo y el granadino, vecino de Atarfe, Sebasti\u00e1n Fern\u00e1ndez que lidiar\u00e1n reses de Prieto de la Cal.<\/p>\n<h3 style=\"text-align: justify;\">Chirigota<\/h3>\n<p><a href=\"https:\/\/i0.wp.com\/miradordeatarfe.es\/wp-content\/uploads\/2024\/02\/Imagen-de-WhatsApp-2024-02-28-a-las-20.46.51_375ad429.jpg?ssl=1\"><img data-recalc-dims=\"1\" loading=\"lazy\" decoding=\"async\" class=\"alignnone wp-image-67501 size-full\" src=\"https:\/\/i0.wp.com\/miradordeatarfe.es\/wp-content\/uploads\/2024\/02\/Imagen-de-WhatsApp-2024-02-28-a-las-20.46.51_375ad429.jpg?resize=640%2C480&#038;ssl=1\" alt=\"\" width=\"640\" height=\"480\" srcset=\"https:\/\/i0.wp.com\/miradordeatarfe.es\/wp-content\/uploads\/2024\/02\/Imagen-de-WhatsApp-2024-02-28-a-las-20.46.51_375ad429.jpg?w=2000&amp;ssl=1 2000w, https:\/\/i0.wp.com\/miradordeatarfe.es\/wp-content\/uploads\/2024\/02\/Imagen-de-WhatsApp-2024-02-28-a-las-20.46.51_375ad429.jpg?resize=300%2C225&amp;ssl=1 300w, https:\/\/i0.wp.com\/miradordeatarfe.es\/wp-content\/uploads\/2024\/02\/Imagen-de-WhatsApp-2024-02-28-a-las-20.46.51_375ad429.jpg?resize=1024%2C768&amp;ssl=1 1024w, https:\/\/i0.wp.com\/miradordeatarfe.es\/wp-content\/uploads\/2024\/02\/Imagen-de-WhatsApp-2024-02-28-a-las-20.46.51_375ad429.jpg?resize=768%2C576&amp;ssl=1 768w, https:\/\/i0.wp.com\/miradordeatarfe.es\/wp-content\/uploads\/2024\/02\/Imagen-de-WhatsApp-2024-02-28-a-las-20.46.51_375ad429.jpg?resize=1536%2C1152&amp;ssl=1 1536w, https:\/\/i0.wp.com\/miradordeatarfe.es\/wp-content\/uploads\/2024\/02\/Imagen-de-WhatsApp-2024-02-28-a-las-20.46.51_375ad429.jpg?resize=1320%2C990&amp;ssl=1 1320w, https:\/\/i0.wp.com\/miradordeatarfe.es\/wp-content\/uploads\/2024\/02\/Imagen-de-WhatsApp-2024-02-28-a-las-20.46.51_375ad429.jpg?w=1920&amp;ssl=1 1920w\" sizes=\"auto, (max-width: 640px) 100vw, 640px\" \/><\/a><\/p>\n<p style=\"text-align: justify;\">A partir de las cinco de la tarde, en la misma plaza, pero con mucho frio del norte, comenz\u00f3 la actuaci\u00f3n de carnaval en su m\u00e1xima expresi\u00f3n teniendo como protagonista\u00a0 el espect\u00e1culo <strong>\u201c\u00a1La Vuelta del Selu!\u201d<\/strong> con su chirigota &#8216;Que ni las hambres las vamo a sent\u00ed&#8217;, que es un verdadero mito en el mundo del Carnaval. Con una forma de meterse en el tipo inigualable y con un humor que abarca desde la presentaci\u00f3n al popurr\u00ed, pasando por los pasodobles en una vis netamente c\u00f3mica que ya escasea,<strong> su ausencia de otros\u00a0 a\u00f1os ha sido notoria<\/strong> y por tanto la vuelta es una buena noticia para el carnaval gaditano y como otros a\u00f1os un buen regreso y\u00a0 actuaci\u00f3n en Atarfe<\/p>\n<p style=\"text-align: justify;\">Tambi\u00e9n, el Hermano Mayor de la <strong>Hermandad del Roc\u00edo de Granada,<\/strong> Alfredo Alcalde agradeci\u00f3 el hecho de contar para \u00e9ste acto, con la \u201cHermandad\u201d, ya que : \u00abEstamos muy agradecidos a Pedro y la alcaldesa por esta ayuda. Para nosotros es muy importante estar en este cartel por la vinculaci\u00f3n de la hermandad con el caballo, el toreo y su compromiso con la ciudad de Atarfe y la cultura\u201d.<\/p>\n<p>Recopilaci\u00f3n de la noticia en varios peri\u00f3dicos: Ahora Granada, Mundo Toro y Granadanotcias.com<\/p>\n<p>FOTO: AYUNTAMIENTO DE ATARFE<\/p>\n","protected":false},"excerpt":{"rendered":"<p>Rejoneo y chirigotas en el Coliseo Ciudad de Atarfe para celebrar el 28F El rejoneador&#8230;<\/p>\n","protected":false},"author":1,"featured_media":67499,"comment_status":"closed","ping_status":"closed","sticky":false,"template":"","format":"standard","meta":{"_coblocks_attr":"","_coblocks_dimensions":"","_coblocks_responsive_height":"","_coblocks_accordion_ie_support":"","jetpack_post_was_ever_published":false,"_jetpack_newsletter_access":"","_jetpack_dont_email_post_to_subs":false,"_jetpack_newsletter_tier_id":0,"_jetpack_memberships_contains_paywalled_content":false,"_jetpack_memberships_contains_paid_content":false,"footnotes":"","jetpack_publicize_message":"","jetpack_publicize_feature_enabled":true,"jetpack_social_post_already_shared":false,"jetpack_social_options":{"image_generator_settings":{"template":"highway","default_image_id":0,"enabled":false},"version":2}},"categories":[10791,6916,1161,186,44],"tags":[],"class_list":["post-67497","post","type-post","status-publish","format-standard","has-post-thumbnail","hentry","category-andalucia","category-ayuntamiento-de-atarfe","category-ciudadania","category-instituciones","category-noticias-de-hoy"],"jetpack_publicize_connections":[],"jetpack_featured_media_url":"https:\/\/i0.wp.com\/miradordeatarfe.es\/wp-content\/uploads\/2024\/02\/imagen50916_0_original.jpg?fit=665%2C374&ssl=1","jetpack_likes_enabled":true,"jetpack_sharing_enabled":true,"_links":{"self":[{"href":"https:\/\/miradordeatarfe.es\/index.php?rest_route=\/wp\/v2\/posts\/67497","targetHints":{"allow":["GET"]}}],"collection":[{"href":"https:\/\/miradordeatarfe.es\/index.php?rest_route=\/wp\/v2\/posts"}],"about":[{"href":"https:\/\/miradordeatarfe.es\/index.php?rest_route=\/wp\/v2\/types\/post"}],"author":[{"embeddable":true,"href":"https:\/\/miradordeatarfe.es\/index.php?rest_route=\/wp\/v2\/users\/1"}],"replies":[{"embeddable":true,"href":"https:\/\/miradordeatarfe.es\/index.php?rest_route=%2Fwp%2Fv2%2Fcomments&post=67497"}],"version-history":[{"count":1,"href":"https:\/\/miradordeatarfe.es\/index.php?rest_route=\/wp\/v2\/posts\/67497\/revisions"}],"predecessor-version":[{"id":67502,"href":"https:\/\/miradordeatarfe.es\/index.php?rest_route=\/wp\/v2\/posts\/67497\/revisions\/67502"}],"wp:featuredmedia":[{"embeddable":true,"href":"https:\/\/miradordeatarfe.es\/index.php?rest_route=\/wp\/v2\/media\/67499"}],"wp:attachment":[{"href":"https:\/\/miradordeatarfe.es\/index.php?rest_route=%2Fwp%2Fv2%2Fmedia&parent=67497"}],"wp:term":[{"taxonomy":"category","embeddable":true,"href":"https:\/\/miradordeatarfe.es\/index.php?rest_route=%2Fwp%2Fv2%2Fcategories&post=67497"},{"taxonomy":"post_tag","embeddable":true,"href":"https:\/\/miradordeatarfe.es\/index.php?rest_route=%2Fwp%2Fv2%2Ftags&post=67497"}],"curies":[{"name":"wp","href":"https:\/\/api.w.org\/{rel}","templated":true}]}}