{"id":67503,"date":"2024-03-01T10:07:01","date_gmt":"2024-03-01T09:07:01","guid":{"rendered":"https:\/\/miradordeatarfe.es\/?p=67503"},"modified":"2024-02-28T21:09:13","modified_gmt":"2024-02-28T20:09:13","slug":"si-eres-usuario-del-consorcio-de-transportes-te-interesa-esta-informacion","status":"publish","type":"post","link":"https:\/\/miradordeatarfe.es\/?p=67503","title":{"rendered":"Si eres usuario del Consorcio de Transportes te interesa esta informaci\u00f3n"},"content":{"rendered":"<article class=\"v-a v-a--d v-a--d-spr v-a--p-b\">\n<div class=\"v-a-info-c \">\n<h3 class=\"v-a-sub-t\" style=\"text-align: justify;\">El servicio de autobuses que une el \u00e1rea metropolitana con la capital est\u00e1n en continua evoluci\u00f3n y estos son algunas de las actuaciones previstas para este a\u00f1o: mejorar el servicio, avanzar en el nuevo intercambiador norte y la implantaci\u00f3n de las tarjeras Desfire<\/h3>\n<\/div>\n<\/article>\n<p class=\"v-p\" style=\"text-align: justify;\">Tras un a\u00f1o r\u00e9cord en el n\u00famero de viajeros como ha sido 2023, en el Consorcio est\u00e1n trabajando para superar estos datos y mejorar el servicio. Con un total de 21,5 millones de usuarios, el aumento con respecto a 2022 ha sido de de un 41%. Cada d\u00eda casi 60.000 granadinos usan medios p\u00fablicos para moverse entre sus pueblos o de sus poblaciones a la capital.<\/p>\n<p class=\"v-p\" style=\"text-align: justify;\">Aunque el list\u00f3n est\u00e1 alto el <a title=\"Consorcio del Transporte Metropolitano\" href=\"https:\/\/ctagr.es\/\" target=\"_blank\" rel=\"noopener\" data-voc-vtm-id=\"in-text-traffic\" data-mrf-link=\"https:\/\/ctagr.es\/\">Consorcio del Transporte Metropolitano<\/a> trabaja para mejorar estos datos y optimizar su servicio. De momento, ya est\u00e1n firmados los 56 acuerdos de mejora con los municipios. Esto ha supuesto un esfuerzo importante de gesti\u00f3n para el Consorcio y para los propios ayuntamientos que han regularizado en sus respectivos plenos el servicio de transportes, desde el comienzo del a\u00f1o.<\/p>\n<p class=\"v-p\" style=\"text-align: justify;\">As\u00ed mismo, el Plan de Transportes del \u00c1rea de Granada entra en su fase final. Pendiente de informe sectorial de Hacienda y Medio Ambiente, el Plan ser\u00e1 aprobado en Consejo de Administraci\u00f3n y Consejo de Gobierno en este primer semestre del a\u00f1o 2024, se ver\u00e1 beneficiado por el decreto de simplificaci\u00f3n administrativa aprobado recientemente por la Junta de Andaluc\u00eda.<\/p>\n<p class=\"v-p\" style=\"text-align: justify;\">Este a\u00f1o, en el marco de la aprobaci\u00f3n del Plan de Transporte Metropolitano, nos planteamos seguir avanzando en la puesta en marcha de Servicios de Altas Prestaciones tipo MetroBus entre los municipios y Granada capital y se van a retomar las gestiones con ADIF y con la UGR para crear el intercambiador norte en el entorno de la estaci\u00f3n modal de Andaluces. Actualmente en zona norte del \u00e1rea metropolitana el Consorcio mantiene hasta cuatro cabeceras en Granada que recogen los autobuses procedentes de toda esa \u00e1rea, este intercambiador resolver\u00e1 la presi\u00f3n tanto vecinal como de tr\u00e1fico que actualmente estamos soportando en diferentes puntos.<\/p>\n<div class=\"v-c-cmp \" style=\"text-align: justify;\">\n<div class=\"v-cmp-m \">\n<article class=\"v-a v-a--cmp-m \">\n<div class=\"v-a-img-c v-a-img-c--fw-xs\">\n<figure class=\"v-a-fig\"><img data-recalc-dims=\"1\" loading=\"lazy\" decoding=\"async\" class=\"v-a-img lzld alignleft\" src=\"https:\/\/i0.wp.com\/s3.ppllstatics.com\/ideal\/www\/multimedia\/2024\/02\/28\/2-kRNI--650x455%40Ideal.jpg?resize=640%2C448&#038;ssl=1\" alt=\"\" width=\"640\" height=\"448\" data-voc-vtm-id=\"in-text-traffic\" \/><\/figure>\n<\/div>\n<\/article>\n<\/div>\n<\/div>\n<p class=\"v-p\" style=\"text-align: justify;\">Otra gran novedad Implantaci\u00f3n de las tarjetas Desfire que sustituir\u00edan a las actuales (Mifare). \u00abSupondr\u00e1n un salto cualitativo importante\u00bb. Son tarjetas inteligentes sin contacto que proporcionar\u00e1n un mayor nivel de seguridad frente al fraude, disponen de una memoria m\u00e1s flexible, por lo que permitir\u00edan un mayor n\u00famero de aplicaciones y mucho m\u00e1s \u00e1gil en la transmisi\u00f3n de datos. Adem\u00e1s, la nueva tarjeta cuadruplica la capacidad de almacenaje respecto de la Mifare.<\/p>\n<p class=\"v-p\" style=\"text-align: justify;\">Seg\u00fan su responsable, \u00abEl Consorcio de Transportes de Granada actualmente est\u00e1 distribuyendo m\u00e1s tarjetas que en toda su historia. Solo en el mes de enero hemos entregado m\u00e1s de 5.600 tarjetas, frente a las 4.000 del a\u00f1o 2023 o las 4.400 del a\u00f1o 2019\u00bb.<\/p>\n<p class=\"v-p\" style=\"text-align: justify;\"><strong>Sostenibilidad<\/strong><\/p>\n<p class=\"v-p\" style=\"text-align: justify;\">En el pasado mes de diciembre se inici\u00f3 una experiencia piloto en una l\u00ednea de transporte metropolitano que durante tres meses utilizar\u00e1 combustible CERO emisiones a partir de materias primas 100% renovables. \u00abEste combustible se est\u00e1 empleando en la L\u00ednea 102 Granada &#8211; Alfacar sin que precise ninguna alteraci\u00f3n en los motores. Al t\u00e9rmino de este periodo de prueba, nos proponemos evaluar junto a REPSOL y al operador las ventajas que ha tenido la utilizaci\u00f3n de este combustible\u00bb, que a la vez sigue trabajando con los operadores para que actualicen y renueven la flota de veh\u00edculos.<\/p>\n<div class=\"v-c-cmp \" style=\"text-align: justify;\">\n<div class=\"v-cmp-m \">\n<article class=\"v-a v-a--cmp-m \">\n<div class=\"v-a-img-c v-a-img-c--fw-xs\">\n<figure class=\"v-a-fig\"><img data-recalc-dims=\"1\" loading=\"lazy\" decoding=\"async\" class=\"v-a-img lzld alignright\" src=\"https:\/\/i0.wp.com\/s1.ppllstatics.com\/ideal\/www\/multimedia\/2024\/02\/28\/3-kRNI--650x455%40Ideal.jpg?resize=640%2C448&#038;ssl=1\" alt=\"\" width=\"640\" height=\"448\" data-voc-vtm-id=\"in-text-traffic\" \/><\/figure>\n<\/div>\n<\/article>\n<\/div>\n<\/div>\n<p class=\"v-p\" style=\"text-align: justify;\">Otro de los aspectos que se va a mejorar son las marquesinas. En breve se va a licitar un nuevo contrato de suministro de marquesinas con una vigencia de dos a\u00f1os. \u00abSon muchos los municipios que est\u00e1n haciendo obras en el trazado de las l\u00edneas, por lo que tenemos solicitudes pendientes. As\u00ed mismo, estamos estudiando la posibilidad de explotar con publicidad las m\u00e1s de 300 marquesinas de que dispone el Consorcio, lo que nos permitir\u00eda garantizar un estado de limpieza \u00f3ptimo de las mismas\u00bb.<\/p>\n<p class=\"v-p\" style=\"text-align: justify;\">A todas estas actuaciones hay que a\u00f1adir la firma de convenios de colaboraci\u00f3n con las distintas entidades como la Diputaci\u00f3n, para la asistencia a municipios consorciados en el \u00e1mbito de la movilidad y el transporte; e IFMIF-DONES, para el desarrollo de proyectos de innovaci\u00f3n.<\/p>\n<p class=\"v-p\" style=\"text-align: justify;\"><strong>Igualdad y digitalizaci\u00f3n<\/strong><\/p>\n<p class=\"v-p\" style=\"text-align: justify;\">Tambi\u00e9n acaba de aprobar en su Consejo de Administraci\u00f3n por unanimidad el plan de Igualdad y en breve tambi\u00e9n se someter\u00e1 al consejo un Protocolo de Acoso. \u00abAmbos cuentan con informe jur\u00eddico favorable conforme a lo dispuesto en la Ley de Presupuestos\u00bb.<\/p>\n<p class=\"v-p\" style=\"text-align: justify;\">A todo ello hay que sumar diferentes proyectos de digitalizaci\u00f3n como la virtualizaci\u00f3n de la tarjeta y su recarga con el m\u00f3vil y la puesta en marcha de un servicio de visualizaci\u00f3n en la web del posicionamiento de los autobuses en tiempo real.<\/p>\n<div class=\"v-c-cmp v-c-cmp--t1 v-bdr-t-b\">\n<div class=\"v-cmp-exp\">\n<article class=\"v-a v-a--cmp-exp v-a--p-t\">\n<div class=\"v-a-info-c \">\n<h3 class=\"v-a-t\" style=\"text-align: justify;\">Datos relevantes a\u00f1o 2023<\/h3>\n<p class=\"v-p\" style=\"text-align: justify;\">1.-En el transporte mediante autobuses interurbanos, el \u00c1rea de Granada ocupa la tercera posici\u00f3n en n\u00famero de t\u00edtulos emitidos en Andaluc\u00eda, por detr\u00e1s de M\u00e1laga que crece, respecto al a\u00f1o 2022 un 23,0%, y Sevilla que crece un 26,0%, pero Granada es la que crece a un mayor ritmo (32,9%).<\/p>\n<p class=\"v-p\" style=\"text-align: justify;\">2.- En las interacciones de la tarjeta verde del Consorcio en el Urbano, Granada es la segunda de toda Andaluc\u00eda donde m\u00e1s se utiliza tras Sevilla que ha crecido en lo que va de a\u00f1o, respecto al a\u00f1o anterior, 62,40% pero creciendo Granada a mayor ritmo (97,6%).<\/p>\n<p class=\"v-p\" style=\"text-align: justify;\">3.- En relaci\u00f3n con el metro la tarjeta verde del Consorcio es la segunda en utilizaci\u00f3n tras el Metro de Sevilla que crece, respecto al a\u00f1o anterior, un 29,0% pero crece en Granada a mayor ritmo que Sevilla (34,0%).<\/p>\n<p class=\"v-p\" style=\"text-align: justify;\">4.- La evoluci\u00f3n de la utilizaci\u00f3n de los t\u00edtulos integrados en el conjunto de modos, Granada es la segunda en interacciones tras Sevilla, que crece 37,26%, con 21,5 M de t\u00edtulos frente a los 37 M de Sevilla, pero Granada crece a mayor ritmo (41,3%).<\/p>\n<\/div>\n<\/article>\n<\/div>\n<\/div>\n","protected":false},"excerpt":{"rendered":"<p>El servicio de autobuses que une el \u00e1rea metropolitana con la capital est\u00e1n en continua&#8230;<\/p>\n","protected":false},"author":1,"featured_media":67504,"comment_status":"closed","ping_status":"closed","sticky":false,"template":"","format":"standard","meta":{"_coblocks_attr":"","_coblocks_dimensions":"","_coblocks_responsive_height":"","_coblocks_accordion_ie_support":"","jetpack_post_was_ever_published":false,"_jetpack_newsletter_access":"","_jetpack_dont_email_post_to_subs":false,"_jetpack_newsletter_tier_id":0,"_jetpack_memberships_contains_paywalled_content":false,"_jetpack_memberships_contains_paid_content":false,"footnotes":"","jetpack_publicize_message":"","jetpack_publicize_feature_enabled":true,"jetpack_social_post_already_shared":true,"jetpack_social_options":{"image_generator_settings":{"template":"highway","default_image_id":0,"enabled":false},"version":2}},"categories":[1161,10781,186,44],"tags":[],"class_list":["post-67503","post","type-post","status-publish","format-standard","has-post-thumbnail","hentry","category-ciudadania","category-granada","category-instituciones","category-noticias-de-hoy"],"jetpack_publicize_connections":[],"jetpack_featured_media_url":"https:\/\/i0.wp.com\/miradordeatarfe.es\/wp-content\/uploads\/2024\/02\/1.webp?fit=1374%2C916&ssl=1","jetpack_likes_enabled":true,"jetpack_sharing_enabled":true,"_links":{"self":[{"href":"https:\/\/miradordeatarfe.es\/index.php?rest_route=\/wp\/v2\/posts\/67503","targetHints":{"allow":["GET"]}}],"collection":[{"href":"https:\/\/miradordeatarfe.es\/index.php?rest_route=\/wp\/v2\/posts"}],"about":[{"href":"https:\/\/miradordeatarfe.es\/index.php?rest_route=\/wp\/v2\/types\/post"}],"author":[{"embeddable":true,"href":"https:\/\/miradordeatarfe.es\/index.php?rest_route=\/wp\/v2\/users\/1"}],"replies":[{"embeddable":true,"href":"https:\/\/miradordeatarfe.es\/index.php?rest_route=%2Fwp%2Fv2%2Fcomments&post=67503"}],"version-history":[{"count":1,"href":"https:\/\/miradordeatarfe.es\/index.php?rest_route=\/wp\/v2\/posts\/67503\/revisions"}],"predecessor-version":[{"id":67505,"href":"https:\/\/miradordeatarfe.es\/index.php?rest_route=\/wp\/v2\/posts\/67503\/revisions\/67505"}],"wp:featuredmedia":[{"embeddable":true,"href":"https:\/\/miradordeatarfe.es\/index.php?rest_route=\/wp\/v2\/media\/67504"}],"wp:attachment":[{"href":"https:\/\/miradordeatarfe.es\/index.php?rest_route=%2Fwp%2Fv2%2Fmedia&parent=67503"}],"wp:term":[{"taxonomy":"category","embeddable":true,"href":"https:\/\/miradordeatarfe.es\/index.php?rest_route=%2Fwp%2Fv2%2Fcategories&post=67503"},{"taxonomy":"post_tag","embeddable":true,"href":"https:\/\/miradordeatarfe.es\/index.php?rest_route=%2Fwp%2Fv2%2Ftags&post=67503"}],"curies":[{"name":"wp","href":"https:\/\/api.w.org\/{rel}","templated":true}]}}