{"id":67506,"date":"2024-03-01T10:11:39","date_gmt":"2024-03-01T09:11:39","guid":{"rendered":"https:\/\/miradordeatarfe.es\/?p=67506"},"modified":"2024-03-01T12:39:45","modified_gmt":"2024-03-01T11:39:45","slug":"mitos-del-coche-electrico-se-incendian-tardan-mucho-en-cargar-y-no-sirven-para-viajes-largos","status":"publish","type":"post","link":"https:\/\/miradordeatarfe.es\/?p=67506","title":{"rendered":"Mitos del coche el\u00e9ctrico: se incendian, tardan mucho en cargar y no sirven para viajes largos"},"content":{"rendered":"<h3 class=\"a_st\" style=\"text-align: justify;\">Los veh\u00edculos sin emisiones generan bulos y exageraciones debido en parte a su lenta implantaci\u00f3n en Espa\u00f1a. Analizamos cu\u00e1les son verdad con ayuda de los expertos.<\/h3>\n<p class=\"\" style=\"text-align: justify;\">\u201cLos coches el\u00e9ctricos se incendian constantemente\u201d. \u201cTardan muchas horas en cargar\u201d. \u201cLas bater\u00edas no tienen bastante autonom\u00eda\u201d. \u201cNo hay d\u00f3nde cargarlos\u201d. \u201cPara un viaje largo necesitas un di\u00e9sel\u201d. Los veh\u00edculos sin emisiones generan muchos bulos y exageraciones, debido en parte a que la mayor\u00eda de la poblaci\u00f3n todav\u00eda no los ha probado: seg\u00fan la Asociaci\u00f3n Espa\u00f1ola de Fabricantes de Autom\u00f3viles y Camiones (<a href=\"https:\/\/anfac.com\/\" data-link-track-dtm=\"\" data-mrf-link=\"https:\/\/anfac.com\/\">Anfac<\/a>), en 2023 se vendieron 54.857 <a href=\"https:\/\/elpais.com\/economia\/2024-02-19\/joan-groizard-el-coche-electrico-ya-es-la-opcion-mas-racional.html\" data-link-track-dtm=\"\" data-mrf-link=\"https:\/\/elpais.com\/economia\/2024-02-19\/joan-groizard-el-coche-electrico-ya-es-la-opcion-mas-racional.html\">el\u00e9ctricos en Espa\u00f1a<\/a>, un 5,7% del total. Analizamos los principales mitos \u2014algunos tienen parte de verdad\u2014 con ayuda de los expertos del sector.<\/p>\n<h3 class=\"\" style=\"text-align: justify;\">\u201cSalen ardiendo a la m\u00ednima\u201d<\/h3>\n<p class=\"\" style=\"text-align: justify;\">Es un bulo. \u201cLas tasas de incendios de los el\u00e9ctricos son inferiores a las de veh\u00edculos de combusti\u00f3n, como ha demostrado con sus informes la NHTSA \u2014la agencia estatal de seguridad vial de EE UU\u2014\u201d, comenta David de Diego, perito judicial experto en el\u00e9ctricos de la Asociaci\u00f3n de Peritos de Seguros y Comisarios de Aver\u00edas (<a href=\"https:\/\/apcas.es\/\" target=\"_blank\" rel=\"noopener\" data-link-track-dtm=\"\" data-mrf-link=\"https:\/\/apcas.es\/\">APCAS<\/a>). \u201cEstos veh\u00edculos pueden arder por un impacto muy fuerte, o por un fallo de fabricaci\u00f3n. Lo que s\u00ed es cierto es que cuando arden entran en una espiral electroqu\u00edmica y hay que saber apagarlos, porque echar agua no funciona. Es mejor usar mantas t\u00e9rmicas que ahogan el incendio\u201d. Noruega, el pa\u00eds con la mayor implantaci\u00f3n de el\u00e9ctricos del mundo, <a href=\"https:\/\/forococheselectricos.com\/2023\/07\/coches-electricos-se-incendian-menos-gasolina-diesel.html\" target=\"_blank\" rel=\"noopener\" data-link-track-dtm=\"\" data-mrf-link=\"https:\/\/forococheselectricos.com\/2023\/07\/coches-electricos-se-incendian-menos-gasolina-diesel.html\">ha constatado entre cuatro y cinco veces m\u00e1s incendios en coches gasolina y di\u00e9sel que entre los el\u00e9ctricos<\/a>. Mientras, el proyecto europeo <a href=\"https:\/\/lashfire.eu\/\" target=\"_blank\" rel=\"noopener\" data-link-track-dtm=\"\" data-mrf-link=\"https:\/\/lashfire.eu\/\">Lashfire<\/a> concluy\u00f3 que ni la energ\u00eda total liberada ni las toxinas liberadas durante un fuego en un el\u00e9ctrico son mayores que las que provoca uno t\u00e9rmico.<\/p>\n<h3 class=\"\" style=\"text-align: justify;\">\u201cSe estropean mucho\u201d<\/h3>\n<p class=\"\" style=\"text-align: justify;\">No. \u201cEl veh\u00edculo el\u00e9ctrico se diferencia respecto a sus espejos en combusti\u00f3n en la sencillez de su mec\u00e1nica, puesto que, al no disponer de elementos de fricci\u00f3n o desgaste, no tiene apenas reparaciones y sus revisiones son muy sencillas\u201d, dice Arturo P\u00e9rez de Lucia, <a href=\"https:\/\/elpais.com\/economia\/negocios\/2023-12-13\/el-coche-electrico-choca-con-el-muro-de-las-ayudas.html\" target=\"_blank\" rel=\"noopener\" data-link-track-dtm=\"\" data-mrf-link=\"https:\/\/elpais.com\/economia\/negocios\/2023-12-13\/el-coche-electrico-choca-con-el-muro-de-las-ayudas.html\">director de Aedive<\/a> \u2014la patronal del veh\u00edculo el\u00e9ctrico\u2014. <a href=\"https:\/\/twitter.com\/ValdesL2\" target=\"_blank\" rel=\"noopener\" data-link-track-dtm=\"\" data-mrf-link=\"https:\/\/twitter.com\/ValdesL2\">Luis Vald\u00e9s<\/a>, divulgador sobre movilidad el\u00e9ctrica, tercia: \u201cLa mayor\u00eda de los fabricantes dan garant\u00edas muy altas, de 150.000 y hasta 200.000 kil\u00f3metros, porque saben que es muy dif\u00edcil que se estropeen\u201d. <a href=\"https:\/\/twitter.com\/AlvSauras\" target=\"_blank\" rel=\"noopener\" data-link-track-dtm=\"\" data-mrf-link=\"https:\/\/twitter.com\/AlvSauras\">\u00c1lvaro Sauras<\/a>, vicepresidente de la Asociaci\u00f3n de Usuarios de Veh\u00edculos El\u00e9ctricos (<a href=\"https:\/\/www.auve.org\/\" data-link-track-dtm=\"\" data-mrf-link=\"https:\/\/www.auve.org\/\">AUVE<\/a>) y director de la revista <a href=\"https:\/\/www.autofacil.es\/\" target=\"_blank\" rel=\"noopener\" data-link-track-dtm=\"\" data-mrf-link=\"https:\/\/www.autofacil.es\/\"><i>Autof\u00e1cil<\/i><\/a>, a\u00f1ade: \u201cEn un coche de gasolina, a partir de los 120.000 kil\u00f3metros asumes que tendr\u00e1s que cambiarle piezas. En un el\u00e9ctrico es muy dif\u00edcil tener un problema antes de los 300.000\u2033. Migu\u00e9lez, director de la Asociaci\u00f3n Nacional de Vendedores de Veh\u00edculos (<a href=\"https:\/\/ganvam.es\/\" target=\"_blank\" rel=\"noopener\" data-link-track-dtm=\"\" data-mrf-link=\"https:\/\/ganvam.es\/\">Ganvam<\/a>), pone un pero: \u201cLas bater\u00edas pesan mucho, por lo que es probable que las ruedas se desgasten antes\u201d. S\u00ed es cierto que si hay un golpe que afecte a la bater\u00eda, la reparaci\u00f3n s\u00ed puede ser m\u00e1s cara que en su hom\u00f3logo de combusti\u00f3n.<\/p>\n<p style=\"text-align: justify;\"><a href=\"https:\/\/i0.wp.com\/miradordeatarfe.es\/wp-content\/uploads\/2024\/02\/Screenshot-2024-02-28-at-21-16-00-Mitos-del-coche-electrico-se-incendian-tardan-mucho-en-cargar-y-no-sirven-para-viajes-largos.png?ssl=1\"><img data-recalc-dims=\"1\" loading=\"lazy\" decoding=\"async\" class=\"size-medium wp-image-67508 alignleft\" src=\"https:\/\/i0.wp.com\/miradordeatarfe.es\/wp-content\/uploads\/2024\/02\/Screenshot-2024-02-28-at-21-16-00-Mitos-del-coche-electrico-se-incendian-tardan-mucho-en-cargar-y-no-sirven-para-viajes-largos.png?resize=250%2C300&#038;ssl=1\" alt=\"\" width=\"250\" height=\"300\" srcset=\"https:\/\/i0.wp.com\/miradordeatarfe.es\/wp-content\/uploads\/2024\/02\/Screenshot-2024-02-28-at-21-16-00-Mitos-del-coche-electrico-se-incendian-tardan-mucho-en-cargar-y-no-sirven-para-viajes-largos.png?resize=250%2C300&amp;ssl=1 250w, https:\/\/i0.wp.com\/miradordeatarfe.es\/wp-content\/uploads\/2024\/02\/Screenshot-2024-02-28-at-21-16-00-Mitos-del-coche-electrico-se-incendian-tardan-mucho-en-cargar-y-no-sirven-para-viajes-largos.png?w=413&amp;ssl=1 413w\" sizes=\"auto, (max-width: 250px) 100vw, 250px\" \/><\/a><em>Interior de un coche el\u00e9ctrico, en una gasolinera. <span class=\"a_m_m\">ALEX ONCIU<\/span><\/em><\/p>\n<h3 class=\"\" style=\"text-align: justify;\">\u201cHay que cambiar la bater\u00eda a los siete a\u00f1os\u201d<\/h3>\n<p class=\"\" style=\"text-align: justify;\">Probablemente no. \u201cLas bater\u00edas del tipo LFP, las m\u00e1s habituales, pueden durar de 2.000 a 5.000 ciclos. Si un ciclo son 500 kil\u00f3metros, ser\u00edan entre uno y 2,5 millones de kil\u00f3metros. Lo \u00fanico que puede pasar antes es que pierda un poco de autonom\u00eda (no m\u00e1s del 10%)\u201d, se\u00f1ala Lars Hoffman, probador de estos modelos en el canal <a href=\"https:\/\/www.todoselectricos.com\/\" data-link-track-dtm=\"\" data-mrf-link=\"https:\/\/www.todoselectricos.com\/\">Todos el\u00e9ctricos<\/a>. Es verdad que hace unos a\u00f1os s\u00ed que hab\u00eda una mayor degradaci\u00f3n de la bater\u00eda, pero ahora ya no pasa y adem\u00e1s est\u00e1n cubiertas por las coberturas de los fabricantes. El perito De Diego apunta: \u201cLas bater\u00edas est\u00e1n evolucionando cada a\u00f1o y reaccionan mejor de lo que se preve\u00eda. Adem\u00e1s, los conductores de el\u00e9ctricos suelen hacer una conducci\u00f3n m\u00e1s eficiente para recargar el motor, con lo que se alarga la vida de la bater\u00eda\u201d.<\/p>\n<h3 class=\"\" style=\"text-align: justify;\">\u201cHay muy pocos puntos de recarga\u201d<\/h3>\n<p class=\"\" style=\"text-align: justify;\"><a href=\"https:\/\/aedive.es\/\" target=\"_blank\" rel=\"noopener\" data-link-track-dtm=\"\" data-mrf-link=\"https:\/\/aedive.es\/\">Aedive<\/a> se\u00f1ala que en octubre de 2023 hab\u00eda ya 27.420 puntos de carga de acceso p\u00fablico en Espa\u00f1a, con lo que los datos del cierre del a\u00f1o rozar\u00e1n los 30.000. Y otros 8.000 est\u00e1n en proceso administrativo. \u201cCon las bater\u00edas actuales y las recargas de alta potencia, la experiencia de uso es similar a la de los veh\u00edculos de combusti\u00f3n\u201d, dice su director. S\u00ed es cierto que los cargadores ultrarr\u00e1pidos \u2014de m\u00e1s de 150 kilovatios (kWh)\u2014 son solo el 6% del total, seg\u00fan un recuento de EL PA\u00cdS. En los corredores principales no suele haber problema, pero en los m\u00e1s apartados es conveniente planificar antes el viaje y las paradas. <a href=\"https:\/\/twitter.com\/ValdesL2\" data-link-track-dtm=\"\" data-mrf-link=\"https:\/\/twitter.com\/ValdesL2\">Luis Vald\u00e9s<\/a> apunta: \u201cViajar con un el\u00e9ctrico es sencillo, el problema est\u00e1 m\u00e1s bien en la falta de puntos de recarga lentos en la ciudad, para quien no tenga un garaje\u201d.<\/p>\n<p style=\"text-align: justify;\"><a href=\"https:\/\/i0.wp.com\/miradordeatarfe.es\/wp-content\/uploads\/2024\/02\/Screenshot-2024-02-28-at-21-18-33-Mitos-del-coche-electrico-se-incendian-tardan-mucho-en-cargar-y-no-sirven-para-viajes-largos.png?ssl=1\"><img data-recalc-dims=\"1\" loading=\"lazy\" decoding=\"async\" class=\"alignnone wp-image-67509 size-full\" src=\"https:\/\/i0.wp.com\/miradordeatarfe.es\/wp-content\/uploads\/2024\/02\/Screenshot-2024-02-28-at-21-18-33-Mitos-del-coche-electrico-se-incendian-tardan-mucho-en-cargar-y-no-sirven-para-viajes-largos.png?resize=640%2C649&#038;ssl=1\" alt=\"\" width=\"640\" height=\"649\" srcset=\"https:\/\/i0.wp.com\/miradordeatarfe.es\/wp-content\/uploads\/2024\/02\/Screenshot-2024-02-28-at-21-18-33-Mitos-del-coche-electrico-se-incendian-tardan-mucho-en-cargar-y-no-sirven-para-viajes-largos.png?w=881&amp;ssl=1 881w, https:\/\/i0.wp.com\/miradordeatarfe.es\/wp-content\/uploads\/2024\/02\/Screenshot-2024-02-28-at-21-18-33-Mitos-del-coche-electrico-se-incendian-tardan-mucho-en-cargar-y-no-sirven-para-viajes-largos.png?resize=296%2C300&amp;ssl=1 296w, https:\/\/i0.wp.com\/miradordeatarfe.es\/wp-content\/uploads\/2024\/02\/Screenshot-2024-02-28-at-21-18-33-Mitos-del-coche-electrico-se-incendian-tardan-mucho-en-cargar-y-no-sirven-para-viajes-largos.png?resize=768%2C779&amp;ssl=1 768w\" sizes=\"auto, (max-width: 640px) 100vw, 640px\" \/><\/a><\/p>\n<h3 class=\"\" style=\"text-align: justify;\">\u201cLas bater\u00edas tienen poca autonom\u00eda\u201d<\/h3>\n<p class=\"\" style=\"text-align: justify;\">Uno de los mitos m\u00e1s extendidos es que las bater\u00edas ofrecen poca autonom\u00eda. \u201cEl problema es que hay quien piensa que tiene que durar 800 kil\u00f3metros, como un di\u00e9sel, pero lo cierto es que en el d\u00eda a d\u00eda es raro hacer m\u00e1s de 200 o 300 kil\u00f3metros y para eso las autonom\u00edas actuales son suficientes\u201d, dice F\u00e9lix Garc\u00eda, portavoz de <a href=\"https:\/\/anfac.com\/\" target=\"_blank\" rel=\"noopener\" data-link-track-dtm=\"\" data-mrf-link=\"https:\/\/anfac.com\/\">Anfac<\/a>, la patronal automovil\u00edstica. Hoffman, de <a href=\"https:\/\/www.todoselectricos.com\/\" data-link-track-dtm=\"\" data-mrf-link=\"https:\/\/www.todoselectricos.com\/\">Todos el\u00e9ctricos<\/a>, a\u00f1ade: \u201cHoy en d\u00eda, cualquier el\u00e9ctrico de unos 30.000 a 40.000 euros te puede hacer 300 kil\u00f3metros en autov\u00eda, y mucho m\u00e1s en ciudad\u201d. Migu\u00e9lez, de <a href=\"https:\/\/ganvam.es\/\" target=\"_blank\" rel=\"noopener\" data-link-track-dtm=\"\" data-mrf-link=\"https:\/\/ganvam.es\/\">Ganvam<\/a>, destaca que la mayor\u00eda de los el\u00e9ctricos ya permiten moverse en un uso normal por la ciudad con una sola carga toda la semana. S\u00ed es cierto que los veh\u00edculos con m\u00e1s autonom\u00eda, de 600 a 700 kil\u00f3metros, ya est\u00e1n en el rango de precios m\u00e1s alto. \u201cSe comenta poco que la autonom\u00eda aumenta cuando se disminuye la velocidad o se conduce cuesta abajo. Es uno de los grandes placeres de conducir un coche el\u00e9ctrico: ver como se recarga la bater\u00eda conduciendo de forma eficiente y aprovechando las cuestas\u201d, se\u00f1ala May L\u00f3pez, de Empresas por la Movilidad Sostenible (EMS).<\/p>\n<h3 class=\"\" style=\"text-align: justify;\">\u201cTardan much\u00edsimo en cargar\u201d<\/h3>\n<p class=\"\" style=\"text-align: justify;\">Depende. \u201cHay que tener en cuenta que hay dos tipos de carga, la lenta, que haces en casa, y que puede tardar ocho o 10 horas, y la r\u00e1pida, m\u00e1s ocasional y durante los viajes, que puede tardar de 15 a 30 minutos\u201d, dice Hoffman. \u201cPero si lo piensas lo normal es parar, tomar un caf\u00e9 y pasar por el ba\u00f1o, con lo que el tiempo de viaje no aumenta mucho. Y se compensa con mucho con las cargas lentas, donde solo tienes que enchufarlo y te desentiendes, mientras que con uno de combusti\u00f3n tendr\u00edas que ir a la gasolinera una o dos veces a la semana\u201d, a\u00f1ade. Migu\u00e9lez, de Ganvam, tercia: \u201cAdem\u00e1s, cada vez hay m\u00e1s recargas de conveniencia, que se podr\u00e1n usar en supermercados o aparcamientos p\u00fablicos mientras haces otra actividad\u201d.<\/p>\n<figure class=\"a_m a_m-h \" style=\"text-align: justify;\"><span class=\"_db a_m_w _pr lb_btn\"><img data-recalc-dims=\"1\" loading=\"lazy\" decoding=\"async\" class=\"_re lazyload a_m-h\" src=\"https:\/\/i0.wp.com\/imagenes.elpais.com\/resizer\/N1GWiknBb3TgqasA6inFQRr-U1I%3D\/414x0\/cloudfront-eu-central-1.images.arcpublishing.com\/prisa\/LWLTA6Z6KJGAFPCBGNSM4VODEY.jpg?resize=414%2C268&#038;ssl=1\" sizes=\"auto, (min-width:1199px) 1155px,(min-width:1001px) calc(100vw - 44px),(min-width:768px) 767px, 100vw\" srcset=\"https:\/\/imagenes.elpais.com\/resizer\/N1GWiknBb3TgqasA6inFQRr-U1I=\/414x0\/cloudfront-eu-central-1.images.arcpublishing.com\/prisa\/LWLTA6Z6KJGAFPCBGNSM4VODEY.jpg 414w,https:\/\/imagenes.elpais.com\/resizer\/LQFNB6PpdHxP69cLNFRcO1Gd1EM=\/828x0\/cloudfront-eu-central-1.images.arcpublishing.com\/prisa\/LWLTA6Z6KJGAFPCBGNSM4VODEY.jpg 640w,https:\/\/imagenes.elpais.com\/resizer\/Ti3jYQZARAiUXqNZp_6BlxpZMC0=\/980x0\/cloudfront-eu-central-1.images.arcpublishing.com\/prisa\/LWLTA6Z6KJGAFPCBGNSM4VODEY.jpg 1000w,https:\/\/imagenes.elpais.com\/resizer\/eUNC5selTIOLVqzgVR77uqXudNU=\/1960x0\/cloudfront-eu-central-1.images.arcpublishing.com\/prisa\/LWLTA6Z6KJGAFPCBGNSM4VODEY.jpg 1960w\" alt=\"Varios coches el\u00e9ctricos en un punto de recarga colectivo. \" width=\"414\" height=\"268\" \/><\/span><figcaption class=\"a_m_p\">Varios coches el\u00e9ctricos en un punto de recarga colectivo. <span class=\"a_m_m\">Mario Tama (Getty Images)<\/span><\/figcaption><\/figure>\n<h3 class=\"\" style=\"text-align: justify;\">\u201cNo te puedes comprar un el\u00e9ctrico si no tienes garaje\u201d<\/h3>\n<p class=\"\" style=\"text-align: justify;\">En este caso, hay una base cierta. \u201cSi no dispones de un punto de recarga lento habitual, que puede ser en tu casa o en tu trabajo, no es la situaci\u00f3n ideal\u201d, reconoce Sauras, de <a href=\"https:\/\/www.auve.org\/\" data-link-track-dtm=\"\" data-mrf-link=\"https:\/\/www.auve.org\/\">AUVE<\/a>. Es una traba en un pa\u00eds en el que el 65% de la poblaci\u00f3n <a href=\"https:\/\/www.ine.es\/ss\/Satellite?blobcol=urldata&amp;blobheader=application%2Fpdf&amp;blobheadername1=Content-Disposition&amp;blobheadervalue1=attachment%3B+filename%3Dcfr_032020_v3.pdf&amp;blobkey=urldata&amp;blobtable=MungoBlobs&amp;blobwhere=241%2F953%2Fcfr_032020_v3.pdf&amp;ssbinary=true#:~:text=El%2064%2C9%25%20de%20la,las%20m%C3%A1s%20bajas%20en%202018.\" data-link-track-dtm=\"\" data-mrf-link=\"https:\/\/www.ine.es\/ss\/Satellite?blobcol=urldata&amp;blobheader=application%2Fpdf&amp;blobheadername1=Content-Disposition&amp;blobheadervalue1=attachment%3B+filename%3Dcfr_032020_v3.pdf&amp;blobkey=urldata&amp;blobtable=MungoBlobs&amp;blobwhere=241%2F953%2Fcfr_032020_v3.pdf&amp;ssbinary=true#:~:text=El%2064%2C9%25%20de%20la,las%20m%C3%A1s%20bajas%20en%202018.\">vive en pisos<\/a> y <a href=\"https:\/\/www.ine.es\/prensa\/ecepov_2021_feb.pdf\" data-link-track-dtm=\"\" data-mrf-link=\"https:\/\/www.ine.es\/prensa\/ecepov_2021_feb.pdf\">el 16% de alquiler<\/a> (datos del INE), con lo que mucha poblaci\u00f3n urbana no dispone de garaje o aparcamiento cercano. \u201cPara que fuera m\u00e1s sencillo, habr\u00eda que introducir muchos puntos de recarga lentos en las ciudades, como pasa ya en Pa\u00edses Bajos o el Reino Unido, donde en casi cada farola se puede convertir en uno de estos puntos\u201d, prosigue. <a href=\"https:\/\/elpais.com\/clima-y-medio-ambiente\/2021-03-22\/como-multiplicar-por-siete-los-puntos-de-recarga-para-coches-electricos-en-solo-tres-anos.html\" data-link-track-dtm=\"\" data-mrf-link=\"https:\/\/elpais.com\/clima-y-medio-ambiente\/2021-03-22\/como-multiplicar-por-siete-los-puntos-de-recarga-para-coches-electricos-en-solo-tres-anos.html\">Esa medida necesitar\u00eda de la implicaci\u00f3n de los ayuntamientos<\/a>.<\/p>\n<h3 class=\"\" style=\"text-align: justify;\">\u201cSolo sirven para moverte por la ciudad\u201d<\/h3>\n<p class=\"\" style=\"text-align: justify;\">Algunos de los veh\u00edculos m\u00e1s baratos est\u00e1n pensados para trayectos urbanos que no superen los 200 kil\u00f3metros diarios \u2014los m\u00e1s habituales\u2014, mientras que la gama media permite viajar algo m\u00e1s de 300 kil\u00f3metros por autov\u00eda. \u201cEl que conduce con el \u00fanico inter\u00e9s de llegar r\u00e1pido y sin parar preferir\u00e1 todav\u00eda un coche de combusti\u00f3n, pero para un viaje normal con paradas no vas a tardar m\u00e1s tiempo\u201d, se\u00f1ala Hoffman, que a\u00f1ade: \u201cYo llevo cinco a\u00f1os viajando en el\u00e9ctrico y nunca he tenido problema. Por ejemplo, he ido de Madrid a Varsovia en dos d\u00edas\u201d. Migu\u00e9lez, de Ganvam, propone: \u201cLos coches el\u00e9ctricos de alquiler \u2014<i>carsharing<\/i>\u2014, muy populares en las ciudades, tienen mucho sentido en el \u00e1mbito rural, porque favorecen el uso del veh\u00edculo compartido en zonas despobladas\u201d. <a href=\"https:\/\/elpais.com\/clima-y-medio-ambiente\/2022-05-30\/el-pueblo-de-tres-habitantes-con-un-servicio-puntero-de-coche-compartido-en-el-vehiculo-cabemos-todos.html\" data-link-track-dtm=\"\" data-mrf-link=\"https:\/\/elpais.com\/clima-y-medio-ambiente\/2022-05-30\/el-pueblo-de-tres-habitantes-con-un-servicio-puntero-de-coche-compartido-en-el-vehiculo-cabemos-todos.html\">Es lo que hace por ejemplo el programa Vive, que lleva estos veh\u00edculos a pueblos peque\u00f1os de la Espa\u00f1a vac\u00eda<\/a>.<\/p>\n<aside class=\"a_ei\">\n<header class=\"a_ei_h _db\">M\u00e1s informaci\u00f3n<\/header>\n<div class=\"a_ei_r _g _g-xs \"><a class=\"a_ei_t\" href=\"https:\/\/elpais.com\/clima-y-medio-ambiente\/2024-01-19\/por-espana-en-coche-electrico-el-mapa-de-los-puntos-de-carga-muestra-lo-lejos-que-se-puede-ir-todavia-no-mucho.html#?rel=mas_sumario\" data-link-track-dtm=\"\" data-mrf-link=\"https:\/\/elpais.com\/clima-y-medio-ambiente\/2024-01-19\/por-espana-en-coche-electrico-el-mapa-de-los-puntos-de-carga-muestra-lo-lejos-que-se-puede-ir-todavia-no-mucho.html\">Por Espa\u00f1a en coche el\u00e9ctrico: el mapa de los puntos de carga muestra lo lejos que se puede ir <\/a><\/div>\n<\/aside>\n<h3 class=\"\" style=\"text-align: justify;\">\u201cNecesitas 25 <i>apps<\/i> para recargar\u201d<\/h3>\n<p class=\"\" style=\"text-align: justify;\">Es un poco exagerado pero tiene su parte de verdad. \u201cMuchos usuarios de el\u00e9ctrico tienen entre ocho y 10 aplicaciones de recarga, aunque cada vez hay m\u00e1s puntos en los que se puede pagar con tarjeta\u201d, apunta Sauras, de AUVE. Garc\u00eda, de Anfac, a\u00f1ade: \u201cHay aplicaciones que permiten pagar en distintas compa\u00f1\u00edas, pero sigue faltando interoperabilidad entre los operadores\u201d. Y pide <a href=\"https:\/\/elpais.com\/clima-y-medio-ambiente\/2024-01-26\/el-coche-electrico-triunfa-en-portugal-empujado-por-un-sistema-de-pago-universal-en-los-puntos-de-recarga.html\" data-link-track-dtm=\"\" data-mrf-link=\"https:\/\/elpais.com\/clima-y-medio-ambiente\/2024-01-26\/el-coche-electrico-triunfa-en-portugal-empujado-por-un-sistema-de-pago-universal-en-los-puntos-de-recarga.html\">mirar a Portugal, que implant\u00f3 un sistema de pago universal en los puntos de recarga<\/a>. \u201cNos triplican en venta de el\u00e9ctricos puros, est\u00e1 claro que hay algo que no estamos haciendo bien. No hace falta inventar nada, solo hay que copiar a estos pa\u00edses\u201d, se\u00f1ala. Luis Vald\u00e9s, usuario desde hace a\u00f1os, explica: \u201cYo viajo por toda Espa\u00f1a con cuatro <i>apps <\/i>de las que me f\u00edo, pero har\u00eda falta un registro unificado que funcione en tiempo real\u201d. El Ministerio de Transici\u00f3n Ecol\u00f3gica tiene pendiente hacer un registro estatal.<\/p>\n<figure class=\"a_m a_m-h \" style=\"text-align: justify;\"><span class=\"_db a_m_w _pr lb_btn\"><img data-recalc-dims=\"1\" loading=\"lazy\" decoding=\"async\" class=\"_re lazyload a_m-h\" src=\"https:\/\/i0.wp.com\/imagenes.elpais.com\/resizer\/PST8Zp4xC4EEfE5fAjhmFxccN9g%3D\/414x0\/cloudfront-eu-central-1.images.arcpublishing.com\/prisa\/XVRK2E2KWNAR5K7B4FANY7BRUM.jpg?resize=414%2C276&#038;ssl=1\" sizes=\"auto, (min-width:1199px) 1155px,(min-width:1001px) calc(100vw - 44px),(min-width:768px) 767px, 100vw\" srcset=\"https:\/\/imagenes.elpais.com\/resizer\/PST8Zp4xC4EEfE5fAjhmFxccN9g=\/414x0\/cloudfront-eu-central-1.images.arcpublishing.com\/prisa\/XVRK2E2KWNAR5K7B4FANY7BRUM.jpg 414w,https:\/\/imagenes.elpais.com\/resizer\/GF_CcXXz6Sk2kJHq1yLUk5NmVeg=\/828x0\/cloudfront-eu-central-1.images.arcpublishing.com\/prisa\/XVRK2E2KWNAR5K7B4FANY7BRUM.jpg 640w,https:\/\/imagenes.elpais.com\/resizer\/WSPwj6VlYmlHa4rBumI8Auyx1pk=\/980x0\/cloudfront-eu-central-1.images.arcpublishing.com\/prisa\/XVRK2E2KWNAR5K7B4FANY7BRUM.jpg 1000w,https:\/\/imagenes.elpais.com\/resizer\/p7X3bM-cuKzr9Uw77N8qZ6SP1vI=\/1960x0\/cloudfront-eu-central-1.images.arcpublishing.com\/prisa\/XVRK2E2KWNAR5K7B4FANY7BRUM.jpg 1960w\" alt=\"Un conductor de un Tesla recarga su veh\u00edculo en la calle Europa de Barcelona.\" width=\"414\" height=\"276\" \/><\/span><figcaption class=\"a_m_p\">Un conductor de un Tesla recarga su veh\u00edculo en la calle Europa de Barcelona.<span class=\"a_m_m\">Albert Garcia<\/span><\/figcaption><\/figure>\n<h3 class=\"\" style=\"text-align: justify;\">\u201cSon mucho m\u00e1s caros\u201d<\/h3>\n<p class=\"\" style=\"text-align: justify;\">S\u00ed y no. \u201cEn los veh\u00edculos m\u00e1s econ\u00f3micos s\u00ed hay diferencia de precio. Por ejemplo, el coche del a\u00f1o 2023, el Jeep Avenger, vale 36.000 euros en el\u00e9ctrico y 22.000 en gasolina. Pero a partir de los 40.000 euros ya valen lo mismo\u201d, apunta Hoffman, que prueba un el\u00e9ctrico por semana. Sauras, de AUVE, completa: \u201cLos modelos chinos est\u00e1n bajando mucho los precios. El BYD Dolphin cuesta 32.000 euros con 204 CV y m\u00e1s de 300 kil\u00f3metros de autonom\u00eda y es mejor que coches de combusti\u00f3n de ese precio. Los precios bajan cada a\u00f1o. Y luego est\u00e1 la energ\u00eda: si haces unos 30.000 kil\u00f3metros al a\u00f1o, puedes ahorrar unos 2.000 euros en combustible\u201d. Adem\u00e1s, las ayudas del Plan Moves pueden llegar hasta los 7.000 euros por veh\u00edculo, <a href=\"https:\/\/elpais.com\/economia\/negocios\/2023-12-13\/el-coche-electrico-choca-con-el-muro-de-las-ayudas.html\" data-link-track-dtm=\"\" data-mrf-link=\"https:\/\/elpais.com\/economia\/negocios\/2023-12-13\/el-coche-electrico-choca-con-el-muro-de-las-ayudas.html\">aunque hay much\u00edsimo retraso para cobrarlas<\/a>.<\/p>\n<h3 class=\"\" style=\"text-align: justify;\">\u201cContaminan m\u00e1s cuando se producen\u201d<\/h3>\n<p class=\"\" style=\"text-align: justify;\">La fabricaci\u00f3n de las bater\u00edas requiere mucha energ\u00eda \u2014que puede ser renovable, o no\u2014 y miner\u00eda, pero la huella de carbono se compensa durante la vida \u00fatil del coche, al no necesitar combustibles f\u00f3siles, tal y como lo muestran diferentes informes tanto del <a href=\"https:\/\/theicct.org\/publication\/a-global-comparison-of-the-life-cycle-greenhouse-gas-emissions-of-combustion-engine-and-electric-passenger-cars\/\" data-link-track-dtm=\"\" data-mrf-link=\"https:\/\/theicct.org\/publication\/a-global-comparison-of-the-life-cycle-greenhouse-gas-emissions-of-combustion-engine-and-electric-passenger-cars\/\">Consejo Internacional de Transporte Limpio<\/a> (ICCT, en ingl\u00e9s) como de Transport &amp; Enviroment (T&amp;E). Esta \u00faltima entidad <a href=\"https:\/\/www.transportenvironment.org\/discover\/how-clean-are-electric-cars\/\" data-link-track-dtm=\"\" data-mrf-link=\"https:\/\/www.transportenvironment.org\/discover\/how-clean-are-electric-cars\/\">ha creado una herramienta para comparar las emisiones totales de los coches (fabricaci\u00f3n y uso)<\/a> a partir de muchas variables. \u201cDe media, un el\u00e9ctrico emite tres veces menos CO2 que su equivalente de combusti\u00f3n si se fabrica en Europa, y su huella tambi\u00e9n es menor aunque se haga en China\u201d, resume Carlos Rico, de T&amp;E.<\/p>\n<h3 class=\"\" style=\"text-align: justify;\">\u201cSon una moda pasajera\u201d<\/h3>\n<p class=\"\" style=\"text-align: justify;\">\u201cEse mito parte de que muchos pa\u00edses europeos han tenido ayudas a la compra y las acaban de retirar. En Alemania, por ejemplo, eran 10.000 euros por unidad. Pero los el\u00e9ctricos se van a seguir vendiendo: calculamos que este a\u00f1o un 8% y el que viene un 9%\u201d, apunta Migu\u00e9lez, de Ganvam, que pide ayudas estables y sencillas y deducciones fiscales para estos veh\u00edculos. L\u00f3pez, de EMS, tercia: \u201cEn junio del 2023 por primera vez, la matriculaci\u00f3n en Europa de los veh\u00edculos 100% el\u00e9ctricos (BEV) super\u00f3 la cuota del di\u00e9sel (15,1% frente a 13,4%). Y que aunque las ventas nuevas de turismo, furgonetas y autobuses cayeron, sin embargo los BEV mantuvieron su crecimiento aumentando cuota en detrimento del di\u00e9sel, tanto a nivel nacional como europeo\u201d. Adem\u00e1s, el lento ritmo de venta en Espa\u00f1a no puede hacer perder la perspectiva:<a href=\"https:\/\/www.acea.auto\/video\/eu-car-sales-on-the-up-in-2023-with-electric-models-increasingly-popular\/\" data-link-track-dtm=\"\" data-mrf-link=\"https:\/\/www.acea.auto\/video\/eu-car-sales-on-the-up-in-2023-with-electric-models-increasingly-popular\/\"> seg\u00fan la Asociaci\u00f3n de Fabricantes de Autom\u00f3viles de Europa (ACEA)<\/a>, en Noruega son ya el 82% de las ventas, en Dinamarca y Suecia superan el 36% e incluso en la vecina Portugal son el 18%.<\/p>\n<p><a class=\"a_md_a_n\" title=\"Ver todas las noticias de Miguel \u00c1ngel Medina\" href=\"https:\/\/elpais.com\/autor\/miguel-angel-medina\/#?rel=author_top\" data-mrf-link=\"https:\/\/elpais.com\/autor\/miguel-angel-medina\/\"><strong>Miguel \u00c1ngel Medina<\/strong><\/a><\/p>\n<p>FOTO: Lars Hoffmann, experto en veh\u00edculos el\u00e9ctricos, carga un coche de prueba en el garaje de su casa, en las afueras de Madrid.<span class=\"a_m_m\">Santi Burgos<\/span><\/p>\n<p>https:\/\/elpais.com\/clima-y-medio-ambiente\/2024-02-26\/mitos-del-coche-electrico-se-incendian-tardan-mucho-en-cargar-y-no-sirven-para-viajes-largos.html#?rel=mas<\/p>\n<div class=\"a_md _g _g-xs \">\n<figure class=\"a_md_i a_m-h c_m--nf\"><span class=\"a_m_w _db\">\u00a0<\/span><\/figure>\n<div class=\"a_md_txt\">\n<div class=\"a_md_a\" data-dtm-region=\"articulo_firma\">\u00a0<\/div>\n<\/div>\n<\/div>\n","protected":false},"excerpt":{"rendered":"<p>Los veh\u00edculos sin emisiones generan bulos y exageraciones debido en parte a su lenta implantaci\u00f3n&#8230;<\/p>\n","protected":false},"author":1,"featured_media":67507,"comment_status":"closed","ping_status":"closed","sticky":false,"template":"","format":"standard","meta":{"_coblocks_attr":"","_coblocks_dimensions":"","_coblocks_responsive_height":"","_coblocks_accordion_ie_support":"","jetpack_post_was_ever_published":false,"_jetpack_newsletter_access":"","_jetpack_dont_email_post_to_subs":false,"_jetpack_newsletter_tier_id":0,"_jetpack_memberships_contains_paywalled_content":false,"_jetpack_memberships_contains_paid_content":false,"footnotes":"","jetpack_publicize_message":"","jetpack_publicize_feature_enabled":true,"jetpack_social_post_already_shared":true,"jetpack_social_options":{"image_generator_settings":{"template":"highway","default_image_id":0,"enabled":false},"version":2}},"categories":[1161,44,6920],"tags":[],"class_list":["post-67506","post","type-post","status-publish","format-standard","has-post-thumbnail","hentry","category-ciudadania","category-noticias-de-hoy","category-tecnologia"],"jetpack_publicize_connections":[],"jetpack_featured_media_url":"https:\/\/i0.wp.com\/miradordeatarfe.es\/wp-content\/uploads\/2024\/02\/Screenshot-2024-02-28-at-21-13-22-Mitos-del-coche-electrico-se-incendian-tardan-mucho-en-cargar-y-no-sirven-para-viajes-largos.png?fit=665%2C590&ssl=1","jetpack_likes_enabled":true,"jetpack_sharing_enabled":true,"_links":{"self":[{"href":"https:\/\/miradordeatarfe.es\/index.php?rest_route=\/wp\/v2\/posts\/67506","targetHints":{"allow":["GET"]}}],"collection":[{"href":"https:\/\/miradordeatarfe.es\/index.php?rest_route=\/wp\/v2\/posts"}],"about":[{"href":"https:\/\/miradordeatarfe.es\/index.php?rest_route=\/wp\/v2\/types\/post"}],"author":[{"embeddable":true,"href":"https:\/\/miradordeatarfe.es\/index.php?rest_route=\/wp\/v2\/users\/1"}],"replies":[{"embeddable":true,"href":"https:\/\/miradordeatarfe.es\/index.php?rest_route=%2Fwp%2Fv2%2Fcomments&post=67506"}],"version-history":[{"count":1,"href":"https:\/\/miradordeatarfe.es\/index.php?rest_route=\/wp\/v2\/posts\/67506\/revisions"}],"predecessor-version":[{"id":67510,"href":"https:\/\/miradordeatarfe.es\/index.php?rest_route=\/wp\/v2\/posts\/67506\/revisions\/67510"}],"wp:featuredmedia":[{"embeddable":true,"href":"https:\/\/miradordeatarfe.es\/index.php?rest_route=\/wp\/v2\/media\/67507"}],"wp:attachment":[{"href":"https:\/\/miradordeatarfe.es\/index.php?rest_route=%2Fwp%2Fv2%2Fmedia&parent=67506"}],"wp:term":[{"taxonomy":"category","embeddable":true,"href":"https:\/\/miradordeatarfe.es\/index.php?rest_route=%2Fwp%2Fv2%2Fcategories&post=67506"},{"taxonomy":"post_tag","embeddable":true,"href":"https:\/\/miradordeatarfe.es\/index.php?rest_route=%2Fwp%2Fv2%2Ftags&post=67506"}],"curies":[{"name":"wp","href":"https:\/\/api.w.org\/{rel}","templated":true}]}}