{"id":67511,"date":"2024-02-29T08:25:52","date_gmt":"2024-02-29T07:25:52","guid":{"rendered":"https:\/\/miradordeatarfe.es\/?p=67511"},"modified":"2024-02-28T21:28:34","modified_gmt":"2024-02-28T20:28:34","slug":"que-se-debe-conectar-primero-el-cargador-o-el-movil","status":"publish","type":"post","link":"https:\/\/miradordeatarfe.es\/?p=67511","title":{"rendered":"Qu\u00e9 se debe conectar primero, el cargador o el m\u00f3vil"},"content":{"rendered":"<article class=\"v-a v-a--d v-a--d-bs v-a--p-b\">\n<div class=\"v-a-info-c \">\n<h2 class=\"v-a-sub-t\">En este caso, el orden de los factores s\u00ed que puede alterar el producto<\/h2>\n<\/div>\n<\/article>\n<p class=\"v-p\">La rutina de cargar un<a title=\" tel\u00e9fono m\u00f3vil\" href=\"https:\/\/www.lasprovincias.es\/vivir\/tecnologia\/cambiar-movil-riesgos-consejos-para-evitar-problemas-20240116171434-ntrc.html\" target=\"_self\" data-voc-vtm-id=\"in-text-traffic\" data-mrf-link=\"https:\/\/www.lasprovincias.es\/vivir\/tecnologia\/cambiar-movil-riesgos-consejos-para-evitar-problemas-20240116171434-ntrc.html\" rel=\"noopener\"> tel\u00e9fono m\u00f3vil<\/a> se ha convertido en una pr\u00e1ctica indispensable en la vida moderna. Curiosamente, la forma en la que abordamos este proceso puede variar, y cada individuo desarrolla su propia costumbre en cuanto al orden de conexi\u00f3n del cargador. Aunque es un acto que hacemos casi sin pensar, si prestamos atenci\u00f3n, es f\u00e1cil detectar como hay quien conecta primero el cable al dispositivo y luego al enchufe, mientras que otros lo hacen al rev\u00e9s. Pero, realmente, \u00bfcu\u00e1l es la forma correcta de hacerlo?<\/p>\n<p class=\"v-p\">Tal y como explican desde Huawei, cuando hablamos del proceso de carga de un tel\u00e9fono, el orden de los factores s\u00ed que puede alterar el producto. La empresa tecnol\u00f3gica multinacional china asegura que la manera en que conectamos el cargador puede afectar la durabilidad y el rendimiento a largo plazo de nuestros dispositivos.<\/p>\n<div id=\"wms-intext\" class=\"wms-intext\">\u00a0<\/div>\n<p class=\"v-p\">De acuerdo con sus recomendaciones, la prioridad al enchufar el tel\u00e9fono es conectar primero el cable de datos al cargador en la toma de la pared antes de conectar el extremo al tel\u00e9fono. La raz\u00f3n detr\u00e1s de esta sugerencia se relaciona con la noci\u00f3n de &#8216;sobrecarga&#8217;, un exceso de tensi\u00f3n instant\u00e1neo que puede ocurrir al conectar la fuente de alimentaci\u00f3n. Huawei advierte que, si se conecta primero el cable de datos al tel\u00e9fono, se puede generar un impulso considerable en el momento de conectar la fuente de alimentaci\u00f3n, lo que podr\u00eda da\u00f1ar el dispositivo.<\/p>\n<p class=\"v-p\">Asimismo, la tecnol\u00f3gica destaca la importancia de la desconexi\u00f3n, sugiriendo que al finalizar la carga, se debe desenchufar primero el tel\u00e9fono antes de retirar el cargador de la toma de corriente. Esta pr\u00e1ctica busca evitar corrientes instant\u00e1neas inversas que podr\u00edan afectar negativamente la bater\u00eda y reducir su vida \u00fatil.<\/p>\n<aside><\/aside>\n<p class=\"v-p\">Otra pr\u00e1ctica perjudicial para el tel\u00e9fono es dejarlo conectado a la fuente de alimentaci\u00f3n \u00abdurante un largo periodo de tiempo, despu\u00e9s de que se haya cargado completamente\u00bb. En este contexto, destaca la funci\u00f3n de &#8216;Carga inteligente&#8217; como una soluci\u00f3n para adaptarse a las rutinas de carga, pausando la carga cuando no es necesario y, de este modo, prolongando la vida \u00fatil de la bater\u00eda de manera m\u00e1s eficiente.<\/p>\n<div class=\"v-mdl-ath__inf\">\n<p class=\"v-mdl-ath__p v-mdl-ath__p--2\"><strong>Clara Alfonso<\/strong><\/p>\n<p>https:\/\/www.lasprovincias.es\/sociedad\/debe-conectar-primero-cargador-movil-20240119014003-nt.html#vca=voc-recirc&#038;vso=ideal&#038;ref=https:\/\/www.ideal.es\/<\/p>\n<\/div>\n<p class=\"v-mdl-ath__p v-mdl-ath__p--6\">\u00a0<\/p>\n","protected":false},"excerpt":{"rendered":"<p>En este caso, el orden de los factores s\u00ed que puede alterar el producto La&#8230;<\/p>\n","protected":false},"author":1,"featured_media":67512,"comment_status":"closed","ping_status":"closed","sticky":false,"template":"","format":"standard","meta":{"_coblocks_attr":"","_coblocks_dimensions":"","_coblocks_responsive_height":"","_coblocks_accordion_ie_support":"","jetpack_post_was_ever_published":false,"_jetpack_newsletter_access":"","_jetpack_dont_email_post_to_subs":false,"_jetpack_newsletter_tier_id":0,"_jetpack_memberships_contains_paywalled_content":false,"_jetpack_memberships_contains_paid_content":false,"footnotes":"","jetpack_publicize_message":"","jetpack_publicize_feature_enabled":true,"jetpack_social_post_already_shared":true,"jetpack_social_options":{"image_generator_settings":{"template":"highway","default_image_id":0,"enabled":false},"version":2}},"categories":[1161,44,6920],"tags":[],"class_list":["post-67511","post","type-post","status-publish","format-standard","has-post-thumbnail","hentry","category-ciudadania","category-noticias-de-hoy","category-tecnologia"],"jetpack_publicize_connections":[],"jetpack_featured_media_url":"https:\/\/i0.wp.com\/miradordeatarfe.es\/wp-content\/uploads\/2024\/02\/Captura-de-pantalla-2024-01-19-a-las-16.52.20-RjlJG9uhY47186y1WnpRa0K-1200x840%40Las-Provincias.png?fit=1200%2C840&ssl=1","jetpack_likes_enabled":true,"jetpack_sharing_enabled":true,"_links":{"self":[{"href":"https:\/\/miradordeatarfe.es\/index.php?rest_route=\/wp\/v2\/posts\/67511","targetHints":{"allow":["GET"]}}],"collection":[{"href":"https:\/\/miradordeatarfe.es\/index.php?rest_route=\/wp\/v2\/posts"}],"about":[{"href":"https:\/\/miradordeatarfe.es\/index.php?rest_route=\/wp\/v2\/types\/post"}],"author":[{"embeddable":true,"href":"https:\/\/miradordeatarfe.es\/index.php?rest_route=\/wp\/v2\/users\/1"}],"replies":[{"embeddable":true,"href":"https:\/\/miradordeatarfe.es\/index.php?rest_route=%2Fwp%2Fv2%2Fcomments&post=67511"}],"version-history":[{"count":1,"href":"https:\/\/miradordeatarfe.es\/index.php?rest_route=\/wp\/v2\/posts\/67511\/revisions"}],"predecessor-version":[{"id":67513,"href":"https:\/\/miradordeatarfe.es\/index.php?rest_route=\/wp\/v2\/posts\/67511\/revisions\/67513"}],"wp:featuredmedia":[{"embeddable":true,"href":"https:\/\/miradordeatarfe.es\/index.php?rest_route=\/wp\/v2\/media\/67512"}],"wp:attachment":[{"href":"https:\/\/miradordeatarfe.es\/index.php?rest_route=%2Fwp%2Fv2%2Fmedia&parent=67511"}],"wp:term":[{"taxonomy":"category","embeddable":true,"href":"https:\/\/miradordeatarfe.es\/index.php?rest_route=%2Fwp%2Fv2%2Fcategories&post=67511"},{"taxonomy":"post_tag","embeddable":true,"href":"https:\/\/miradordeatarfe.es\/index.php?rest_route=%2Fwp%2Fv2%2Ftags&post=67511"}],"curies":[{"name":"wp","href":"https:\/\/api.w.org\/{rel}","templated":true}]}}