{"id":67518,"date":"2024-03-01T11:05:12","date_gmt":"2024-03-01T10:05:12","guid":{"rendered":"https:\/\/miradordeatarfe.es\/?p=67518"},"modified":"2024-02-29T16:33:02","modified_gmt":"2024-02-29T15:33:02","slug":"lorca-y-la-dictadura-por-juan-santaella","status":"publish","type":"post","link":"https:\/\/miradordeatarfe.es\/?p=67518","title":{"rendered":"\u00abLORCA Y LA DICTADURA\u00bb por Juan Santaella"},"content":{"rendered":"<h3 style=\"text-align: justify;\">Federico nunca apoy\u00f3 una dictadura. Fue fusilado por estar en contra de ella. Salirse de esa verdad incontestable, es manchar su memoria.<\/h3>\n<p style=\"text-align: justify;\">En un programa de TVE, \u201cEl Mejor de la Historia\u201d, en el que Lorca compet\u00eda con Goya para llegar a finalista (nominaci\u00f3n que logr\u00f3), Jos\u00e9 Luis Garc\u00eda Margallo, ex Ministro de Asuntos Exteriores, dijo que Lorca \u201cera un hombre extraordinariamente atormentado y muy contradictorio\u201d y que \u201cera partidario de una dictadura militar antes de que lo matasen \u201d, seg\u00fan una entrevista concedida por Luis Rosales a Ian Gibson.<\/p>\n<p style=\"text-align: justify;\">Seg\u00fan Ana Bernal, Profesora de la Universitat Oberta de Catalu\u00f1a, autora de una trilog\u00eda sobre Lorca esa afirmaci\u00f3n de Margallo es falsa:<br \/>\nGibson nunca dio credibilidad a esas afirmaciones, pues \u00e9ste cree que Rosales dio la \u201cversi\u00f3n del r\u00e9gimen franquista en el momento de la<br \/>\nentrevista \u201d ( 1966); Lorca, en ninguno de sus escritos , apoya la dictadura , sino que la rechaza ; el R\u00e9gimen siempre quis o ocultar la idea de crimen pol\u00edtico, bas\u00e1ndolo en disputas familiares y envidias; si Lorca hubiera sido fascista , \u00bf c\u00f3mo se explica que esas ideas suyas no lo salvaran ??; es m\u00e1s, en ning\u00fan momento los Rosales (amigos hicieron valer que era proclive a la dictadura \u201d\u201d, cuando la denuncia presentada contra \u00e9l, por Ruiz Alonso hablaba, de \u201cun escritor subversivo, secretario de Fernando de los R\u00edos, que escuchaba una emisora revolucionaria , y que era un rojo\u201d; un informe de la Jefatura Superior de Polic\u00eda de Granada , de 1965 , indicaba que el proceso se basaba en que era \u201csocialista, mas\u00f3n y homosexual\u201d.<\/p>\n<p style=\"text-align: justify;\">Ni Federico apoy\u00f3 una dictadura \u201d\u201d, ni muri\u00f3 \u201cpor heridas de hechos de guerra como dice su parte de defunci\u00f3n . Federico fue fusilado por la<br \/>\ndictadura franquista , por estar en contra de ella. Salirse de esa verdad incontestable es manchar su memoria. El que mayoritariamente lo sigan<br \/>\nvotando hoy los ciudadanos en un programa de TVE que busca al mejor espa\u00f1ol de la historia significa que a\u00fan sigue vivo.<\/p>\n<p style=\"text-align: justify;\">Federico confiaba plenamente en el proyecto pol\u00edtico de la Rep\u00fablica, constituida legalmente, a la que apoy\u00f3 dirigiendo la compa\u00f1\u00eda de<br \/>\nteatro universitario \u201cLa Barraca\u201d. Sin militancia pol\u00edtica, siempre perteneci\u00f3 al \u201cpartido de los pobres\u201d. Intelectual comprometido, apoy\u00f3 127<br \/>\nmanifiestos, donde mostraba su rechazo\u00a0 a la barbarie fascista.\u00a0<\/p>\n<p style=\"text-align: justify;\">En u no de ellos \u201cLos intelectuales, con el Bloque Popular\u201d, apoyado por trescientos artistas (siendo su firma la primera), mostraba su adhesi\u00f3n al Frente Popular, por la defensa de la libertad, por un nivel de vida digno, y por la defensa de la cultura, para todos \u201d\u201d. Como \u00e9l mismo dec\u00eda : \u201chay que dejar el ramo de azucenas y meterse en el fango hasta la cintura para ayudar a los que buscan azucenas\u201d<\/p>\n<p style=\"text-align: justify;\">Su hermana Isabel lo describe as\u00ed: <em>\u00abTodo lo iluminaba. Era la luz. \u00c9l era la alegr\u00eda, la sorpresa, el entusiasmo que nos produce o\u00edr a un ni\u00f1o que <\/em><em>empieza a hablar, porque cada momento es irrepetible\u201d<\/em>. Su amigo D\u00e1maso Alonso, en 1949 , visitando el lugar del crimen, llor\u00f2 su muerte, como todos la lloramos, con los mismos borbotones de l\u00e1grimas que desprende Fuente Grande: \u00a1Ay Fuente de las l\u00e1grimas, \/ ay, campos de Alfacar, tierras de V\u00edznar!\/\u2026No le dig\u00e1is al alba vuestro luto,\/ no le quebr\u00e9is al d\u00eda su esperanza\u2026\/ pero en la noche aguda,\/ sesgada por el dalle de los vientos\/ que no olvidan, llorad, llorad conmigo.\/ Llora t\u00fa, fuente grande,\/ \u00a1ay, fuente de las l\u00e1grimas!<\/p>\n<p style=\"text-align: justify;\"><strong>Juan Santaella<\/strong><\/p>\n<p>FOTO:GRUPO LA BARRACA<\/p>\n","protected":false},"excerpt":{"rendered":"<p>Federico nunca apoy\u00f3 una dictadura. Fue fusilado por estar en contra de ella. Salirse de&#8230;<\/p>\n","protected":false},"author":1,"featured_media":67519,"comment_status":"closed","ping_status":"closed","sticky":false,"template":"","format":"standard","meta":{"_coblocks_attr":"","_coblocks_dimensions":"","_coblocks_responsive_height":"","_coblocks_accordion_ie_support":"","jetpack_post_was_ever_published":false,"_jetpack_newsletter_access":"","_jetpack_dont_email_post_to_subs":false,"_jetpack_newsletter_tier_id":0,"_jetpack_memberships_contains_paywalled_content":false,"_jetpack_memberships_contains_paid_content":false,"footnotes":"","jetpack_publicize_message":"","jetpack_publicize_feature_enabled":true,"jetpack_social_post_already_shared":true,"jetpack_social_options":{"image_generator_settings":{"template":"highway","default_image_id":0,"enabled":false},"version":2}},"categories":[1161,44,7671,6937],"tags":[],"class_list":["post-67518","post","type-post","status-publish","format-standard","has-post-thumbnail","hentry","category-ciudadania","category-noticias-de-hoy","category-politica","category-sociedad"],"jetpack_publicize_connections":[],"jetpack_featured_media_url":"https:\/\/i0.wp.com\/miradordeatarfe.es\/wp-content\/uploads\/2024\/02\/fotolabarraca-60fd0.jpg?fit=720%2C405&ssl=1","jetpack_likes_enabled":true,"jetpack_sharing_enabled":true,"_links":{"self":[{"href":"https:\/\/miradordeatarfe.es\/index.php?rest_route=\/wp\/v2\/posts\/67518","targetHints":{"allow":["GET"]}}],"collection":[{"href":"https:\/\/miradordeatarfe.es\/index.php?rest_route=\/wp\/v2\/posts"}],"about":[{"href":"https:\/\/miradordeatarfe.es\/index.php?rest_route=\/wp\/v2\/types\/post"}],"author":[{"embeddable":true,"href":"https:\/\/miradordeatarfe.es\/index.php?rest_route=\/wp\/v2\/users\/1"}],"replies":[{"embeddable":true,"href":"https:\/\/miradordeatarfe.es\/index.php?rest_route=%2Fwp%2Fv2%2Fcomments&post=67518"}],"version-history":[{"count":1,"href":"https:\/\/miradordeatarfe.es\/index.php?rest_route=\/wp\/v2\/posts\/67518\/revisions"}],"predecessor-version":[{"id":67520,"href":"https:\/\/miradordeatarfe.es\/index.php?rest_route=\/wp\/v2\/posts\/67518\/revisions\/67520"}],"wp:featuredmedia":[{"embeddable":true,"href":"https:\/\/miradordeatarfe.es\/index.php?rest_route=\/wp\/v2\/media\/67519"}],"wp:attachment":[{"href":"https:\/\/miradordeatarfe.es\/index.php?rest_route=%2Fwp%2Fv2%2Fmedia&parent=67518"}],"wp:term":[{"taxonomy":"category","embeddable":true,"href":"https:\/\/miradordeatarfe.es\/index.php?rest_route=%2Fwp%2Fv2%2Fcategories&post=67518"},{"taxonomy":"post_tag","embeddable":true,"href":"https:\/\/miradordeatarfe.es\/index.php?rest_route=%2Fwp%2Fv2%2Ftags&post=67518"}],"curies":[{"name":"wp","href":"https:\/\/api.w.org\/{rel}","templated":true}]}}