{"id":67521,"date":"2024-03-02T09:33:27","date_gmt":"2024-03-02T08:33:27","guid":{"rendered":"https:\/\/miradordeatarfe.es\/?p=67521"},"modified":"2024-03-01T16:39:46","modified_gmt":"2024-03-01T15:39:46","slug":"un-pequeno-ejercito-de-500-agricultores-y-activistas-combate-la-desertificacion-del-sudeste-peninsular","status":"publish","type":"post","link":"https:\/\/miradordeatarfe.es\/?p=67521","title":{"rendered":"Un peque\u00f1o ej\u00e9rcito de 500 agricultores y activistas combate la desertificaci\u00f3n del sudeste peninsular"},"content":{"rendered":"<header class=\"a_e _g _g-xs\">\n<div class=\"a_e_txt _df\">\n<h3 class=\"a_st\" style=\"text-align: justify;\">Organizaciones de Pa\u00edses Bajos y Espa\u00f1a financian, desde 2014, un proyecto de restauraci\u00f3n ecol\u00f3gica que incluye la plantaci\u00f3n de 240.000 \u00e1rboles, arbustos y cubiertas vegetales en los cultivos<a id=\"btn_share_comments_91\" class=\"_btn rs_c\" href=\"https:\/\/elpais.com\/clima-y-medio-ambiente\/2024-02-29\/un-pequeno-ejercito-de-500-agricultores-y-activistas-combate-la-desertificacion-del-sudeste-peninsular.html#comentarios\" data-share-track-dtm=\"eskup\" data-mrf-link=\"https:\/\/elpais.com\/clima-y-medio-ambiente\/2024-02-29\/un-pequeno-ejercito-de-500-agricultores-y-activistas-combate-la-desertificacion-del-sudeste-peninsular.html\"><span class=\"disqus-comment-count\" data-disqus-identifier=\"EXVUTRUSDBCKXEWGPPCCQOVPYY\">2 <\/span><\/a><\/h3>\n<\/div>\n<\/header>\n<div class=\"a_c clearfix\" style=\"text-align: justify;\" data-dtm-region=\"articulo_cuerpo\">\n<p class=\"\">La esquina sudeste de la Pen\u00ednsula es una de las zonas m\u00e1s castigadas por la desertificaci\u00f3n. El tri\u00e1ngulo interior entre Almer\u00eda, Murcia y Granada sufre la sequ\u00eda m\u00e1s extrema y la agricultura intensiva en invernadero ha empobrecido sus suelos, seg\u00fan los cient\u00edficos, hasta volver <a href=\"https:\/\/elpais.com\/clima-y-medio-ambiente\/2024-02-13\/casi-un-tercio-del-suelo-de-murcia-y-almeria-se-ha-vuelto-arido-en-la-ultima-decada.html\" target=\"_blank\" rel=\"noopener\" data-link-track-dtm=\"\" data-mrf-link=\"https:\/\/elpais.com\/clima-y-medio-ambiente\/2024-02-13\/casi-un-tercio-del-suelo-de-murcia-y-almeria-se-ha-vuelto-arido-en-la-ultima-decada.html\">\u00e1ridos casi un tercio del territorio total<\/a> de las dos primeras provincias. Hace casi una d\u00e9cada, un grupo de activistas se aliaron con agricultores para intentar frenar la degradaci\u00f3n. EL PA\u00cdS <a href=\"https:\/\/elpais.com\/sociedad\/2019\/02\/28\/actualidad\/1551393759_325194.html\" target=\"_blank\" rel=\"noopener\" data-link-track-dtm=\"\" data-mrf-link=\"https:\/\/elpais.com\/sociedad\/2019\/02\/28\/actualidad\/1551393759_325194.html\">visit\u00f3 este seco altiplano en 2019<\/a> y ahora ha vuelto para ver c\u00f3mo ha evolucionado esta iniciativa.<\/p>\n<p class=\"\">Todo empez\u00f3 en 2014, cuando la ONG holandesa <a href=\"https:\/\/commonland.com\/\" target=\"_blank\" rel=\"noopener\" data-link-track-dtm=\"\" data-mrf-link=\"https:\/\/commonland.com\/\">Commonland<\/a> buscaba una zona para poner en marcha un proyecto de restauraci\u00f3n ecol\u00f3gica. Una asociaci\u00f3n local de Almer\u00eda, <a href=\"https:\/\/alvelal.es\/\" target=\"_blank\" rel=\"noopener\" data-link-track-dtm=\"\" data-mrf-link=\"https:\/\/alvelal.es\/\">Alvelal<\/a>, logr\u00f3 que los 400.000 euros al a\u00f1o venidos de fuera se invirtieran aqu\u00ed, con un horizonte de dos d\u00e9cadas para dar un vuelco al paisaje. Una d\u00e9cada despu\u00e9s, los 30 agricultores implicados en la tarea se han multiplicado por 10 hasta llegar a los 359. Un avance muy significativo, pues el proyecto no solo busca la transformaci\u00f3n ecol\u00f3gica, sino tambi\u00e9n la econ\u00f3mica, para as\u00ed evitar la di\u00e1spora.<\/p>\n<p class=\"\">La guerra contra la desertificaci\u00f3n resulta muy desigual: durante la \u00faltima d\u00e9cada, Almer\u00eda y Murcia sumaron 6.008 kil\u00f3metros cuadrados de suelos \u00e1ridos que antes eran semi\u00e1ridos, seg\u00fan los c\u00e1lculos de la Estaci\u00f3n Experimental de Zonas \u00c1ridas del Consejo Superior de Investigaciones Cient\u00edficas (CSIC), con sede en la provincia andaluza m\u00e1s oriental. Mientras, Alvelal ha replantado 240.000 \u00e1rboles y arbustos para regenerar 2,6 kil\u00f3metros cuadrados en fincas y montes p\u00fablicos, y sus 359 agricultores suman 192 kil\u00f3metros cuadrados de zona agr\u00edcola que ahora respeta la vegetaci\u00f3n natural para enriquecer los suelos, cuando antes esa tierra se araba y se empobrec\u00eda. A pesar de la disparidad de cifras y el desequilibrio de fuerzas, los lugare\u00f1os saben que no hay otra que luchar.<\/p>\n<div id=\"gallery-summary-5\" class=\"gallery-summary-container\">\n<div class=\"gal__figs-scl\">\n<div class=\"a_gl\">\n<figure class=\"a_m _pr gallery-photo-1 gallery-slider__photo a_m-h\"><span class=\"a_m_w _db\"><img data-recalc-dims=\"1\" loading=\"lazy\" decoding=\"async\" class=\"_re  a_m-h alignleft\" src=\"https:\/\/i0.wp.com\/imagenes.elpais.com\/resizer\/0LJ9aWlNEhYauOgbHmWjx4U-YgY%3D\/414x0\/cloudfront-eu-central-1.images.arcpublishing.com\/prisa\/TKLVLC4YBZC4DPWNEJCDTYJJAA.jpg?resize=414%2C277&#038;ssl=1\" srcset=\"https:\/\/imagenes.elpais.com\/resizer\/0LJ9aWlNEhYauOgbHmWjx4U-YgY=\/414x0\/cloudfront-eu-central-1.images.arcpublishing.com\/prisa\/TKLVLC4YBZC4DPWNEJCDTYJJAA.jpg 414w,https:\/\/imagenes.elpais.com\/resizer\/D3d2mNLYe-OAVKEBRKznBAmLEQI=\/828x0\/cloudfront-eu-central-1.images.arcpublishing.com\/prisa\/TKLVLC4YBZC4DPWNEJCDTYJJAA.jpg 828w\" alt=\"La finca La Junquera, en el extremo occidental de la provincia de Murcia, incluye uno de los proyectos para replantar \u00e1rboles y arbustos que frenen la creciente desertificaci\u00f3n. \" width=\"414\" height=\"277\" data-src=\"https:\/\/imagenes.elpais.com\/resizer\/0LJ9aWlNEhYauOgbHmWjx4U-YgY=\/414x0\/cloudfront-eu-central-1.images.arcpublishing.com\/prisa\/TKLVLC4YBZC4DPWNEJCDTYJJAA.jpg\" \/><\/span><figcaption class=\"a_m_p\">La finca La Junquera, en el extremo occidental de la provincia de Murcia, incluye uno de los proyectos para replantar \u00e1rboles y arbustos que frenen la creciente desertificaci\u00f3n. <span class=\"a_m_m\">PACO PUENTES<\/span><\/figcaption><\/figure>\n<figure class=\"a_m _pr gallery-photo-2 gallery-slider__photo _dn a_m-h \"><span class=\"a_m_w _db\"><img data-recalc-dims=\"1\" loading=\"lazy\" decoding=\"async\" class=\"_re lazyload a_m-h\" src=\"https:\/\/i0.wp.com\/imagenes.elpais.com\/resizer\/BbQwxIRzMll1e5WR2kxGmkod4Hw%3D\/414x0\/cloudfront-eu-central-1.images.arcpublishing.com\/prisa\/EG45BVD3ZNE2DADKVZTHRUCXDE.jpg?resize=414%2C277&#038;ssl=1\" srcset=\"https:\/\/imagenes.elpais.com\/resizer\/BbQwxIRzMll1e5WR2kxGmkod4Hw=\/414x0\/cloudfront-eu-central-1.images.arcpublishing.com\/prisa\/EG45BVD3ZNE2DADKVZTHRUCXDE.jpg 414w,https:\/\/imagenes.elpais.com\/resizer\/zUvUV-dHR2H8zoKu1Myr1cSaMlA=\/828x0\/cloudfront-eu-central-1.images.arcpublishing.com\/prisa\/EG45BVD3ZNE2DADKVZTHRUCXDE.jpg 828w\" alt=\"Varios agricultores queman rastrojos en la finca regenerativa El Entredicho, en Caravaca de la Cruz (Murcia). \" width=\"414\" height=\"277\" data-src=\"https:\/\/imagenes.elpais.com\/resizer\/BbQwxIRzMll1e5WR2kxGmkod4Hw=\/414x0\/cloudfront-eu-central-1.images.arcpublishing.com\/prisa\/EG45BVD3ZNE2DADKVZTHRUCXDE.jpg\" \/><\/span><figcaption class=\"a_m_p\"><\/figcaption><\/figure>\n<figure class=\"a_m _pr gallery-photo-3 gallery-slider__photo _dn a_m-h \"><span class=\"a_m_w _db\"><img data-recalc-dims=\"1\" loading=\"lazy\" decoding=\"async\" class=\"_re lazyload a_m-h alignleft\" src=\"https:\/\/i0.wp.com\/imagenes.elpais.com\/resizer\/cQFG9P7uN2hm0rjj9ReVCz74-Fo%3D\/414x0\/cloudfront-eu-central-1.images.arcpublishing.com\/prisa\/PFVTNEBOUNEQHLP3RSSC73NGK4.jpg?resize=414%2C277&#038;ssl=1\" srcset=\"https:\/\/imagenes.elpais.com\/resizer\/cQFG9P7uN2hm0rjj9ReVCz74-Fo=\/414x0\/cloudfront-eu-central-1.images.arcpublishing.com\/prisa\/PFVTNEBOUNEQHLP3RSSC73NGK4.jpg 414w,https:\/\/imagenes.elpais.com\/resizer\/kVg3dB0InwmCfDTWLRHqr48_gQI=\/828x0\/cloudfront-eu-central-1.images.arcpublishing.com\/prisa\/PFVTNEBOUNEQHLP3RSSC73NGK4.jpg 828w\" alt=\"Un tractor, en una finca cercana a Caravaca de la Cruz, en Murcia, hace dos semanas.\" width=\"414\" height=\"277\" data-src=\"https:\/\/imagenes.elpais.com\/resizer\/cQFG9P7uN2hm0rjj9ReVCz74-Fo=\/414x0\/cloudfront-eu-central-1.images.arcpublishing.com\/prisa\/PFVTNEBOUNEQHLP3RSSC73NGK4.jpg\" \/><\/span><figcaption class=\"a_m_p\"><\/figcaption><\/figure>\n<figure class=\"a_m _pr gallery-photo-4 gallery-slider__photo _dn a_m-h \"><span class=\"a_m_w _db\"><img data-recalc-dims=\"1\" loading=\"lazy\" decoding=\"async\" class=\"_re lazyload a_m-h\" src=\"https:\/\/i0.wp.com\/imagenes.elpais.com\/resizer\/lKKgQyTCUevX6VcGHCpklOwZDOg%3D\/414x0\/cloudfront-eu-central-1.images.arcpublishing.com\/prisa\/2NNZ3OWGSZDK3HEAJ35OKSW46Q.jpg?resize=414%2C277&#038;ssl=1\" srcset=\"https:\/\/imagenes.elpais.com\/resizer\/lKKgQyTCUevX6VcGHCpklOwZDOg=\/414x0\/cloudfront-eu-central-1.images.arcpublishing.com\/prisa\/2NNZ3OWGSZDK3HEAJ35OKSW46Q.jpg 414w,https:\/\/imagenes.elpais.com\/resizer\/2N7aAupYH8LqZrdobHPcnqJxkIY=\/828x0\/cloudfront-eu-central-1.images.arcpublishing.com\/prisa\/2NNZ3OWGSZDK3HEAJ35OKSW46Q.jpg 828w\" alt=\"Peque\u00f1o ejemplar de sabina en la finca murciana La Junquera, del total de 240.000 \u00e1rboles y arbustos plantados en el sudeste peninsular por la asociaci\u00f3n Alvelal. \" width=\"414\" height=\"277\" data-src=\"https:\/\/imagenes.elpais.com\/resizer\/lKKgQyTCUevX6VcGHCpklOwZDOg=\/414x0\/cloudfront-eu-central-1.images.arcpublishing.com\/prisa\/2NNZ3OWGSZDK3HEAJ35OKSW46Q.jpg\" \/><\/span><figcaption class=\"a_m_p\"><\/figcaption><\/figure>\n<figure class=\"a_m _pr gallery-photo-5 gallery-slider__photo _dn a_m-h \"><span class=\"a_m_w _db\"><img data-recalc-dims=\"1\" loading=\"lazy\" decoding=\"async\" class=\"_re lazyload a_m-h alignleft\" src=\"https:\/\/i0.wp.com\/imagenes.elpais.com\/resizer\/7KYQsOekVDKbc3uBBKWEJIdk8Hw%3D\/414x0\/cloudfront-eu-central-1.images.arcpublishing.com\/prisa\/XZ64NRVS3JB65C2SC45BIKIU6I.jpg?resize=414%2C277&#038;ssl=1\" srcset=\"https:\/\/imagenes.elpais.com\/resizer\/7KYQsOekVDKbc3uBBKWEJIdk8Hw=\/414x0\/cloudfront-eu-central-1.images.arcpublishing.com\/prisa\/XZ64NRVS3JB65C2SC45BIKIU6I.jpg 414w,https:\/\/imagenes.elpais.com\/resizer\/KT-UIZIv3tNnvKSuA0GWvqtgBOI=\/828x0\/cloudfront-eu-central-1.images.arcpublishing.com\/prisa\/XZ64NRVS3JB65C2SC45BIKIU6I.jpg 828w\" alt=\"Fernando Bautista, responsable de \u00e1reas naturales de la asociaci\u00f3n Alvelal, cerca de la finca La Junquera. \" width=\"414\" height=\"277\" data-src=\"https:\/\/imagenes.elpais.com\/resizer\/7KYQsOekVDKbc3uBBKWEJIdk8Hw=\/414x0\/cloudfront-eu-central-1.images.arcpublishing.com\/prisa\/XZ64NRVS3JB65C2SC45BIKIU6I.jpg\" \/><\/span><figcaption class=\"a_m_p\"><\/figcaption><\/figure>\n<figure class=\"a_m _pr gallery-photo-6 gallery-slider__photo _dn a_m-h \"><span class=\"a_m_w _db\"><img data-recalc-dims=\"1\" loading=\"lazy\" decoding=\"async\" class=\"_re lazyload a_m-h\" src=\"https:\/\/i0.wp.com\/imagenes.elpais.com\/resizer\/XhYlUsGytIbwqNjg4cHGbABtnG0%3D\/414x0\/cloudfront-eu-central-1.images.arcpublishing.com\/prisa\/NPICPQXC3NACXGVJFJVVSKJRMY.jpg?resize=414%2C277&#038;ssl=1\" srcset=\"https:\/\/imagenes.elpais.com\/resizer\/XhYlUsGytIbwqNjg4cHGbABtnG0=\/414x0\/cloudfront-eu-central-1.images.arcpublishing.com\/prisa\/NPICPQXC3NACXGVJFJVVSKJRMY.jpg 414w,https:\/\/imagenes.elpais.com\/resizer\/e9UDNWNjsyzHHLydo1b4B9iYnM4=\/828x0\/cloudfront-eu-central-1.images.arcpublishing.com\/prisa\/NPICPQXC3NACXGVJFJVVSKJRMY.jpg 828w\" alt=\"Un reba\u00f1o de ovejas en la finca regenerativa El Entredicho. \" width=\"414\" height=\"277\" data-src=\"https:\/\/imagenes.elpais.com\/resizer\/XhYlUsGytIbwqNjg4cHGbABtnG0=\/414x0\/cloudfront-eu-central-1.images.arcpublishing.com\/prisa\/NPICPQXC3NACXGVJFJVVSKJRMY.jpg\" \/><\/span><figcaption class=\"a_m_p\"><\/figcaption><\/figure>\n<figure class=\"a_m _pr gallery-photo-7 gallery-slider__photo _dn a_m-h \"><span class=\"a_m_w _db\"><img data-recalc-dims=\"1\" loading=\"lazy\" decoding=\"async\" class=\"_re lazyload a_m-h alignleft\" src=\"https:\/\/i0.wp.com\/imagenes.elpais.com\/resizer\/REe7R5VTX7DunQ55sewMo0Jn7ps%3D\/414x0\/cloudfront-eu-central-1.images.arcpublishing.com\/prisa\/D5KQBC2AUVD6FLU3NBA73TZ5SA.jpg?resize=414%2C277&#038;ssl=1\" srcset=\"https:\/\/imagenes.elpais.com\/resizer\/REe7R5VTX7DunQ55sewMo0Jn7ps=\/414x0\/cloudfront-eu-central-1.images.arcpublishing.com\/prisa\/D5KQBC2AUVD6FLU3NBA73TZ5SA.jpg 414w,https:\/\/imagenes.elpais.com\/resizer\/K2FO0FKd9qjylF4NaPKAcTn7kIM=\/828x0\/cloudfront-eu-central-1.images.arcpublishing.com\/prisa\/D5KQBC2AUVD6FLU3NBA73TZ5SA.jpg 828w\" alt=\"Miguel \u00c1ngel Mart\u00ednez (izquierda) y Rafael Ordinas, agricultores de la finca regenerativa El Entredicho.\" width=\"414\" height=\"277\" data-src=\"https:\/\/imagenes.elpais.com\/resizer\/REe7R5VTX7DunQ55sewMo0Jn7ps=\/414x0\/cloudfront-eu-central-1.images.arcpublishing.com\/prisa\/D5KQBC2AUVD6FLU3NBA73TZ5SA.jpg\" \/><\/span><figcaption class=\"a_m_p\"><\/figcaption><\/figure>\n<figure class=\"a_m _pr gallery-photo-8 gallery-slider__photo _dn a_m-h \"><span class=\"a_m_w _db\"><img data-recalc-dims=\"1\" loading=\"lazy\" decoding=\"async\" class=\"_re lazyload a_m-h\" src=\"https:\/\/i0.wp.com\/imagenes.elpais.com\/resizer\/Jf6T_OJqprIlzZGXIiYB9JcOdxM%3D\/414x0\/cloudfront-eu-central-1.images.arcpublishing.com\/prisa\/WHDUEGLEGNFC3LHHLGGQBMWOKI.jpg?resize=414%2C277&#038;ssl=1\" srcset=\"https:\/\/imagenes.elpais.com\/resizer\/Jf6T_OJqprIlzZGXIiYB9JcOdxM=\/414x0\/cloudfront-eu-central-1.images.arcpublishing.com\/prisa\/WHDUEGLEGNFC3LHHLGGQBMWOKI.jpg 414w,https:\/\/imagenes.elpais.com\/resizer\/wsg6dzz9CVuEhPJPFvO2Kta5jfw=\/828x0\/cloudfront-eu-central-1.images.arcpublishing.com\/prisa\/WHDUEGLEGNFC3LHHLGGQBMWOKI.jpg 828w\" alt=\"Puesta de sol en la finca murciana El Entredicho. \" width=\"414\" height=\"277\" data-src=\"https:\/\/imagenes.elpais.com\/resizer\/Jf6T_OJqprIlzZGXIiYB9JcOdxM=\/414x0\/cloudfront-eu-central-1.images.arcpublishing.com\/prisa\/WHDUEGLEGNFC3LHHLGGQBMWOKI.jpg\" \/><\/span><figcaption class=\"a_m_p\"><\/figcaption><\/figure>\n<figure class=\"a_m _pr gallery-photo-9 gallery-slider__photo _dn a_m-h \"><span class=\"a_m_w _db\"><img data-recalc-dims=\"1\" loading=\"lazy\" decoding=\"async\" class=\"_re lazyload a_m-h alignleft\" src=\"https:\/\/i0.wp.com\/imagenes.elpais.com\/resizer\/oSHMEO9-cFf-u1FgdJnGGBOsIjU%3D\/414x0\/cloudfront-eu-central-1.images.arcpublishing.com\/prisa\/7IEF4NE4EJF3HMXYUXFCWUTFRE.jpg?resize=414%2C277&#038;ssl=1\" srcset=\"https:\/\/imagenes.elpais.com\/resizer\/oSHMEO9-cFf-u1FgdJnGGBOsIjU=\/414x0\/cloudfront-eu-central-1.images.arcpublishing.com\/prisa\/7IEF4NE4EJF3HMXYUXFCWUTFRE.jpg 414w,https:\/\/imagenes.elpais.com\/resizer\/DixsjWb9d85GaUrN_dJY3ROhpjE=\/828x0\/cloudfront-eu-central-1.images.arcpublishing.com\/prisa\/7IEF4NE4EJF3HMXYUXFCWUTFRE.jpg 828w\" alt=\"Almendro en flor en la finca Puerto Viejo, cerca de Chirivel (Almer\u00eda). \" width=\"414\" height=\"277\" data-src=\"https:\/\/imagenes.elpais.com\/resizer\/oSHMEO9-cFf-u1FgdJnGGBOsIjU=\/414x0\/cloudfront-eu-central-1.images.arcpublishing.com\/prisa\/7IEF4NE4EJF3HMXYUXFCWUTFRE.jpg\" \/><\/span><figcaption class=\"a_m_p\"><\/figcaption><\/figure>\n<figure class=\"a_m _pr gallery-photo-10 gallery-slider__photo _dn a_m-h \"><span class=\"a_m_w _db\"><img data-recalc-dims=\"1\" loading=\"lazy\" decoding=\"async\" class=\"_re lazyload a_m-h\" src=\"https:\/\/i0.wp.com\/imagenes.elpais.com\/resizer\/oIgYQxGfcRDtOgnADIim5ZB5sUA%3D\/414x0\/cloudfront-eu-central-1.images.arcpublishing.com\/prisa\/CQXLLLYN4NAQLJZNJPWK5KYFYQ.jpg?resize=414%2C277&#038;ssl=1\" srcset=\"https:\/\/imagenes.elpais.com\/resizer\/oIgYQxGfcRDtOgnADIim5ZB5sUA=\/414x0\/cloudfront-eu-central-1.images.arcpublishing.com\/prisa\/CQXLLLYN4NAQLJZNJPWK5KYFYQ.jpg 414w,https:\/\/imagenes.elpais.com\/resizer\/YRhToRCtxC_t5WRuZIq1TGsCO_E=\/828x0\/cloudfront-eu-central-1.images.arcpublishing.com\/prisa\/CQXLLLYN4NAQLJZNJPWK5KYFYQ.jpg 828w\" alt=\"Vista a\u00e9rea de las plantaciones de almendros en la finca El Entredicho. \" width=\"414\" height=\"277\" data-src=\"https:\/\/imagenes.elpais.com\/resizer\/oIgYQxGfcRDtOgnADIim5ZB5sUA=\/414x0\/cloudfront-eu-central-1.images.arcpublishing.com\/prisa\/CQXLLLYN4NAQLJZNJPWK5KYFYQ.jpg\" \/><\/span><figcaption class=\"a_m_p\"><\/figcaption><\/figure>\n<figure class=\"a_m _pr gallery-photo-11 gallery-slider__photo _dn a_m-h \"><span class=\"a_m_w _db\"><img data-recalc-dims=\"1\" loading=\"lazy\" decoding=\"async\" class=\"_re lazyload a_m-h alignleft\" src=\"https:\/\/i0.wp.com\/imagenes.elpais.com\/resizer\/v_KmkK8CWgwKkjJc3tfa7d_kqbg%3D\/414x0\/cloudfront-eu-central-1.images.arcpublishing.com\/prisa\/BMMKWNPM25AXLOM7S33HN3JQOY.jpg?resize=414%2C277&#038;ssl=1\" srcset=\"https:\/\/imagenes.elpais.com\/resizer\/v_KmkK8CWgwKkjJc3tfa7d_kqbg=\/414x0\/cloudfront-eu-central-1.images.arcpublishing.com\/prisa\/BMMKWNPM25AXLOM7S33HN3JQOY.jpg 414w,https:\/\/imagenes.elpais.com\/resizer\/Ae5BZLUkV0tCZ5yCygGRqiWNsXQ=\/828x0\/cloudfront-eu-central-1.images.arcpublishing.com\/prisa\/BMMKWNPM25AXLOM7S33HN3JQOY.jpg 828w\" alt=\"Elvira Mar\u00edn, presidenta de la Fundaci\u00f3n Aland y exdirectora de la asociaci\u00f3n Alvelal.\" width=\"414\" height=\"277\" data-src=\"https:\/\/imagenes.elpais.com\/resizer\/v_KmkK8CWgwKkjJc3tfa7d_kqbg=\/414x0\/cloudfront-eu-central-1.images.arcpublishing.com\/prisa\/BMMKWNPM25AXLOM7S33HN3JQOY.jpg\" \/><\/span><figcaption class=\"a_m_p\"><\/figcaption><\/figure>\n<figure class=\"a_m _pr gallery-photo-12 gallery-slider__photo _dn a_m-h \"><span class=\"a_m_w _db\"><img data-recalc-dims=\"1\" loading=\"lazy\" decoding=\"async\" class=\"_re lazyload a_m-h\" src=\"https:\/\/i0.wp.com\/imagenes.elpais.com\/resizer\/xkwFQTJG5BoS256khrU-jftNTsY%3D\/414x0\/cloudfront-eu-central-1.images.arcpublishing.com\/prisa\/354HQRA4Z5BVXEVYQXXMGJDDOQ.jpg?resize=414%2C276&#038;ssl=1\" srcset=\"https:\/\/imagenes.elpais.com\/resizer\/xkwFQTJG5BoS256khrU-jftNTsY=\/414x0\/cloudfront-eu-central-1.images.arcpublishing.com\/prisa\/354HQRA4Z5BVXEVYQXXMGJDDOQ.jpg 414w,https:\/\/imagenes.elpais.com\/resizer\/VgnlwlXUzJpBdRqElv7t61n8-8Q=\/828x0\/cloudfront-eu-central-1.images.arcpublishing.com\/prisa\/354HQRA4Z5BVXEVYQXXMGJDDOQ.jpg 828w\" alt=\"Vista a\u00e9rea de la finca Puerto Viejo, en la localidad almeriense de Chirivel. \" width=\"414\" height=\"276\" data-src=\"https:\/\/imagenes.elpais.com\/resizer\/xkwFQTJG5BoS256khrU-jftNTsY=\/414x0\/cloudfront-eu-central-1.images.arcpublishing.com\/prisa\/354HQRA4Z5BVXEVYQXXMGJDDOQ.jpg\" \/><\/span><figcaption class=\"a_m_p\"><\/figcaption><\/figure>\n<\/div>\n<\/div>\n<\/div>\n<\/div>\n<p class=\"\" style=\"text-align: justify;\">Desde el coche, el paisaje no parece en exceso agreste, con manchas verdes en el horizonte, pre\u00f1ado de sierras bajas y campos con pistachos, nogales y almendros, algunos con la flor ya brotada y un blanco exuberante. Pero al pisarlo, el suelo pedregoso y seco desvela su escasez de nutrientes y poca riqueza. Desde septiembre no cay\u00f3 una gota hasta hace unos d\u00edas, con 19 litros por metro cuadrado. La mayor\u00eda de los cultivos de cereales se esfum\u00f3 porque aun siendo de secano, no aguanta tantos meses sin agua y perece. En las fincas es normal ver <a href=\"https:\/\/www.naturalista.mx\/taxa\/57897-Salsola-kali\/browse_photos\" target=\"_blank\" rel=\"noopener\" data-link-track-dtm=\"\" data-mrf-link=\"https:\/\/www.naturalista.mx\/taxa\/57897-Salsola-kali\/browse_photos\">rodadores esteparios (<i>Salsola kali<\/i>)<\/a>, las t\u00edpicas bolas vegetales que ruedan con el viento en el lejano Oeste.<\/p>\n<p class=\"\" style=\"text-align: justify;\">En una loma junto a la finca La Junquera, en el extremo occidental de la provincia de Murcia, sobre un suelo pedregoso hay plantados peque\u00f1os ejemplares de \u00e1rboles como sabinas moras, encinas y pinos carrascos, pero tambi\u00e9n arbustos como enebros y retamas que no superan una cuarta de altura. No hay impacto visual ni lo habr\u00e1 en cinco a\u00f1os, el crecimiento es flem\u00e1tico. Adem\u00e1s, solo uno de cada dos plantados saldr\u00e1 adelante, ya que la tasa de supervivencia es del 54% con la escasez de lluvia cada vez m\u00e1s acuciante.<\/p>\n<p class=\"\" style=\"text-align: justify;\">\u201cTrabajamos muy a futuro para crear un corredor ecol\u00f3gico desde el noroeste de Murcia hasta la comarca de Guadix, pero no hacemos reforestaci\u00f3n, sino revegetaci\u00f3n, no para generar bosques, sino ecosistemas\u201d, matiza Fernando Bautista, responsable de \u00e1reas naturales de Alvelal. El objetivo es lograr que la vida brote diversa en este rinc\u00f3n \u00e1spero y evitar los bosques uniformes de una sola especie plantados anta\u00f1o y que son pasto de las llamas con gran facilidad. Adem\u00e1s, hacen captaciones de agua para aprovechar las lluvias torrenciales, que arrasan tierra que se pierde camino del mar.<\/p>\n<p class=\"\" style=\"text-align: justify;\">\u201c\u00bfLo m\u00e1s duro del campo? Mirar al cielo. El sueldo de un a\u00f1o viene en funci\u00f3n de la sequ\u00eda y las heladas, de ah\u00ed la inseguridad y la reticencia de los agricultores a los cambios para cuidar la cubierta vegetal\u201d. Remedios Arr\u00e9s, agricultora, presidenta de la asociaci\u00f3n Alvelal y una de las l\u00edderes de esta guerra contra los elementos, sabe que en su zona cada vez llueve menos y de manera m\u00e1s torrencial \u2014unos 310 litros por metro cuadrado de media al a\u00f1o\u2015. Para frenar la creciente desertificaci\u00f3n y que el suelo no muera, es necesario que el arado de los campos disminuya, rebrote la vegetaci\u00f3n, se pique la le\u00f1a para esparcirla y no se queme, y que los montes vuelvan a tener los bosques de anta\u00f1o. Ya es habitual que en este territorio caigan 200 litros en cinco d\u00edas y el suelo sea incapaz de absorberlos.<\/p>\n<figure class=\"a_m a_m-h \" style=\"text-align: justify;\"><span class=\"_db a_m_w _pr lb_btn\"><img data-recalc-dims=\"1\" loading=\"lazy\" decoding=\"async\" class=\"_re lazyload a_m-h alignleft\" src=\"https:\/\/i0.wp.com\/imagenes.elpais.com\/resizer\/-hNd8WHlsyR6rXLPIR2jbs6hZwI%3D\/414x0\/cloudfront-eu-central-1.images.arcpublishing.com\/prisa\/7DABPQWD7RCZTFIYQ2YYNIABYU.jpg?resize=414%2C277&#038;ssl=1\" sizes=\"auto, (min-width:1199px) 1155px,(min-width:1001px) calc(100vw - 44px),(min-width:768px) 767px, 100vw\" srcset=\"https:\/\/imagenes.elpais.com\/resizer\/-hNd8WHlsyR6rXLPIR2jbs6hZwI=\/414x0\/cloudfront-eu-central-1.images.arcpublishing.com\/prisa\/7DABPQWD7RCZTFIYQ2YYNIABYU.jpg 414w,https:\/\/imagenes.elpais.com\/resizer\/50CKVH8xPzXt_ATTeCGcdj5VuoY=\/828x0\/cloudfront-eu-central-1.images.arcpublishing.com\/prisa\/7DABPQWD7RCZTFIYQ2YYNIABYU.jpg 640w,https:\/\/imagenes.elpais.com\/resizer\/09lBxNuP4-l2citD4IO1Ttfg_pM=\/980x0\/cloudfront-eu-central-1.images.arcpublishing.com\/prisa\/7DABPQWD7RCZTFIYQ2YYNIABYU.jpg 1000w,https:\/\/imagenes.elpais.com\/resizer\/D60pmiIewDyRiR7D16IQwRWkos8=\/1960x0\/cloudfront-eu-central-1.images.arcpublishing.com\/prisa\/7DABPQWD7RCZTFIYQ2YYNIABYU.jpg 1960w\" alt=\"Remedios Arr\u00e9s, presidenta de la Asociaci\u00f3n Alvelal. \" width=\"414\" height=\"277\" \/><\/span><figcaption class=\"a_m_p\"><span style=\"font-size: 10pt;\">Remedios Arr\u00e9s, presidenta de la Asociaci\u00f3n Alvelal. <span class=\"a_m_m\">PACO PUENTES<\/span><\/span><\/figcaption><\/figure>\n<p class=\"\" style=\"text-align: justify;\">Tras esta d\u00e9cada de trayectoria, los cient\u00edficos de la Universidad de Almer\u00eda que estudian los suelos del Altiplano han comprobado dos evidencias: la primera es que el porcentaje medio de materia org\u00e1nica en estas tierras es del 1,27%, pero en algunos cultivos regenerativos, como el del agricultor Manuel Mart\u00ednez en Chirivel (Almer\u00eda), casi se duplica hasta el 2,3%. Con 250 hect\u00e1reas de vi\u00f1edo, cereal, almendro y monte regenerativo, Mart\u00ednez confirma los efectos del dato: \u201cYo no hab\u00eda visto lombrices en mi vida y ahora se escarba y hay\u201d. Y el segundo es la constataci\u00f3n de que la almendra regenerativa posee mayor calidad nutricional que la ecol\u00f3gica y la normal, con m\u00e1s nutrientes, prote\u00edna, grasas y compuestos bioactivos, como demostr\u00f3 un estudio de la Universidad de Valencia. Este territorio alberga la mayor superficie de almendra ecol\u00f3gica del mundo, con 70.500 hect\u00e1reas.<\/p>\n<p class=\"\" style=\"text-align: justify;\">\u201cSe trata de adaptar las t\u00e9cnicas del pasado, porque antes de los tractores ya se hac\u00edan las terrazas, que son muy antiguas, o las acequias de careo que hac\u00edan los \u00e1rabes. Cuesta esfuerzo cambiar, pero hasta los agricultores m\u00e1s esc\u00e9pticos han adoptado estas pr\u00e1cticas. El esfuerzo de estos 500 agricultores son gotitas de agua en el mar, pero por algo se empieza\u201d, opina Miguel \u00c1ngel G\u00f3mez, director t\u00e9cnico de Alvelal e investigador de agronom\u00eda en la Universidad de Almer\u00eda.<\/p>\n<figure class=\"a_m a_m-h \" style=\"text-align: justify;\"><span class=\"_db a_m_w _pr lb_btn\"><img data-recalc-dims=\"1\" loading=\"lazy\" decoding=\"async\" class=\"_re lazyload a_m-h alignright\" src=\"https:\/\/i0.wp.com\/imagenes.elpais.com\/resizer\/2_dKur23D5cLlDzO6SEJ6V_IKck%3D\/414x0\/cloudfront-eu-central-1.images.arcpublishing.com\/prisa\/2BNSWAQRCRDILFC6XLD7ZCFDJU.jpg?resize=414%2C276&#038;ssl=1\" sizes=\"auto, (min-width:1199px) 1155px,(min-width:1001px) calc(100vw - 44px),(min-width:768px) 767px, 100vw\" srcset=\"https:\/\/imagenes.elpais.com\/resizer\/2_dKur23D5cLlDzO6SEJ6V_IKck=\/414x0\/cloudfront-eu-central-1.images.arcpublishing.com\/prisa\/2BNSWAQRCRDILFC6XLD7ZCFDJU.jpg 414w,https:\/\/imagenes.elpais.com\/resizer\/7B_jyzDv5WBnZ-M3QnQTP6mpNuE=\/828x0\/cloudfront-eu-central-1.images.arcpublishing.com\/prisa\/2BNSWAQRCRDILFC6XLD7ZCFDJU.jpg 640w,https:\/\/imagenes.elpais.com\/resizer\/1bnJqrfDRKfNhNKTFaYib2NHQ-0=\/980x0\/cloudfront-eu-central-1.images.arcpublishing.com\/prisa\/2BNSWAQRCRDILFC6XLD7ZCFDJU.jpg 1000w,https:\/\/imagenes.elpais.com\/resizer\/v7yORmFfczsFkUduV_LKNWb9Wm0=\/1960x0\/cloudfront-eu-central-1.images.arcpublishing.com\/prisa\/2BNSWAQRCRDILFC6XLD7ZCFDJU.jpg 1960w\" alt=\"Manuel Mart\u00ednez Egea, propietario de la finca Puerto Viejo, en la localidad almeriense de Chirivel.\n\" width=\"414\" height=\"276\" \/><\/span><figcaption class=\"a_m_p\"><span style=\"font-size: 8pt;\">Manuel Mart\u00ednez Egea, propietario de la finca Puerto Viejo, en la localidad almeriense de Chirivel. <span class=\"a_m_m\">PACO PUENTES<\/span><\/span><\/figcaption><\/figure>\n<p class=\"\" style=\"text-align: justify;\">Las Administraciones dan facilidades a Alvelal, pero se limitan a cuidar los montes p\u00fablicos, sin implicarse en la revegetaci\u00f3n. \u201cDe momento somos los \u00fanicos que restauramos. Ha salido la ley europea [la reciente <a href=\"https:\/\/elpais.com\/clima-y-medio-ambiente\/2023-11-10\/la-ue-logra-pactar-la-politizada-ley-de-restauracion-de-la-naturaleza.html\" target=\"_blank\" rel=\"noopener\" data-link-track-dtm=\"\" data-mrf-link=\"https:\/\/elpais.com\/clima-y-medio-ambiente\/2023-11-10\/la-ue-logra-pactar-la-politizada-ley-de-restauracion-de-la-naturaleza.html\">norma de Restauraci\u00f3n de la Naturaleza<\/a>] y hay mayor sensibilidad, pero ninguna Administraci\u00f3n financia, ni el Estado ni las comunidades aut\u00f3nomas\u201d, confirma Bautista.<\/p>\n<p class=\"\" style=\"text-align: justify;\">Las cinco comarcas del territorio tienen 79 Ayuntamientos con 200.000 habitantes y hasta ahora 23 alcaldes han firmado el <a href=\"https:\/\/territorioregenerativo.com\/\" target=\"_blank\" rel=\"noopener\" data-link-track-dtm=\"\" data-mrf-link=\"https:\/\/territorioregenerativo.com\/\">Manifiesto por un territorio corregenerativo <\/a>para reducir la despoblaci\u00f3n, expandir los cultivos regenerativos y dar un mayor margen econ\u00f3mico a los agricultores, factores a priori de sentido com\u00fan para el beneficio de sus vecinos. Alvelal quiere implicar al medio centenar de regidores pendientes de unirse a la iniciativa y abrirles los ojos para que antes de 2026 todos est\u00e9n en el barco, as\u00ed como que se mojen la Junta andaluza, el Gobierno de Murcia y el Ministerio para la Transici\u00f3n Ecol\u00f3gica.<\/p>\n<p class=\"\" style=\"text-align: justify;\">Elvira Mar\u00edn dirigi\u00f3 Alvelal y ahora preside la <a href=\"https:\/\/fundacionaland.com\/\" target=\"_blank\" rel=\"noopener\" data-link-track-dtm=\"\" data-mrf-link=\"https:\/\/fundacionaland.com\/\">Fundaci\u00f3n Aland <\/a>para exportar al resto del pa\u00eds el modelo de los cuatro retornos que implantaron los holandeses en el Altiplano. \u201cQueremos influir en las pol\u00edticas p\u00fablicas porque el modelo actual es evidente que no funciona. Sufrimos desertificaci\u00f3n, pero tambi\u00e9n despoblaci\u00f3n y falta de oportunidades. Las perspectivas socioecon\u00f3micas y ambientales son horrorosas, pero involucrando a los empresarios y a la ciudadan\u00eda se puede revertir el proceso, hay que dar autoestima a la regi\u00f3n\u201d, alienta. Un ejemplo es <a href=\"https:\/\/www.almendrehesa.es\/\" target=\"_blank\" rel=\"noopener\" data-link-track-dtm=\"\" data-mrf-link=\"https:\/\/www.almendrehesa.es\/\">La Almendrehesa<\/a>, empresa que paga entre 7,3 y 7,5 euros el kilo de almendras en cultivo regenerativo a 50 agricultores, un 5% superior al precio de medio de las lonjas de almendra ecol\u00f3gica.<\/p>\n<p class=\"\" style=\"text-align: justify;\">Desde la acera de la Administraci\u00f3n, Jaime de Lara, director del Parque Natural Sierra Mar\u00eda Los V\u00e9lez (Almer\u00eda), es una excepci\u00f3n: \u201cLos planes de restauraci\u00f3n de Alvelal en seis montes son lo mejor que me ha pasado en la vida. Ellos se encargaron de todo, yo solo les abr\u00ed las puertas del parque y me ahorraba el proyecto, la licitaci\u00f3n y las certificaciones burocr\u00e1ticas\u201d, confiesa. Sobre el futuro es optimista: \u201cTengo la certeza de que la erosi\u00f3n se corrige con repoblaci\u00f3n y restauraci\u00f3n hidrol\u00f3gica. El cambio para el agricultor no es m\u00e1s costoso, pero s\u00ed debe cambiar el chip y olvidarse del arado para incorporar los residuos al suelo\u201d. El alcalde de Chirivel, Jos\u00e9 Torregrosa (PSOE), a\u00f1ade: \u201cNo es f\u00e1cil ese cambio. Nuestros mayores estaban atados a la maquinaria y hacer inversi\u00f3n cuesta. Estamos en un secano rabioso y llevamos dos a\u00f1os muy malos\u201d.<\/p>\n<figure class=\"a_m a_m-h \" style=\"text-align: justify;\"><span class=\"_db a_m_w _pr lb_btn\"><img data-recalc-dims=\"1\" loading=\"lazy\" decoding=\"async\" class=\"_re lazyload a_m-h alignleft\" src=\"https:\/\/i0.wp.com\/imagenes.elpais.com\/resizer\/z0VAwHGt84m1HW0nXFTbS0uICtY%3D\/414x0\/cloudfront-eu-central-1.images.arcpublishing.com\/prisa\/IKQ76QIEJNEGTFSFMEUSHENMEQ.jpg?resize=414%2C277&#038;ssl=1\" sizes=\"auto, (min-width:1199px) 1155px,(min-width:1001px) calc(100vw - 44px),(min-width:768px) 767px, 100vw\" srcset=\"https:\/\/imagenes.elpais.com\/resizer\/z0VAwHGt84m1HW0nXFTbS0uICtY=\/414x0\/cloudfront-eu-central-1.images.arcpublishing.com\/prisa\/IKQ76QIEJNEGTFSFMEUSHENMEQ.jpg 414w,https:\/\/imagenes.elpais.com\/resizer\/5zjQVEYczBDYSgM0ffTAV9Q0WiE=\/828x0\/cloudfront-eu-central-1.images.arcpublishing.com\/prisa\/IKQ76QIEJNEGTFSFMEUSHENMEQ.jpg 640w,https:\/\/imagenes.elpais.com\/resizer\/yqNbEFc6C-eUOcccG6c_xaVucvI=\/980x0\/cloudfront-eu-central-1.images.arcpublishing.com\/prisa\/IKQ76QIEJNEGTFSFMEUSHENMEQ.jpg 1000w,https:\/\/imagenes.elpais.com\/resizer\/ubPjPay_PYIg-sOxK5dVWZBigL0=\/1960x0\/cloudfront-eu-central-1.images.arcpublishing.com\/prisa\/IKQ76QIEJNEGTFSFMEUSHENMEQ.jpg 1960w\" alt=\"Un reba\u00f1o de ovejas en la finca regenerativa El Entredicho. \" width=\"414\" height=\"277\" \/><\/span><figcaption class=\"a_m_p\"><span style=\"font-size: 10pt;\">Un reba\u00f1o de ovejas en la finca regenerativa El Entredicho. <span class=\"a_m_m\">PACO PUENTES<\/span><\/span><\/figcaption><\/figure>\n<p class=\"\" style=\"text-align: justify;\">Donde confluyen las provincias de Murcia, Albacete y Almer\u00eda est\u00e1 la finca El Entredicho, una explotaci\u00f3n familiar de cereal, almendro, pistacho, nogales y 700 ovejas, donde sus due\u00f1os construyen gaviones para romper la inercia del agua, que baja la ladera a toda velocidad desde la cercana Sierra Revolcadores. \u201cConf\u00edo en que <a href=\"https:\/\/elpais.com\/clima-y-medio-ambiente\/2023-12-09\/como-lograr-mas-cosecha-y-danar-menos-al-medio-ambiente-asi-funciona-la-agricultura-regenerativa.html\" target=\"_blank\" rel=\"noopener\" data-link-track-dtm=\"\" data-mrf-link=\"https:\/\/elpais.com\/clima-y-medio-ambiente\/2023-12-09\/como-lograr-mas-cosecha-y-danar-menos-al-medio-ambiente-asi-funciona-la-agricultura-regenerativa.html\">los cultivos regenerativos<\/a> se diferenciar\u00e1n con un sello del ecol\u00f3gico, pero el dinero no fue la raz\u00f3n para meternos en Alvelal\u201d, cuenta Rafael Ordinas, que el a\u00f1o pasado produjo 40.000 kilos de almendra. \u201cLas llamadas malas hierbas no son tan malas. Solo tocamos un par de veces al a\u00f1o la estructura org\u00e1nica de la tierra y labramos cerca de los \u00e1rboles, no en el centro de las calles para evitar la erosi\u00f3n\u201d, explica. El Ministerio de Agricultura ve con buenos ojos la agricultura regenerativa, pero no se plantea impulsar un sello que lo diferencie del ecol\u00f3gico y pasa la pelota a la Comisi\u00f3n Europea.<\/p>\n<p class=\"\" style=\"text-align: justify;\">El pr\u00f3ximo mayo se reunir\u00e1n en Girona representantes de siete asociaciones de la Pen\u00ednsula (Alentejo, Menorca, C\u00e1diz, el Altiplano, Girona, Campos de Montiel y el Ebro) para consolidar una red nacional de espacios regenerativos y unir esfuerzos. \u201cQueremos convertir a la pen\u00ednsula Ib\u00e9rica en el territorio regenerativo l\u00edder de Europa en la restauraci\u00f3n de paisajes con desarrollo de negocios y una visi\u00f3n hol\u00edstica\u201d, avanza Willem Ferwerda, fundador de Commonland, que aporta 400.000 euros del presupuesto anual de 1,6 millones de Alvelal e invierte en proyectos medioambientales de 20 pa\u00edses.<\/p>\n<p><a class=\"a_md_a_n\" title=\"Ver todas las noticias de Javier Mart\u00edn-Arroyo\" href=\"https:\/\/elpais.com\/autor\/javier-martin-arroyo\/#?rel=author_top\" data-mrf-link=\"https:\/\/elpais.com\/autor\/javier-martin-arroyo\/\"><strong>Javier Mart\u00edn-Arroyo<\/strong><\/a><\/p>\n<p>FOTO: L\u00ednea de infiltraci\u00f3n realizada en una curva de nivel, en la finca Puerto Viejo, en la localidad almeriense de Chirivel.<span class=\"a_m_m\">PACO PUENTES<\/span><\/p>\n<div class=\"a_md _g _g-xs \">\n<div class=\"a_md_txt\">\n<div class=\"w_rs\" data-dtm-region=\"articulo_botonera-social\">\n<div class=\"w_rs_i\">https:\/\/elpais.com\/clima-y-medio-ambiente\/2024-02-29\/un-pequeno-ejercito-de-500-agricultores-y-activistas-combate-la-desertificacion-del-sudeste-peninsular.html<\/div>\n<\/div>\n<\/div>\n<\/div>\n","protected":false},"excerpt":{"rendered":"<p>Organizaciones de Pa\u00edses Bajos y Espa\u00f1a financian, desde 2014, un proyecto de restauraci\u00f3n ecol\u00f3gica que&#8230;<\/p>\n","protected":false},"author":1,"featured_media":67522,"comment_status":"closed","ping_status":"closed","sticky":false,"template":"","format":"standard","meta":{"_coblocks_attr":"","_coblocks_dimensions":"","_coblocks_responsive_height":"","_coblocks_accordion_ie_support":"","jetpack_post_was_ever_published":false,"_jetpack_newsletter_access":"","_jetpack_dont_email_post_to_subs":false,"_jetpack_newsletter_tier_id":0,"_jetpack_memberships_contains_paywalled_content":false,"_jetpack_memberships_contains_paid_content":false,"footnotes":"","jetpack_publicize_message":"","jetpack_publicize_feature_enabled":true,"jetpack_social_post_already_shared":true,"jetpack_social_options":{"image_generator_settings":{"template":"highway","default_image_id":0,"enabled":false},"version":2}},"categories":[1161,10781,9,44],"tags":[],"class_list":["post-67521","post","type-post","status-publish","format-standard","has-post-thumbnail","hentry","category-ciudadania","category-granada","category-medio-ambiente","category-noticias-de-hoy"],"jetpack_publicize_connections":[],"jetpack_featured_media_url":"https:\/\/i0.wp.com\/miradordeatarfe.es\/wp-content\/uploads\/2024\/02\/Screenshot-2024-02-29-at-16-56-46-Un-pequeno-ejercito-de-500-agricultores-y-activistas-combate-la-desertificacion-del-sudeste-peninsular.png?fit=815%2C624&ssl=1","jetpack_likes_enabled":true,"jetpack_sharing_enabled":true,"_links":{"self":[{"href":"https:\/\/miradordeatarfe.es\/index.php?rest_route=\/wp\/v2\/posts\/67521","targetHints":{"allow":["GET"]}}],"collection":[{"href":"https:\/\/miradordeatarfe.es\/index.php?rest_route=\/wp\/v2\/posts"}],"about":[{"href":"https:\/\/miradordeatarfe.es\/index.php?rest_route=\/wp\/v2\/types\/post"}],"author":[{"embeddable":true,"href":"https:\/\/miradordeatarfe.es\/index.php?rest_route=\/wp\/v2\/users\/1"}],"replies":[{"embeddable":true,"href":"https:\/\/miradordeatarfe.es\/index.php?rest_route=%2Fwp%2Fv2%2Fcomments&post=67521"}],"version-history":[{"count":2,"href":"https:\/\/miradordeatarfe.es\/index.php?rest_route=\/wp\/v2\/posts\/67521\/revisions"}],"predecessor-version":[{"id":67565,"href":"https:\/\/miradordeatarfe.es\/index.php?rest_route=\/wp\/v2\/posts\/67521\/revisions\/67565"}],"wp:featuredmedia":[{"embeddable":true,"href":"https:\/\/miradordeatarfe.es\/index.php?rest_route=\/wp\/v2\/media\/67522"}],"wp:attachment":[{"href":"https:\/\/miradordeatarfe.es\/index.php?rest_route=%2Fwp%2Fv2%2Fmedia&parent=67521"}],"wp:term":[{"taxonomy":"category","embeddable":true,"href":"https:\/\/miradordeatarfe.es\/index.php?rest_route=%2Fwp%2Fv2%2Fcategories&post=67521"},{"taxonomy":"post_tag","embeddable":true,"href":"https:\/\/miradordeatarfe.es\/index.php?rest_route=%2Fwp%2Fv2%2Ftags&post=67521"}],"curies":[{"name":"wp","href":"https:\/\/api.w.org\/{rel}","templated":true}]}}