{"id":67527,"date":"2024-03-02T10:34:25","date_gmt":"2024-03-02T09:34:25","guid":{"rendered":"https:\/\/miradordeatarfe.es\/?p=67527"},"modified":"2024-02-29T17:48:30","modified_gmt":"2024-02-29T16:48:30","slug":"la-familia-de-enrique-morente-deposita-en-la-camara-acorazada-del-cervantes-una-careta-y-un-panuelo-del-cantaor","status":"publish","type":"post","link":"https:\/\/miradordeatarfe.es\/?p=67527","title":{"rendered":"La familia de Enrique Morente deposita en la c\u00e1mara acorazada del Cervantes una careta y un pa\u00f1uelo del cantaor"},"content":{"rendered":"<h3 style=\"text-align: justify;\">El Instituto Cervantes ha acogido un acto para honrar la figura del cantaor y su aportaci\u00f3n a la m\u00fasica.<\/h3>\n<div class=\"cuerpo\">\n<p style=\"text-align: justify;\">La familia de <strong>Enrique Morente<\/strong> ha depositado este mi\u00e9rcoles 28 de febrero, D\u00eda de Andaluc\u00eda, una careta y un pa\u00f1uelo que pertenecieron al cantaor granadino en la caja n\u00famero 1566 de la antigua c\u00e1mara acorazada de la Sede del Instituto Cervantes, en el acto de Legado a la Caja de las Letras in memoriam del artista para honrar su figura y su aportaci\u00f3n al cante jondo.<\/p>\n<p style=\"text-align: justify;\">Como ha resaltado el Instituto Cervantes,\u00a0Enrique Morente (Granada, 1942 &#8211; Madrid, 2010) est\u00e1 considerado uno de los principales renovadores del flamenco, del que busc\u00f3 nuevas vertientes a los estilos m\u00e1s tradicionales. La b\u00fasqueda y la experimentaci\u00f3n fueron sus se\u00f1as de identidad, as\u00ed como el sello con el que adaptaba al flamenco poemas de Miguel Hern\u00e1ndez, Lorca o los hermanos Machado. Fue el primer cantaor de flamenco que recibi\u00f3 el Premio Nacional de M\u00fasica -otorgado por el Ministerio de Cultura- en 1994.<\/p>\n<p class=\"sumari\" style=\"text-align: justify;\">Para Aurora Carbonell, es un \u00absue\u00f1o\u00bb que el legado de Enrique Morente descanse \u00aben la catedral de las letras\u00bb<\/p>\n<p style=\"text-align: justify;\">\u00abSi hay algo que caracterizaba a Enrique es la humildad. La grandeza de ser humilde es lo que le catapult\u00f3 a la historia de manera directa\u00bb, ha subrayado la cantaora <strong>Estrella Morente<\/strong>, que ha estado rodeada de sus hermanos <strong>Sole\u00e1<\/strong> y <strong>Jos\u00e9 Enrique &#8216;Kiki&#8217; Morente<\/strong> y la mujer del homenajeado, <strong>Aurora Carbonell<\/strong>, tambi\u00e9n presidenta de la <strong>Fundaci\u00f3n Enrique Morente, Casa de la Tradici\u00f3n y la Traducci\u00f3n<\/strong>, creada para honrar la memoria del artista y divulgar su herencia art\u00edstica, que precisamente ha sido presentada en un auditorio hasta la bandera del Instituto Cervantes este mismo martes.<\/p>\n<p style=\"text-align: justify;\">Para Aurora Carbonell, es un \u00absue\u00f1o\u00bb que el legado de Enrique Morente descanse \u00aben la catedral de las letras\u00bb.\u00a0<\/p>\n<div class=\"media media-element-container media-default\" style=\"text-align: justify;\">\n<div id=\"file-100554\" class=\"file file-image file-image-jpeg\">\n<div class=\"content\"><img data-recalc-dims=\"1\" loading=\"lazy\" decoding=\"async\" class=\"media-element file-default alignleft\" src=\"https:\/\/i0.wp.com\/www.elindependientedegranada.es\/sites\/default\/files\/legado_morente2.jpg?resize=640%2C427&#038;ssl=1\" alt=\"\" width=\"640\" height=\"427\" data-delta=\"1\" \/><\/div>\n<\/div>\n<\/div>\n<p class=\"pie\" style=\"text-align: justify;\"><em>Objetos de Enrique Morente. <b>cristina molero\/instituto cervantes<\/b><\/em><\/p>\n<p style=\"text-align: justify;\">Previamente a la presentaci\u00f3n de la Fundaci\u00f3n, <strong>el director del Cervantes, Luis Garc\u00eda Montero<\/strong>, ha dedicado unas palabras hacia Enrique Morente antes de que la familia depositara los objetos personales del artista en la caja. Ha recordado su compromiso con la poes\u00eda y ha resaltado que \u00abse sentir\u00eda muy c\u00f3modo\u00bb en la Caja de las Letras, \u00abentre Lorca y Miguel Hern\u00e1ndez\u00bb. Adem\u00e1s, Garc\u00eda Montero ha confesado que gracias al artista hab\u00eda aprendido que \u00abse puede defender la tradici\u00f3n sin caer en el tradicionalismo\u00bb.<\/p>\n<p class=\"img\" style=\"text-align: justify;\">\u00a0<\/p>\n<div class=\"media media-element-container media-default\" style=\"text-align: justify;\">\n<div id=\"file-100555\" class=\"file file-image file-image-jpeg\">\n<h2 class=\"element-invisible\">\u00a0<\/h2>\n<div class=\"content\"><img data-recalc-dims=\"1\" loading=\"lazy\" decoding=\"async\" class=\"media-element file-default alignright\" src=\"https:\/\/i0.wp.com\/www.elindependientedegranada.es\/sites\/default\/files\/legado_morente4.jpg?resize=640%2C427&#038;ssl=1\" alt=\"\" width=\"640\" height=\"427\" data-delta=\"2\" \/><\/div>\n<\/div>\n<\/div>\n<p class=\"pie\" style=\"text-align: justify;\">Aurora Carbonell con sus hijas Estrella y Sole\u00e1 y su hijo Kiki.\u00a0<span class=\"firma\">cristina molero\/Instituto cervantes<\/span><\/p>\n<p style=\"text-align: justify;\">En el acto de presentaci\u00f3n de la Fundaci\u00f3n Enrique Morente tambi\u00e9n han intervenido <strong>la vicepresidenta primera y ministra de Hacienda, Mar\u00eda Jes\u00fas Montero<\/strong>, que ha recordado al granadino como \u00abun gigante y un artista con may\u00fasculas\u00bb.<\/p>\n<p class=\"sumari\" style=\"text-align: justify;\">\u00abHa sido y es el mejor embajador de Andaluc\u00eda y de Espa\u00f1a y gracias a \u00e9l mucha gente conoce el talento y el genio que nace de una tierra que se expresa en el acento, en el sentimiento, en esas caras de las mujeres Morente que son Andaluc\u00eda pura\u00bb<\/p>\n<p style=\"text-align: justify;\">\u00abHa sido y es el mejor embajador de Andaluc\u00eda y de Espa\u00f1a y gracias a \u00e9l mucha gente conoce el talento y el genio que nace de una tierra que se expresa en el acento, en el sentimiento, en esas caras de las mujeres Morente que son Andaluc\u00eda pura\u00bb, ha proclamado, poniendo a la vez en valor la Fundaci\u00f3n Enrique Morente con la que \u00abmucha gente va a poder descubrir cosas que probablemente no conocen del artista\u00bb, ha dicho.<\/p>\n<p style=\"text-align: justify;\">Por su parte, <strong>la alcaldesa de Granada, Marifr\u00e1n Carazo<\/strong>, tambi\u00e9n ha querido recordar al granadino como un artista que supo unir la poes\u00eda popular con la literatura y que ha hecho universal el cante jondo.<\/p>\n<p style=\"text-align: justify;\">Los patronos de Morente, sus hijos, han subido al escenario posteriormente junto a su madre <strong>Aurora Carbonell <\/strong>y el director del Instituto Cervantes, donde han compartido un coloquio contando an\u00e9cdotas y aprendizajes de Morente que les han servido como hoja de ruta en su vida personal y profesional.<\/p>\n<p class=\"sumari\" style=\"text-align: justify;\">Jos\u00e9 Sacrist\u00e1n ha recitado una poes\u00eda de Alberti y Carmen Linares ha interpretado la &#8216;Leyenda del tiempo&#8217;<\/p>\n<p style=\"text-align: justify;\">El toque art\u00edstico ha llegado de la mano de varios amigos de Morente como <strong>Jos\u00e9 Sacrist\u00e1n<\/strong>, que ha recitado una poes\u00eda de Alberti, y la cantaora <strong>Carmen Linares<\/strong>, quien ha estado acompa\u00f1ada a la guitarra por su hijo Edu interpretando la &#8216;Leyenda del tiempo&#8217;, una versi\u00f3n de Morente sobre el poema de Federico Garc\u00eda Lorca.<\/p>\n<p style=\"text-align: justify;\">Asimismo, <strong>Pepe Habichuela<\/strong> no ha querido dejar de estar presente en el homenaje tocando una pieza flamenca que ha puesto en pie a todo el auditorio.<\/p>\n<p style=\"text-align: justify;\">El colof\u00f3n final lo ha puesto la familia Morente, que junto al comp\u00e1s de la guitarra de <strong>Montoyita<\/strong> han hecho part\u00edcipes a los presentes en el auditorio que entre ol\u00e9s y palmas han ovacionado a la familia de artistas.<\/p>\n<\/div>\n<p><strong> <span class=\"autor\"> Europa Press\/IndeGranada<\/span><\/strong><\/p>\n<p>FOTO: Aurora Carbonell deposita en la Caja de las Letras los objetos del legado de Enrique Morente. Fernando S\u00e1nchez\/Europa Press<\/p>\n<p>http:\/\/www.elindependientedegranada.es\/cultura\/familia-enrique-morente-deposita-camara-acorazada-cervantes-careta-panuelo-cantaor<\/p>\n","protected":false},"excerpt":{"rendered":"<p>El Instituto Cervantes ha acogido un acto para honrar la figura del cantaor y su&#8230;<\/p>\n","protected":false},"author":1,"featured_media":67528,"comment_status":"closed","ping_status":"closed","sticky":false,"template":"","format":"standard","meta":{"_coblocks_attr":"","_coblocks_dimensions":"","_coblocks_responsive_height":"","_coblocks_accordion_ie_support":"","jetpack_post_was_ever_published":false,"_jetpack_newsletter_access":"","_jetpack_dont_email_post_to_subs":false,"_jetpack_newsletter_tier_id":0,"_jetpack_memberships_contains_paywalled_content":false,"_jetpack_memberships_contains_paid_content":false,"footnotes":"","jetpack_publicize_message":"","jetpack_publicize_feature_enabled":true,"jetpack_social_post_already_shared":true,"jetpack_social_options":{"image_generator_settings":{"template":"highway","default_image_id":0,"enabled":false},"version":2}},"categories":[10781,44,6937],"tags":[],"class_list":["post-67527","post","type-post","status-publish","format-standard","has-post-thumbnail","hentry","category-granada","category-noticias-de-hoy","category-sociedad"],"jetpack_publicize_connections":[],"jetpack_featured_media_url":"https:\/\/i0.wp.com\/miradordeatarfe.es\/wp-content\/uploads\/2024\/02\/aurora_0.jpg?fit=650%2C433&ssl=1","jetpack_likes_enabled":true,"jetpack_sharing_enabled":true,"_links":{"self":[{"href":"https:\/\/miradordeatarfe.es\/index.php?rest_route=\/wp\/v2\/posts\/67527","targetHints":{"allow":["GET"]}}],"collection":[{"href":"https:\/\/miradordeatarfe.es\/index.php?rest_route=\/wp\/v2\/posts"}],"about":[{"href":"https:\/\/miradordeatarfe.es\/index.php?rest_route=\/wp\/v2\/types\/post"}],"author":[{"embeddable":true,"href":"https:\/\/miradordeatarfe.es\/index.php?rest_route=\/wp\/v2\/users\/1"}],"replies":[{"embeddable":true,"href":"https:\/\/miradordeatarfe.es\/index.php?rest_route=%2Fwp%2Fv2%2Fcomments&post=67527"}],"version-history":[{"count":1,"href":"https:\/\/miradordeatarfe.es\/index.php?rest_route=\/wp\/v2\/posts\/67527\/revisions"}],"predecessor-version":[{"id":67529,"href":"https:\/\/miradordeatarfe.es\/index.php?rest_route=\/wp\/v2\/posts\/67527\/revisions\/67529"}],"wp:featuredmedia":[{"embeddable":true,"href":"https:\/\/miradordeatarfe.es\/index.php?rest_route=\/wp\/v2\/media\/67528"}],"wp:attachment":[{"href":"https:\/\/miradordeatarfe.es\/index.php?rest_route=%2Fwp%2Fv2%2Fmedia&parent=67527"}],"wp:term":[{"taxonomy":"category","embeddable":true,"href":"https:\/\/miradordeatarfe.es\/index.php?rest_route=%2Fwp%2Fv2%2Fcategories&post=67527"},{"taxonomy":"post_tag","embeddable":true,"href":"https:\/\/miradordeatarfe.es\/index.php?rest_route=%2Fwp%2Fv2%2Ftags&post=67527"}],"curies":[{"name":"wp","href":"https:\/\/api.w.org\/{rel}","templated":true}]}}